{"id":16583,"date":"2016-01-18T11:03:58","date_gmt":"2016-01-18T10:03:58","guid":{"rendered":"http:\/\/archiv.schmalspurbahn.de\/?p=16583"},"modified":"2020-08-18T11:28:44","modified_gmt":"2020-08-18T09:28:44","slug":"pressnitztalbahn-wird-fuer-spannendes-jahr-fit-gemacht-derzeit-sind-die-kessel-bei-den-loks-der-pressnitztalbahn-kalt-doch-schon-bald-gibt-es-wieder-dampf-auf-der-strecke-steinbach-joehstadt-aus-fr","status":"publish","type":"post","link":"https:\/\/archiv.schmalspurbahn.de\/?p=16583","title":{"rendered":"Pre\u00dfnitztalbahn wird f\u00fcr spannendes Jahr fit gemacht Derzeit sind die Kessel bei den Loks der Pre\u00dfnitztalbahn kalt. Doch schon bald gibt es wieder Dampf auf der Strecke Steinbach-J\u00f6hstadt., aus Freie Presse"},"content":{"rendered":"<div class=\"shariff\"><ul class=\"shariff-buttons theme-default orientation-horizontal buttonsize-medium\"><li class=\"shariff-button facebook shariff-nocustomcolor\" style=\"background-color:#4273c8\"><a href=\"https:\/\/www.facebook.com\/sharer\/sharer.php?u=https%3A%2F%2Farchiv.schmalspurbahn.de%2F%3Fp%3D16583\" title=\"Bei Facebook teilen\" aria-label=\"Bei Facebook teilen\" role=\"button\" rel=\"nofollow\" class=\"shariff-link\" style=\"; background-color:#3b5998; color:#fff\" target=\"_blank\"><span class=\"shariff-icon\" style=\"\"><svg width=\"32px\" height=\"20px\" xmlns=\"http:\/\/www.w3.org\/2000\/svg\" viewBox=\"0 0 18 32\"><path fill=\"#3b5998\" d=\"M17.1 0.2v4.7h-2.8q-1.5 0-2.1 0.6t-0.5 1.9v3.4h5.2l-0.7 5.3h-4.5v13.6h-5.5v-13.6h-4.5v-5.3h4.5v-3.9q0-3.3 1.9-5.2t5-1.8q2.6 0 4.1 0.2z\"\/><\/svg><\/span><span class=\"shariff-text\">teilen<\/span>&nbsp;<\/a><\/li><li class=\"shariff-button linkedin shariff-nocustomcolor\" style=\"background-color:#1488bf\"><a href=\"https:\/\/www.linkedin.com\/sharing\/share-offsite\/?url=https%3A%2F%2Farchiv.schmalspurbahn.de%2F%3Fp%3D16583\" title=\"Bei LinkedIn teilen\" aria-label=\"Bei LinkedIn teilen\" role=\"button\" rel=\"noopener nofollow\" class=\"shariff-link\" style=\"; background-color:#0077b5; color:#fff\" target=\"_blank\"><span class=\"shariff-icon\" style=\"\"><svg width=\"32px\" height=\"20px\" xmlns=\"http:\/\/www.w3.org\/2000\/svg\" viewBox=\"0 0 27 32\"><path fill=\"#0077b5\" d=\"M6.2 11.2v17.7h-5.9v-17.7h5.9zM6.6 5.7q0 1.3-0.9 2.2t-2.4 0.9h0q-1.5 0-2.4-0.9t-0.9-2.2 0.9-2.2 2.4-0.9 2.4 0.9 0.9 2.2zM27.4 18.7v10.1h-5.9v-9.5q0-1.9-0.7-2.9t-2.3-1.1q-1.1 0-1.9 0.6t-1.2 1.5q-0.2 0.5-0.2 1.4v9.9h-5.9q0-7.1 0-11.6t0-5.3l0-0.9h5.9v2.6h0q0.4-0.6 0.7-1t1-0.9 1.6-0.8 2-0.3q3 0 4.9 2t1.9 6z\"\/><\/svg><\/span><span class=\"shariff-text\">teilen<\/span>&nbsp;<\/a><\/li><li class=\"shariff-button mailto shariff-nocustomcolor\" style=\"background-color:#a8a8a8\"><a href=\"mailto:?body=https%3A%2F%2Farchiv.schmalspurbahn.de%2F%3Fp%3D16583&subject=Pre%C3%9Fnitztalbahn%20wird%20f%C3%BCr%20spannendes%20Jahr%20fit%20gemacht%20Derzeit%20sind%20die%20Kessel%20bei%20den%20Loks%20der%20Pre%C3%9Fnitztalbahn%20kalt.%20Doch%20schon%20bald%20gibt%20es%20wieder%20Dampf%20auf%20der%20Strecke%20Steinbach-J%C3%B6hstadt.%2C%20aus%20Freie%20Presse\" title=\"Per E-Mail versenden\" aria-label=\"Per E-Mail versenden\" role=\"button\" rel=\"noopener nofollow\" class=\"shariff-link\" style=\"; background-color:#999; color:#fff\"><span class=\"shariff-icon\" style=\"\"><svg width=\"32px\" height=\"20px\" xmlns=\"http:\/\/www.w3.org\/2000\/svg\" viewBox=\"0 0 32 32\"><path fill=\"#999\" d=\"M32 12.7v14.2q0 1.2-0.8 2t-2 0.9h-26.3q-1.2 0-2-0.9t-0.8-2v-14.2q0.8 0.9 1.8 1.6 6.5 4.4 8.9 6.1 1 0.8 1.6 1.2t1.7 0.9 2 0.4h0.1q0.9 0 2-0.4t1.7-0.9 1.6-1.2q3-2.2 8.9-6.1 1-0.7 1.8-1.6zM32 7.4q0 1.4-0.9 2.7t-2.2 2.2q-6.7 4.7-8.4 5.8-0.2 0.1-0.7 0.5t-1 0.7-0.9 0.6-1.1 0.5-0.9 0.2h-0.1q-0.4 0-0.9-0.2t-1.1-0.5-0.9-0.6-1-0.7-0.7-0.5q-1.6-1.1-4.7-3.2t-3.6-2.6q-1.1-0.7-2.1-2t-1-2.5q0-1.4 0.7-2.3t2.1-0.9h26.3q1.2 0 2 0.8t0.9 2z\"\/><\/svg><\/span><span class=\"shariff-text\">E-Mail<\/span>&nbsp;<\/a><\/li><li class=\"shariff-button pocket shariff-nocustomcolor\" style=\"background-color:#444\"><a href=\"https:\/\/getpocket.com\/save?url=https%3A%2F%2Farchiv.schmalspurbahn.de%2F%3Fp%3D16583&title=Pre%C3%9Fnitztalbahn%20wird%20f%C3%BCr%20spannendes%20Jahr%20fit%20gemacht%20Derzeit%20sind%20die%20Kessel%20bei%20den%20Loks%20der%20Pre%C3%9Fnitztalbahn%20kalt.%20Doch%20schon%20bald%20gibt%20es%20wieder%20Dampf%20auf%20der%20Strecke%20Steinbach-J%C3%B6hstadt.%2C%20aus%20Freie%20Presse\" title=\"Bei Pocket speichern\" aria-label=\"Bei Pocket speichern\" role=\"button\" rel=\"noopener nofollow\" class=\"shariff-link\" style=\"; background-color:#ff0000; color:#fff\" target=\"_blank\"><span class=\"shariff-icon\" style=\"\"><svg width=\"32px\" height=\"20px\" xmlns=\"http:\/\/www.w3.org\/2000\/svg\" viewBox=\"0 0 27 28\"><path fill=\"#ff0000\" d=\"M24.5 2q1 0 1.7 0.7t0.7 1.7v8.1q0 2.8-1.1 5.3t-2.9 4.3-4.3 2.9-5.2 1.1q-2.7 0-5.2-1.1t-4.3-2.9-2.9-4.3-1.1-5.2v-8.1q0-1 0.7-1.7t1.7-0.7h22zM13.5 18.6q0.7 0 1.3-0.5l6.3-6.1q0.6-0.5 0.6-1.3 0-0.8-0.5-1.3t-1.3-0.5q-0.7 0-1.3 0.5l-5 4.8-5-4.8q-0.5-0.5-1.3-0.5-0.8 0-1.3 0.5t-0.5 1.3q0 0.8 0.6 1.3l6.3 6.1q0.5 0.5 1.3 0.5z\"\/><\/svg><\/span><span class=\"shariff-text\">Pocket<\/span>&nbsp;<\/a><\/li><li class=\"shariff-button rss shariff-nocustomcolor\" style=\"background-color:#ff8c00\"><a href=\"https:\/\/archiv.schmalspurbahn.de\/?feed=rss\" title=\"RSS-feed\" aria-label=\"RSS-feed\" role=\"button\" class=\"shariff-link\" style=\"; background-color:#fe9312; color:#fff\" target=\"_blank\"><span class=\"shariff-icon\" style=\"\"><svg width=\"32px\" height=\"20px\" xmlns=\"http:\/\/www.w3.org\/2000\/svg\" viewBox=\"0 0 32 32\"><path fill=\"#fe9312\" d=\"M4.3 23.5c-2.3 0-4.3 1.9-4.3 4.3 0 2.3 1.9 4.2 4.3 4.2 2.4 0 4.3-1.9 4.3-4.2 0-2.3-1.9-4.3-4.3-4.3zM0 10.9v6.1c4 0 7.7 1.6 10.6 4.4 2.8 2.8 4.4 6.6 4.4 10.6h6.2c0-11.7-9.5-21.1-21.1-21.1zM0 0v6.1c14.2 0 25.8 11.6 25.8 25.9h6.2c0-17.6-14.4-32-32-32z\"\/><\/svg><\/span><span class=\"shariff-text\">RSS-feed<\/span>&nbsp;<\/a><\/li><li class=\"shariff-button tumblr shariff-nocustomcolor\" style=\"background-color:#529ecc\"><a href=\"https:\/\/www.tumblr.com\/widgets\/share\/tool?posttype=link&canonicalUrl=https%3A%2F%2Farchiv.schmalspurbahn.de%2F%3Fp%3D16583&tags=archiv.schmalspurbahn.de\" title=\"Bei tumblr teilen\" aria-label=\"Bei tumblr teilen\" role=\"button\" rel=\"noopener nofollow\" class=\"shariff-link\" style=\"; background-color:#36465d; color:#fff\" target=\"_blank\"><span class=\"shariff-icon\" style=\"\"><svg width=\"32px\" height=\"20px\" xmlns=\"http:\/\/www.w3.org\/2000\/svg\" viewBox=\"0 0 32 32\"><path fill=\"#36465d\" d=\"M18 14l0 7.3c0 1.9 0 2.9 0.2 3.5 0.2 0.5 0.7 1.1 1.2 1.4 0.7 0.4 1.5 0.6 2.4 0.6 1.6 0 2.6-0.2 4.2-1.3v4.8c-1.4 0.6-2.6 1-3.7 1.3-1.1 0.3-2.3 0.4-3.6 0.4-1.5 0-2.3-0.2-3.4-0.6-1.1-0.4-2.1-0.9-2.9-1.6-0.8-0.7-1.3-1.4-1.7-2.2s-0.5-1.9-0.5-3.4v-11.2h-4.3v-4.5c1.3-0.4 2.7-1 3.6-1.8 0.9-0.8 1.6-1.7 2.2-2.7 0.5-1.1 0.9-2.4 1.1-4.1h5.2l0 8h8v6h-8z\"\/><\/svg><\/span><span class=\"shariff-text\">teilen<\/span>&nbsp;<\/a><\/li><li class=\"shariff-button twitter shariff-nocustomcolor\" style=\"background-color:#595959\"><a href=\"https:\/\/twitter.com\/share?url=https%3A%2F%2Farchiv.schmalspurbahn.de%2F%3Fp%3D16583&text=Pre%C3%9Fnitztalbahn%20wird%20f%C3%BCr%20spannendes%20Jahr%20fit%20gemacht%20Derzeit%20sind%20die%20Kessel%20bei%20den%20Loks%20der%20Pre%C3%9Fnitztalbahn%20kalt.%20Doch%20schon%20bald%20gibt%20es%20wieder%20Dampf%20auf%20der%20Strecke%20Steinbach-J%C3%B6hstadt.%2C%20aus%20Freie%20Presse\" title=\"Bei X teilen\" aria-label=\"Bei X teilen\" role=\"button\" rel=\"noopener nofollow\" class=\"shariff-link\" style=\"; background-color:#000; color:#fff\" target=\"_blank\"><span class=\"shariff-icon\" style=\"\"><svg width=\"32px\" height=\"20px\" xmlns=\"http:\/\/www.w3.org\/2000\/svg\" viewBox=\"0 0 24 24\"><path fill=\"#000\" d=\"M14.258 10.152L23.176 0h-2.113l-7.747 8.813L7.133 0H0l9.352 13.328L0 23.973h2.113l8.176-9.309 6.531 9.309h7.133zm-2.895 3.293l-.949-1.328L2.875 1.56h3.246l6.086 8.523.945 1.328 7.91 11.078h-3.246zm0 0\"\/><\/svg><\/span><span class=\"shariff-text\">teilen<\/span>&nbsp;<\/a><\/li><li class=\"shariff-button whatsapp shariff-nocustomcolor\" style=\"background-color:#5cbe4a\"><a href=\"https:\/\/api.whatsapp.com\/send?text=https%3A%2F%2Farchiv.schmalspurbahn.de%2F%3Fp%3D16583%20Pre%C3%9Fnitztalbahn%20wird%20f%C3%BCr%20spannendes%20Jahr%20fit%20gemacht%20Derzeit%20sind%20die%20Kessel%20bei%20den%20Loks%20der%20Pre%C3%9Fnitztalbahn%20kalt.%20Doch%20schon%20bald%20gibt%20es%20wieder%20Dampf%20auf%20der%20Strecke%20Steinbach-J%C3%B6hstadt.%2C%20aus%20Freie%20Presse\" title=\"Bei Whatsapp teilen\" aria-label=\"Bei Whatsapp teilen\" role=\"button\" rel=\"noopener nofollow\" class=\"shariff-link\" style=\"; background-color:#34af23; color:#fff\" target=\"_blank\"><span class=\"shariff-icon\" style=\"\"><svg width=\"32px\" height=\"20px\" xmlns=\"http:\/\/www.w3.org\/2000\/svg\" viewBox=\"0 0 32 32\"><path fill=\"#34af23\" d=\"M17.6 17.4q0.2 0 1.7 0.8t1.6 0.9q0 0.1 0 0.3 0 0.6-0.3 1.4-0.3 0.7-1.3 1.2t-1.8 0.5q-1 0-3.4-1.1-1.7-0.8-3-2.1t-2.6-3.3q-1.3-1.9-1.3-3.5v-0.1q0.1-1.6 1.3-2.8 0.4-0.4 0.9-0.4 0.1 0 0.3 0t0.3 0q0.3 0 0.5 0.1t0.3 0.5q0.1 0.4 0.6 1.6t0.4 1.3q0 0.4-0.6 1t-0.6 0.8q0 0.1 0.1 0.3 0.6 1.3 1.8 2.4 1 0.9 2.7 1.8 0.2 0.1 0.4 0.1 0.3 0 1-0.9t0.9-0.9zM14 26.9q2.3 0 4.3-0.9t3.6-2.4 2.4-3.6 0.9-4.3-0.9-4.3-2.4-3.6-3.6-2.4-4.3-0.9-4.3 0.9-3.6 2.4-2.4 3.6-0.9 4.3q0 3.6 2.1 6.6l-1.4 4.2 4.3-1.4q2.8 1.9 6.2 1.9zM14 2.2q2.7 0 5.2 1.1t4.3 2.9 2.9 4.3 1.1 5.2-1.1 5.2-2.9 4.3-4.3 2.9-5.2 1.1q-3.5 0-6.5-1.7l-7.4 2.4 2.4-7.2q-1.9-3.2-1.9-6.9 0-2.7 1.1-5.2t2.9-4.3 4.3-2.9 5.2-1.1z\"\/><\/svg><\/span><span class=\"shariff-text\">teilen<\/span>&nbsp;<\/a><\/li><li class=\"shariff-button xing shariff-nocustomcolor\" style=\"background-color:#29888a\"><a href=\"https:\/\/www.xing.com\/spi\/shares\/new?url=https%3A%2F%2Farchiv.schmalspurbahn.de%2F%3Fp%3D16583\" title=\"Bei XING teilen\" aria-label=\"Bei XING teilen\" role=\"button\" rel=\"noopener nofollow\" class=\"shariff-link\" style=\"; background-color:#126567; color:#fff\" target=\"_blank\"><span class=\"shariff-icon\" style=\"\"><svg width=\"32px\" height=\"20px\" xmlns=\"http:\/\/www.w3.org\/2000\/svg\" viewBox=\"0 0 25 32\"><path fill=\"#126567\" d=\"M10.7 11.9q-0.2 0.3-4.6 8.2-0.5 0.8-1.2 0.8h-4.3q-0.4 0-0.5-0.3t0-0.6l4.5-8q0 0 0 0l-2.9-5q-0.2-0.4 0-0.7 0.2-0.3 0.5-0.3h4.3q0.7 0 1.2 0.8zM25.1 0.4q0.2 0.3 0 0.7l-9.4 16.7 6 11q0.2 0.4 0 0.6-0.2 0.3-0.6 0.3h-4.3q-0.7 0-1.2-0.8l-6-11.1q0.3-0.6 9.5-16.8 0.4-0.8 1.2-0.8h4.3q0.4 0 0.5 0.3z\"\/><\/svg><\/span><span class=\"shariff-text\">teilen<\/span>&nbsp;<\/a><\/li><\/ul><\/div><p>\n\thttp:\/\/www.freiepresse.de\/LOKALES\/ERZGEBIRGE\/ANNABERG\/Pressnitztalbahn-wird-fuer-spannendes-Jahr-fit-gemacht-artikel9410220.php\n<\/p>\n<h2>\n\tIndes sind kostspielige Untersuchungen an der Technik notwendig.<br \/>\n<\/h2>\n<p>\n\t<em>Von Lothar M&uuml;ller<\/em><br \/>\n\t<em>erschienen am 18.01.2016<\/em><\/p>\n<p><span class=\"hashtag\">\t#<a href=\"https:\/\/archiv.schmalspurbahn.de?s=%23J&ouml;hstadt.\">J&ouml;hstadt.<\/a><\/span> Nach den anstrengenden Fahrtagen im Dezember und &uuml;ber den Jahreswechsel haben die<span class=\"hashtag\"> #<a href=\"https:\/\/archiv.schmalspurbahn.de?s=%23Loks\">Loks<\/a><\/span> der<span class=\"hashtag\"> #<a href=\"https:\/\/archiv.schmalspurbahn.de?s=%23Museumsbahn\">Museumsbahn<\/a><\/span><span class=\"hashtag\"> #<a href=\"https:\/\/archiv.schmalspurbahn.de?s=%23Steinbach-#J&ouml;hstadt\">Steinbach-#J&ouml;hstadt<\/a><\/span> jetzt eine verdiente Ruhepause. Das Feuer ist verl&ouml;scht, die Kessel kalt. Doch viel Zeit zum Verschnaufen bleibt ihnen nicht. &Uuml;ber 20 Veranstaltungen stehen entlang der 8 Kilometer langen Strecke 2016 auf dem Programm. Veranstaltungen, die meist mehrere Fahrtage beinhalten. Und bereits Ende Januar sind<span class=\"hashtag\"> #<a href=\"https:\/\/archiv.schmalspurbahn.de?s=%23Winterdampftage\">Winterdampftage<\/a><\/span> angesagt. Die Verantwortlichen der IG<span class=\"hashtag\"> #<a href=\"https:\/\/archiv.schmalspurbahn.de?s=%23Pre&szlig;nitztalbahn\">Pre&szlig;nitztalbahn<\/a><\/span> sind sich derweil sicher, dass das neue Jahr ebenso erfolgreich verl&auml;uft wie das vergangene.\n<\/p>\n<p>\n\tDie Bahn z&auml;hlte im vergangenen Jahr 33.141 Fahrg&auml;ste und zus&auml;tzlich 8000 Besucher zu den Veranstaltungen. &quot;Wir hatten 115 Betriebstage und das, obwohl alle Mitstreiter dabei ehrenamtlich unterwegs sind&quot;, lobt Gerald<span class=\"hashtag\"> #<a href=\"https:\/\/archiv.schmalspurbahn.de?s=%23Seifert,\">Seifert,<\/a><\/span> stellvertretender Vorsitzender und Gesch&auml;ftsf&uuml;hrer des Vereins, das Engagement der Mitglieder. Zugleich zeigt er sich zufrieden, dass sich die<span class=\"hashtag\"> #<a href=\"https:\/\/archiv.schmalspurbahn.de?s=%23Schmalspurbahn\">Schmalspurbahn<\/a><\/span> weiterhin sehr gro&szlig;er Beliebtheit erfreue. Eine neue Dimension hat seit kurzem die Mitgliederzahl angenommen. 503 Mitstreiter z&auml;hlt die Interessengemeinschaft. Ganze Familien sind im Verein integriert. Aber auch &Ouml;sterreicher, Holl&auml;nder und viele Fans aus den alten Bundesl&auml;ndern geh&ouml;ren der Gemeinschaft an. 100 Mitstreiter bilden den aktiven Kern. &quot;Sie sichern die Fahrtage ab, helfen unter anderem in der Verwaltung oder beim Marketing&quot;, so Seifert. Der Verein pr&auml;sentiert die Museumsbahn immerhin auf &uuml;ber 20 Messen in Deutschland und ist ebenso bei welchen in der Schweiz und Tschechien mit dabei. Bei den Veranstaltungen gibt es in diesem Jahr einige besondere Anl&auml;sse. So feiert die Bahn im Juni das 20-j&auml;hrige Bestehen des Haltepunkts &quot;Forellenhof&quot;. <a href=\"http:\/\/www.freiepresse.de\/LOKALES\/ERZGEBIRGE\/ANNABERG\/Pressnitztalbahn-wird-fuer-spannendes-Jahr-fit-gemacht-artikel9410220.php\">Extra Fahrtage gibt es auch Anfang Juli zum J&ouml;hst&auml;dter Oltimerfest, das &#8230;<\/a><\/p>\n","protected":false},"excerpt":{"rendered":"<p>http:\/\/www.freiepresse.de\/LOKALES\/ERZGEBIRGE\/ANNABERG\/Pressnitztalbahn-wird-fuer-spannendes-Jahr-fit-gemacht-artikel9410220.php Indes sind kostspielige Untersuchungen an der Technik notwendig. Von Lothar M&uuml;ller erschienen am 18.01.2016 #J&ouml;hstadt. Nach den anstrengenden Fahrtagen im Dezember und &uuml;ber den Jahreswechsel haben die #Loks der #Museumsbahn #Steinbach-#J&ouml;hstadt jetzt eine verdiente Ruhepause. Das Feuer ist verl&ouml;scht, die Kessel kalt. Doch viel Zeit zum Verschnaufen bleibt ihnen nicht. &Uuml;ber 20 Veranstaltungen stehen &hellip; <a href=\"https:\/\/archiv.schmalspurbahn.de\/?p=16583\" class=\"more-link\"><span class=\"screen-reader-text\">\u201ePre\u00dfnitztalbahn wird f\u00fcr spannendes Jahr fit gemacht Derzeit sind die Kessel bei den Loks der Pre\u00dfnitztalbahn kalt. Doch schon bald gibt es wieder Dampf auf der Strecke Steinbach-J\u00f6hstadt., aus Freie Presse\u201c <\/span>weiterlesen<\/a><\/p>\n","protected":false},"author":1,"featured_media":0,"comment_status":"open","ping_status":"open","sticky":false,"template":"","format":"standard","meta":{"_crdt_document":"","_jetpack_memberships_contains_paid_content":false,"footnotes":"","_share_on_mastodon":"0"},"categories":[7],"tags":[1055,118,1273,142,304,307,2081],"class_list":["post-16583","post","type-post","status-publish","format-standard","hentry","category-sachsen","tag-loks","tag-museumsbahn","tag-pre","tag-schmalspurbahn","tag-seifert","tag-steinbach","tag-winterdampftage"],"share_on_mastodon":{"url":"","error":""},"jetpack_featured_media_url":"","jetpack_sharing_enabled":true,"amp_enabled":true,"_links":{"self":[{"href":"https:\/\/archiv.schmalspurbahn.de\/index.php?rest_route=\/wp\/v2\/posts\/16583","targetHints":{"allow":["GET"]}}],"collection":[{"href":"https:\/\/archiv.schmalspurbahn.de\/index.php?rest_route=\/wp\/v2\/posts"}],"about":[{"href":"https:\/\/archiv.schmalspurbahn.de\/index.php?rest_route=\/wp\/v2\/types\/post"}],"author":[{"embeddable":true,"href":"https:\/\/archiv.schmalspurbahn.de\/index.php?rest_route=\/wp\/v2\/users\/1"}],"replies":[{"embeddable":true,"href":"https:\/\/archiv.schmalspurbahn.de\/index.php?rest_route=%2Fwp%2Fv2%2Fcomments&post=16583"}],"version-history":[{"count":1,"href":"https:\/\/archiv.schmalspurbahn.de\/index.php?rest_route=\/wp\/v2\/posts\/16583\/revisions"}],"predecessor-version":[{"id":19422,"href":"https:\/\/archiv.schmalspurbahn.de\/index.php?rest_route=\/wp\/v2\/posts\/16583\/revisions\/19422"}],"wp:attachment":[{"href":"https:\/\/archiv.schmalspurbahn.de\/index.php?rest_route=%2Fwp%2Fv2%2Fmedia&parent=16583"}],"wp:term":[{"taxonomy":"category","embeddable":true,"href":"https:\/\/archiv.schmalspurbahn.de\/index.php?rest_route=%2Fwp%2Fv2%2Fcategories&post=16583"},{"taxonomy":"post_tag","embeddable":true,"href":"https:\/\/archiv.schmalspurbahn.de\/index.php?rest_route=%2Fwp%2Fv2%2Ftags&post=16583"}],"curies":[{"name":"wp","href":"https:\/\/api.w.org\/{rel}","templated":true}]}}