{"id":16839,"date":"2016-09-09T19:41:54","date_gmt":"2016-09-09T17:41:54","guid":{"rendered":"http:\/\/archiv.schmalspurbahn.de\/?p=16839"},"modified":"2020-08-18T11:25:53","modified_gmt":"2020-08-18T09:25:53","slug":"25-jahre-wiederaufnahme-des-zugverkehrs-zum-brocken-am-17-september-in-wernigerode-grosses-kinder-und-familienfest-mit-vielen-attraktionen-und-sonderpreis-zum-brocken-noch-tickets","status":"publish","type":"post","link":"https:\/\/archiv.schmalspurbahn.de\/?p=16839","title":{"rendered":"\u201e25 Jahre Wiederaufnahme des Zugverkehrs zum Brocken\u201c am 17. September in Wernigerode: Gro\u00dfes Kinder- und Familienfest mit vielen Attraktionen und Sonderpreis zum Brocken Noch Tickets f\u00fcr historische Jubil\u00e4umsfahrt zum h\u00f6chsten Harzgipfel erh\u00e4ltlich"},"content":{"rendered":"<div class=\"shariff\"><ul class=\"shariff-buttons theme-default orientation-horizontal buttonsize-medium\"><li class=\"shariff-button facebook shariff-nocustomcolor\" style=\"background-color:#4273c8\"><a href=\"https:\/\/www.facebook.com\/sharer\/sharer.php?u=https%3A%2F%2Farchiv.schmalspurbahn.de%2F%3Fp%3D16839\" title=\"Bei Facebook teilen\" aria-label=\"Bei Facebook teilen\" role=\"button\" rel=\"nofollow\" class=\"shariff-link\" style=\"; background-color:#3b5998; color:#fff\" target=\"_blank\"><span class=\"shariff-icon\" style=\"\"><svg width=\"32px\" height=\"20px\" xmlns=\"http:\/\/www.w3.org\/2000\/svg\" viewBox=\"0 0 18 32\"><path fill=\"#3b5998\" d=\"M17.1 0.2v4.7h-2.8q-1.5 0-2.1 0.6t-0.5 1.9v3.4h5.2l-0.7 5.3h-4.5v13.6h-5.5v-13.6h-4.5v-5.3h4.5v-3.9q0-3.3 1.9-5.2t5-1.8q2.6 0 4.1 0.2z\"\/><\/svg><\/span><span class=\"shariff-text\">teilen<\/span>&nbsp;<\/a><\/li><li class=\"shariff-button linkedin shariff-nocustomcolor\" style=\"background-color:#1488bf\"><a href=\"https:\/\/www.linkedin.com\/sharing\/share-offsite\/?url=https%3A%2F%2Farchiv.schmalspurbahn.de%2F%3Fp%3D16839\" title=\"Bei LinkedIn teilen\" aria-label=\"Bei LinkedIn teilen\" role=\"button\" rel=\"noopener nofollow\" class=\"shariff-link\" style=\"; background-color:#0077b5; color:#fff\" target=\"_blank\"><span class=\"shariff-icon\" style=\"\"><svg width=\"32px\" height=\"20px\" xmlns=\"http:\/\/www.w3.org\/2000\/svg\" viewBox=\"0 0 27 32\"><path fill=\"#0077b5\" d=\"M6.2 11.2v17.7h-5.9v-17.7h5.9zM6.6 5.7q0 1.3-0.9 2.2t-2.4 0.9h0q-1.5 0-2.4-0.9t-0.9-2.2 0.9-2.2 2.4-0.9 2.4 0.9 0.9 2.2zM27.4 18.7v10.1h-5.9v-9.5q0-1.9-0.7-2.9t-2.3-1.1q-1.1 0-1.9 0.6t-1.2 1.5q-0.2 0.5-0.2 1.4v9.9h-5.9q0-7.1 0-11.6t0-5.3l0-0.9h5.9v2.6h0q0.4-0.6 0.7-1t1-0.9 1.6-0.8 2-0.3q3 0 4.9 2t1.9 6z\"\/><\/svg><\/span><span class=\"shariff-text\">teilen<\/span>&nbsp;<\/a><\/li><li class=\"shariff-button mailto shariff-nocustomcolor\" style=\"background-color:#a8a8a8\"><a href=\"mailto:?body=https%3A%2F%2Farchiv.schmalspurbahn.de%2F%3Fp%3D16839&subject=%E2%80%9E25%20Jahre%20Wiederaufnahme%20des%20Zugverkehrs%20zum%20Brocken%E2%80%9C%20am%2017.%20September%20in%20Wernigerode%3A%20Gro%C3%9Fes%20Kinder-%20und%20Familienfest%20mit%20vielen%20Attraktionen%20und%20Sonderpreis%20zum%20Brocken%20Noch%20Tickets%20f%C3%BCr%20historische%20Jubil%C3%A4umsfahrt%20zum%20h%C3%B6chsten%20Harzgipfel%20erh%C3%A4ltlich\" title=\"Per E-Mail versenden\" aria-label=\"Per E-Mail versenden\" role=\"button\" rel=\"noopener nofollow\" class=\"shariff-link\" style=\"; background-color:#999; color:#fff\"><span class=\"shariff-icon\" style=\"\"><svg width=\"32px\" height=\"20px\" xmlns=\"http:\/\/www.w3.org\/2000\/svg\" viewBox=\"0 0 32 32\"><path fill=\"#999\" d=\"M32 12.7v14.2q0 1.2-0.8 2t-2 0.9h-26.3q-1.2 0-2-0.9t-0.8-2v-14.2q0.8 0.9 1.8 1.6 6.5 4.4 8.9 6.1 1 0.8 1.6 1.2t1.7 0.9 2 0.4h0.1q0.9 0 2-0.4t1.7-0.9 1.6-1.2q3-2.2 8.9-6.1 1-0.7 1.8-1.6zM32 7.4q0 1.4-0.9 2.7t-2.2 2.2q-6.7 4.7-8.4 5.8-0.2 0.1-0.7 0.5t-1 0.7-0.9 0.6-1.1 0.5-0.9 0.2h-0.1q-0.4 0-0.9-0.2t-1.1-0.5-0.9-0.6-1-0.7-0.7-0.5q-1.6-1.1-4.7-3.2t-3.6-2.6q-1.1-0.7-2.1-2t-1-2.5q0-1.4 0.7-2.3t2.1-0.9h26.3q1.2 0 2 0.8t0.9 2z\"\/><\/svg><\/span><span class=\"shariff-text\">E-Mail<\/span>&nbsp;<\/a><\/li><li class=\"shariff-button pocket shariff-nocustomcolor\" style=\"background-color:#444\"><a href=\"https:\/\/getpocket.com\/save?url=https%3A%2F%2Farchiv.schmalspurbahn.de%2F%3Fp%3D16839&title=%E2%80%9E25%20Jahre%20Wiederaufnahme%20des%20Zugverkehrs%20zum%20Brocken%E2%80%9C%20am%2017.%20September%20in%20Wernigerode%3A%20Gro%C3%9Fes%20Kinder-%20und%20Familienfest%20mit%20vielen%20Attraktionen%20und%20Sonderpreis%20zum%20Brocken%20Noch%20Tickets%20f%C3%BCr%20historische%20Jubil%C3%A4umsfahrt%20zum%20h%C3%B6chsten%20Harzgipfel%20erh%C3%A4ltlich\" title=\"Bei Pocket speichern\" aria-label=\"Bei Pocket speichern\" role=\"button\" rel=\"noopener nofollow\" class=\"shariff-link\" style=\"; background-color:#ff0000; color:#fff\" target=\"_blank\"><span class=\"shariff-icon\" style=\"\"><svg width=\"32px\" height=\"20px\" xmlns=\"http:\/\/www.w3.org\/2000\/svg\" viewBox=\"0 0 27 28\"><path fill=\"#ff0000\" d=\"M24.5 2q1 0 1.7 0.7t0.7 1.7v8.1q0 2.8-1.1 5.3t-2.9 4.3-4.3 2.9-5.2 1.1q-2.7 0-5.2-1.1t-4.3-2.9-2.9-4.3-1.1-5.2v-8.1q0-1 0.7-1.7t1.7-0.7h22zM13.5 18.6q0.7 0 1.3-0.5l6.3-6.1q0.6-0.5 0.6-1.3 0-0.8-0.5-1.3t-1.3-0.5q-0.7 0-1.3 0.5l-5 4.8-5-4.8q-0.5-0.5-1.3-0.5-0.8 0-1.3 0.5t-0.5 1.3q0 0.8 0.6 1.3l6.3 6.1q0.5 0.5 1.3 0.5z\"\/><\/svg><\/span><span class=\"shariff-text\">Pocket<\/span>&nbsp;<\/a><\/li><li class=\"shariff-button rss shariff-nocustomcolor\" style=\"background-color:#ff8c00\"><a href=\"https:\/\/archiv.schmalspurbahn.de\/?feed=rss\" title=\"RSS-feed\" aria-label=\"RSS-feed\" role=\"button\" class=\"shariff-link\" style=\"; background-color:#fe9312; color:#fff\" target=\"_blank\"><span class=\"shariff-icon\" style=\"\"><svg width=\"32px\" height=\"20px\" xmlns=\"http:\/\/www.w3.org\/2000\/svg\" viewBox=\"0 0 32 32\"><path fill=\"#fe9312\" d=\"M4.3 23.5c-2.3 0-4.3 1.9-4.3 4.3 0 2.3 1.9 4.2 4.3 4.2 2.4 0 4.3-1.9 4.3-4.2 0-2.3-1.9-4.3-4.3-4.3zM0 10.9v6.1c4 0 7.7 1.6 10.6 4.4 2.8 2.8 4.4 6.6 4.4 10.6h6.2c0-11.7-9.5-21.1-21.1-21.1zM0 0v6.1c14.2 0 25.8 11.6 25.8 25.9h6.2c0-17.6-14.4-32-32-32z\"\/><\/svg><\/span><span class=\"shariff-text\">RSS-feed<\/span>&nbsp;<\/a><\/li><li class=\"shariff-button tumblr shariff-nocustomcolor\" style=\"background-color:#529ecc\"><a href=\"https:\/\/www.tumblr.com\/widgets\/share\/tool?posttype=link&canonicalUrl=https%3A%2F%2Farchiv.schmalspurbahn.de%2F%3Fp%3D16839&tags=archiv.schmalspurbahn.de\" title=\"Bei tumblr teilen\" aria-label=\"Bei tumblr teilen\" role=\"button\" rel=\"noopener nofollow\" class=\"shariff-link\" style=\"; background-color:#36465d; color:#fff\" target=\"_blank\"><span class=\"shariff-icon\" style=\"\"><svg width=\"32px\" height=\"20px\" xmlns=\"http:\/\/www.w3.org\/2000\/svg\" viewBox=\"0 0 32 32\"><path fill=\"#36465d\" d=\"M18 14l0 7.3c0 1.9 0 2.9 0.2 3.5 0.2 0.5 0.7 1.1 1.2 1.4 0.7 0.4 1.5 0.6 2.4 0.6 1.6 0 2.6-0.2 4.2-1.3v4.8c-1.4 0.6-2.6 1-3.7 1.3-1.1 0.3-2.3 0.4-3.6 0.4-1.5 0-2.3-0.2-3.4-0.6-1.1-0.4-2.1-0.9-2.9-1.6-0.8-0.7-1.3-1.4-1.7-2.2s-0.5-1.9-0.5-3.4v-11.2h-4.3v-4.5c1.3-0.4 2.7-1 3.6-1.8 0.9-0.8 1.6-1.7 2.2-2.7 0.5-1.1 0.9-2.4 1.1-4.1h5.2l0 8h8v6h-8z\"\/><\/svg><\/span><span class=\"shariff-text\">teilen<\/span>&nbsp;<\/a><\/li><li class=\"shariff-button twitter shariff-nocustomcolor\" style=\"background-color:#595959\"><a href=\"https:\/\/twitter.com\/share?url=https%3A%2F%2Farchiv.schmalspurbahn.de%2F%3Fp%3D16839&text=%E2%80%9E25%20Jahre%20Wiederaufnahme%20des%20Zugverkehrs%20zum%20Brocken%E2%80%9C%20am%2017.%20September%20in%20Wernigerode%3A%20Gro%C3%9Fes%20Kinder-%20und%20Familienfest%20mit%20vielen%20Attraktionen%20und%20Sonderpreis%20zum%20Brocken%20Noch%20Tickets%20f%C3%BCr%20historische%20Jubil%C3%A4umsfahrt%20zum%20h%C3%B6chsten%20Harzgipfel%20erh%C3%A4ltlich\" title=\"Bei X teilen\" aria-label=\"Bei X teilen\" role=\"button\" rel=\"noopener nofollow\" class=\"shariff-link\" style=\"; background-color:#000; color:#fff\" target=\"_blank\"><span class=\"shariff-icon\" style=\"\"><svg width=\"32px\" height=\"20px\" xmlns=\"http:\/\/www.w3.org\/2000\/svg\" viewBox=\"0 0 24 24\"><path fill=\"#000\" d=\"M14.258 10.152L23.176 0h-2.113l-7.747 8.813L7.133 0H0l9.352 13.328L0 23.973h2.113l8.176-9.309 6.531 9.309h7.133zm-2.895 3.293l-.949-1.328L2.875 1.56h3.246l6.086 8.523.945 1.328 7.91 11.078h-3.246zm0 0\"\/><\/svg><\/span><span class=\"shariff-text\">teilen<\/span>&nbsp;<\/a><\/li><li class=\"shariff-button whatsapp shariff-nocustomcolor\" style=\"background-color:#5cbe4a\"><a href=\"https:\/\/api.whatsapp.com\/send?text=https%3A%2F%2Farchiv.schmalspurbahn.de%2F%3Fp%3D16839%20%E2%80%9E25%20Jahre%20Wiederaufnahme%20des%20Zugverkehrs%20zum%20Brocken%E2%80%9C%20am%2017.%20September%20in%20Wernigerode%3A%20Gro%C3%9Fes%20Kinder-%20und%20Familienfest%20mit%20vielen%20Attraktionen%20und%20Sonderpreis%20zum%20Brocken%20Noch%20Tickets%20f%C3%BCr%20historische%20Jubil%C3%A4umsfahrt%20zum%20h%C3%B6chsten%20Harzgipfel%20erh%C3%A4ltlich\" title=\"Bei Whatsapp teilen\" aria-label=\"Bei Whatsapp teilen\" role=\"button\" rel=\"noopener nofollow\" class=\"shariff-link\" style=\"; background-color:#34af23; color:#fff\" target=\"_blank\"><span class=\"shariff-icon\" style=\"\"><svg width=\"32px\" height=\"20px\" xmlns=\"http:\/\/www.w3.org\/2000\/svg\" viewBox=\"0 0 32 32\"><path fill=\"#34af23\" d=\"M17.6 17.4q0.2 0 1.7 0.8t1.6 0.9q0 0.1 0 0.3 0 0.6-0.3 1.4-0.3 0.7-1.3 1.2t-1.8 0.5q-1 0-3.4-1.1-1.7-0.8-3-2.1t-2.6-3.3q-1.3-1.9-1.3-3.5v-0.1q0.1-1.6 1.3-2.8 0.4-0.4 0.9-0.4 0.1 0 0.3 0t0.3 0q0.3 0 0.5 0.1t0.3 0.5q0.1 0.4 0.6 1.6t0.4 1.3q0 0.4-0.6 1t-0.6 0.8q0 0.1 0.1 0.3 0.6 1.3 1.8 2.4 1 0.9 2.7 1.8 0.2 0.1 0.4 0.1 0.3 0 1-0.9t0.9-0.9zM14 26.9q2.3 0 4.3-0.9t3.6-2.4 2.4-3.6 0.9-4.3-0.9-4.3-2.4-3.6-3.6-2.4-4.3-0.9-4.3 0.9-3.6 2.4-2.4 3.6-0.9 4.3q0 3.6 2.1 6.6l-1.4 4.2 4.3-1.4q2.8 1.9 6.2 1.9zM14 2.2q2.7 0 5.2 1.1t4.3 2.9 2.9 4.3 1.1 5.2-1.1 5.2-2.9 4.3-4.3 2.9-5.2 1.1q-3.5 0-6.5-1.7l-7.4 2.4 2.4-7.2q-1.9-3.2-1.9-6.9 0-2.7 1.1-5.2t2.9-4.3 4.3-2.9 5.2-1.1z\"\/><\/svg><\/span><span class=\"shariff-text\">teilen<\/span>&nbsp;<\/a><\/li><li class=\"shariff-button xing shariff-nocustomcolor\" style=\"background-color:#29888a\"><a href=\"https:\/\/www.xing.com\/spi\/shares\/new?url=https%3A%2F%2Farchiv.schmalspurbahn.de%2F%3Fp%3D16839\" title=\"Bei XING teilen\" aria-label=\"Bei XING teilen\" role=\"button\" rel=\"noopener nofollow\" class=\"shariff-link\" style=\"; background-color:#126567; color:#fff\" target=\"_blank\"><span class=\"shariff-icon\" style=\"\"><svg width=\"32px\" height=\"20px\" xmlns=\"http:\/\/www.w3.org\/2000\/svg\" viewBox=\"0 0 25 32\"><path fill=\"#126567\" d=\"M10.7 11.9q-0.2 0.3-4.6 8.2-0.5 0.8-1.2 0.8h-4.3q-0.4 0-0.5-0.3t0-0.6l4.5-8q0 0 0 0l-2.9-5q-0.2-0.4 0-0.7 0.2-0.3 0.5-0.3h4.3q0.7 0 1.2 0.8zM25.1 0.4q0.2 0.3 0 0.7l-9.4 16.7 6 11q0.2 0.4 0 0.6-0.2 0.3-0.6 0.3h-4.3q-0.7 0-1.2-0.8l-6-11.1q0.3-0.6 9.5-16.8 0.4-0.8 1.2-0.8h4.3q0.4 0 0.5 0.3z\"\/><\/svg><\/span><span class=\"shariff-text\">teilen<\/span>&nbsp;<\/a><\/li><\/ul><\/div><p>\n\t&nbsp;www.hsb-wr.de\n<\/p>\n<p>\n\t<a href=\"https:\/\/archiv.schmalspurbahn.de\/?tag=wernigerode\">#Wernigerode<\/a> &ndash; Als H&ouml;hepunkt ihres Jubil&auml;umsjahres &bdquo;25 Jahre<span class=\"hashtag\"> #<a href=\"https:\/\/archiv.schmalspurbahn.de?s=%23Volldampf\">Volldampf<\/a><\/span> in<br \/>\n\tFreiheit&ldquo; l&auml;dt die Harzer<span class=\"hashtag\"> #<a href=\"https:\/\/archiv.schmalspurbahn.de?s=%23Schmalspurbahnen\">Schmalspurbahnen<\/a><\/span> GmbH (<a href=\"https:\/\/archiv.schmalspurbahn.de\/?tag=hsb\">#HSB<\/a>) am 17. September zum<br \/>\n\tgro&szlig;en Kinder- und<span class=\"hashtag\"> #<a href=\"https:\/\/archiv.schmalspurbahn.de?s=%23Familienfest\">Familienfest<\/a><\/span> in Wernigerode ein. Anl&auml;sslich des 25.<br \/>\n\tGeburtstages der<span class=\"hashtag\"> #<a href=\"https:\/\/archiv.schmalspurbahn.de?s=%23Wiederaufnahme\">Wiederaufnahme<\/a><\/span> des Zugverkehrs zum<span class=\"hashtag\"> #<a href=\"https:\/\/archiv.schmalspurbahn.de?s=%23Brocken\">Brocken<\/a><\/span> wird am<br \/>\n\t<a href=\"https:\/\/archiv.schmalspurbahn.de\/?tag=westerntor\">#Westerntor<\/a>-Bahnhof sowie auf dem Ochsenteichgel&auml;nde ein buntes<br \/>\n\tFamilienprogramm geboten. Dar&uuml;ber hinaus verkehren zwei<span class=\"hashtag\"> #<a href=\"https:\/\/archiv.schmalspurbahn.de?s=%23Sonderz&uuml;ge\">Sonderz&uuml;ge<\/a><\/span> zum<br \/>\n\th&ouml;chsten Harzgipfel. Zudem gilt an diesem Tag f&uuml;r alle Fahrten hierher ein<br \/>\n\tverg&uuml;nstigter Sonderpreis in H&ouml;he von nur 25,00 Euro.<br \/>\n\tZur gro&szlig;en Freude zahlloser Bahnfreunde und Urlauber schnaufen seit &uuml;ber 129<br \/>\n\tJahren t&auml;glich die Dampfz&uuml;ge der Harzer Schmalspurbahnen durch das n&ouml;rdlichste<br \/>\n\tMittelgebirge Deutschlands. F&uuml;r die meisten Brockenbesucher gilt es heute als<br \/>\n\tselbstverst&auml;ndlich, den Gipfel per Bahn zu erklimmen. Doch das war nicht immer<br \/>\n\tso. F&uuml;r &uuml;ber drei&szlig;ig Jahre lag der Berg ab 1961 im Zentrum einer<br \/>\n\tun&uuml;berwindbaren Grenze, die sich quer durch den europ&auml;ischen Kontinent zog. Der<br \/>\n\tGipfel war f&uuml;r alle Menschen in Ost und West unerreichbar, auch die beliebte<br \/>\n\tBrockenbahn durfte keine Passagiere mehr bef&ouml;rdern. Umso gr&ouml;&szlig;er war die<br \/>\n\tFreude, als die &Ouml;ffnung der politischen Grenzen die Wiederaufnahme des<br \/>\n\tPersonenverkehrs erm&ouml;glichte. Am 15. September 1991 fuhren die ersten Z&uuml;ge<br \/>\n\twieder hinauf zum h&ouml;chsten Harzgipfel. Zehntausende jubelten damals entlang<br \/>\n\tder Strecke.<br \/>\n\tEin bedeutendes historisches Ereignis, nicht nur f&uuml;r Bahnfreunde, sondern<br \/>\n\tinsbesondere auch f&uuml;r die Harzregion. Nur zwei Monate sp&auml;ter erfolgte die<br \/>\n\tGr&uuml;ndung der HSB, der Weg zu einem der gr&ouml;&szlig;ten Tourismusmagneten war<br \/>\n\tgeebnet. Zur Erinnerung an diese wichtige Weichenstellung vor 25 Jahren wird die<br \/>\n\tHSB am 17. September ein gro&szlig;es Kinder- und Familienfest am Bahnhof<br \/>\n\tWernigerode Westerntor veranstalten. Unter dem Motto &bdquo;25 Jahre Volldampf in<br \/>\n\tFreiheit&ldquo; verwandeln sich der Bahnhof sowie das angrenzende<br \/>\n\tOchsenteichgel&auml;nde von 10:00 bis 18:00 Uhr in eine bunte Festmeile mit vielen<br \/>\n\tAttraktionen f&uuml;r Gro&szlig; und Klein. So wird die beliebte Kindereisenbahn der HSB<br \/>\n\tdampfend ihre Runden drehen und eine riesige H&uuml;pf-Lok mit Anh&auml;ngern zum<br \/>\n\tausgelassenen Toben einladen. Neben vielen weiteren Spielm&ouml;glichkeiten z&auml;hlen<br \/>\n\tu. a. auch ein Segway-Parcours sowie verschiedene<span class=\"hashtag\"> #<a href=\"https:\/\/archiv.schmalspurbahn.de?s=%23Modellbahnausstellungen\">Modellbahnausstellungen<\/a><\/span> zu<br \/>\n\tden Attraktionen des Festes. In der<span class=\"hashtag\"> #<a href=\"https:\/\/archiv.schmalspurbahn.de?s=%23Fahrzeugwerkstatt\">Fahrzeugwerkstatt<\/a><\/span> der HSB werden tags&uuml;ber<br \/>\n\tzahlreiche F&uuml;hrungen angeboten, und zwischen den Bahnh&ouml;fen Wernigerode und<br \/>\n\tWernigerode Westerntor wird mehrmals der historische<span class=\"hashtag\"> #<a href=\"https:\/\/archiv.schmalspurbahn.de?s=%23Triebwagen\">Triebwagen<\/a><\/span> &bdquo;T1&ldquo; aus dem<br \/>\n\tJahre 1933 pendeln. Verschiedene Informations- und Souvenirst&auml;nde erg&auml;nzen<br \/>\n\tdas Angebot, auch f&uuml;r das leibliche Wohl ist gesorgt.<br \/>\n\tEine weitere Besonderheit des Festes stellt die nachmitt&auml;gliche Finalrunde des<br \/>\n\tHarzer Tourismusverbandes e. V. (HTV) zur Ermittlung des &bdquo;Harz-Experten 2016&ldquo;<br \/>\n\tdar. Bereits seit drei Monaten sucht der HTV in Form eines Online-Quiz den<br \/>\n\tdiesj&auml;hrigen Champion. Auf der Festb&uuml;hne werden jetzt die zehn besten<br \/>\n\tKandidaten gegeneinander antreten und Fragen zu Sehensw&uuml;rdigkeiten,<br \/>\n\tFreizeiteinrichtungen, Geschichte, Flora, Fauna und Besonderheiten des Harzes<br \/>\n\tbeantworten. Zu den musikalischen H&ouml;hepunkten des Tages z&auml;hlen die &bdquo;Rock<br \/>\n\tDevilz&ldquo; mit feinstem Melodic Rock und die Band &bdquo;Chili Berlin&ldquo; mit Country- und<br \/>\n\tOldiesongs. Als Stargast wird am Nachmittag Diana Maria Krieger auf der<br \/>\n\tFestb&uuml;hne erwartet.<br \/>\n\tWie vor 25 Jahren werden auch wieder zwei historische Dampfsonderz&uuml;ge zum<br \/>\n\tBrocken verkehren. Im Goethesaal der Brockenherberge wird anschlie&szlig;end eine<br \/>\n\toffizielle Feierstunde in Anwesenheit des Th&uuml;ringer Ministerpr&auml;sidenten Bodo<br \/>\n\tRamelow sowie Sachsen-Anhalts Verkehrsminister Thomas Webel stattfinden. Der<br \/>\n\terste Sonderzug mit Ehreng&auml;sten wird dabei kurz nach seiner Abfahrt gegen<br \/>\n\t12:30 Uhr eine symbolische &bdquo;Mauer&ldquo; am Bahnhof Wernigerode Westerntor<br \/>\n\tdurchfahren. Gemeinsam werden diesen ganz besonderen H&ouml;hepunkt des Festes<br \/>\n\tder gro&szlig;e Chor des Werniger&ouml;der Stadtfeld-Gymnasiums und die Band &bdquo;Rock<br \/>\n\tDevilz&ldquo; musikalisch im Sinne von &bdquo;25 Jahre Volldampf in Freiheit&ldquo; begleiten.<br \/>\n\tF&uuml;r den zweiten Sonderzug, der um 12:53 Uhr ab Wernigerode &ouml;ffentlich zum<br \/>\n\tBrocken fahren wird, sind derzeit noch Tickets erh&auml;ltlich. Zu den Leistungen dieser<br \/>\n\tau&szlig;ergew&ouml;hnlichen Sonderfahrt z&auml;hlen neben einer Sitzplatzgarantie ein<br \/>\n\tJubil&auml;umstrunk und Dampfsekt zur Begr&uuml;&szlig;ung sowie eine Erbsensuppe inklusive<br \/>\n\tFreigetr&auml;nk auf dem Brocken. Im Reisepreis von 25,00 Euro ist auch eine<br \/>\n\tfachkundige Reiseleitung eingeschlossen. Mittels moderner &Uuml;bertragungstechnik<br \/>\n\tkann die offizielle Feierstunde im Goethesaal mitverfolgt werden. Die R&uuml;ckkehr ist<br \/>\n\tum 20:30 Uhr in Wernigerode vorgesehen.<br \/>\n\tUnd noch eine weitere, ganz besondere &Uuml;berraschung h&auml;lt die HSB f&uuml;r den 17.<br \/>\n\tSeptember parat: F&uuml;r alle Brockenfahrten, egal von welcher Station im 140,4 km<br \/>\n\tlangen Streckennetz, gilt an diesem Tag &ndash; in Anlehnung an das Motto des<br \/>\n\tJubil&auml;umsjahres &#8211; ein symbolischer Preis f&uuml;r die Hin- und R&uuml;ckfahrt in H&ouml;he von<br \/>\n\tnur 25,00 Euro.<br \/>\n\tIm Zusammenhang mit dem gro&szlig;en Kinder- und Familienfest der HSB werden der<br \/>\n\tStra&szlig;enzug &bdquo;Unter den Zindeln&ldquo; sowie der hier befindliche Parkplatz vom 16.<br \/>\n\tSeptember um 07:00 Uhr bis zum 19. September um 12:00 Uhr gesperrt.<br \/>\n\tInformationen rund um die Festveranstaltung sowie Tickets f&uuml;r den Sonderzug<br \/>\n\tsind bei der HSB online unter www.hsb-wr.de, telefonisch unter 03943\/558-0<br \/>\n\tsowie an allen Verkaufsstellen erh&auml;ltlich.<\/p>\n","protected":false},"excerpt":{"rendered":"<p>&nbsp;www.hsb-wr.de #Wernigerode &ndash; Als H&ouml;hepunkt ihres Jubil&auml;umsjahres &bdquo;25 Jahre #Volldampf in Freiheit&ldquo; l&auml;dt die Harzer #Schmalspurbahnen GmbH (#HSB) am 17. September zum gro&szlig;en Kinder- und #Familienfest in Wernigerode ein. Anl&auml;sslich des 25. Geburtstages der #Wiederaufnahme des Zugverkehrs zum #Brocken wird am #Westerntor-Bahnhof sowie auf dem Ochsenteichgel&auml;nde ein buntes Familienprogramm geboten. Dar&uuml;ber hinaus verkehren zwei #Sonderz&uuml;ge &hellip; <a href=\"https:\/\/archiv.schmalspurbahn.de\/?p=16839\" class=\"more-link\"><span class=\"screen-reader-text\">\u201e\u201e25 Jahre Wiederaufnahme des Zugverkehrs zum Brocken\u201c am 17. September in Wernigerode: Gro\u00dfes Kinder- und Familienfest mit vielen Attraktionen und Sonderpreis zum Brocken Noch Tickets f\u00fcr historische Jubil\u00e4umsfahrt zum h\u00f6chsten Harzgipfel erh\u00e4ltlich\u201c <\/span>weiterlesen<\/a><\/p>\n","protected":false},"author":1,"featured_media":0,"comment_status":"open","ping_status":"open","sticky":false,"template":"","format":"standard","meta":{"_crdt_document":"","_jetpack_memberships_contains_paid_content":false,"footnotes":"","_share_on_mastodon":"0"},"categories":[5,4,3],"tags":[243,110,716,103,1940,102,1732,137,108,101,1614,1939],"class_list":["post-16839","post","type-post","status-publish","format-standard","hentry","category-harz","category-sachsen-anhalt","category-thueringen","tag-brocken","tag-fahrzeugwerkstatt","tag-familienfest","tag-hsb","tag-modellbahnausstellungen","tag-schmalspurbahnen","tag-sonderz","tag-triebwagen","tag-volldampf","tag-wernigerode","tag-westerntor","tag-wiederaufnahme"],"share_on_mastodon":{"url":"","error":""},"jetpack_featured_media_url":"","jetpack_sharing_enabled":true,"amp_enabled":true,"_links":{"self":[{"href":"https:\/\/archiv.schmalspurbahn.de\/index.php?rest_route=\/wp\/v2\/posts\/16839","targetHints":{"allow":["GET"]}}],"collection":[{"href":"https:\/\/archiv.schmalspurbahn.de\/index.php?rest_route=\/wp\/v2\/posts"}],"about":[{"href":"https:\/\/archiv.schmalspurbahn.de\/index.php?rest_route=\/wp\/v2\/types\/post"}],"author":[{"embeddable":true,"href":"https:\/\/archiv.schmalspurbahn.de\/index.php?rest_route=\/wp\/v2\/users\/1"}],"replies":[{"embeddable":true,"href":"https:\/\/archiv.schmalspurbahn.de\/index.php?rest_route=%2Fwp%2Fv2%2Fcomments&post=16839"}],"version-history":[{"count":1,"href":"https:\/\/archiv.schmalspurbahn.de\/index.php?rest_route=\/wp\/v2\/posts\/16839\/revisions"}],"predecessor-version":[{"id":19310,"href":"https:\/\/archiv.schmalspurbahn.de\/index.php?rest_route=\/wp\/v2\/posts\/16839\/revisions\/19310"}],"wp:attachment":[{"href":"https:\/\/archiv.schmalspurbahn.de\/index.php?rest_route=%2Fwp%2Fv2%2Fmedia&parent=16839"}],"wp:term":[{"taxonomy":"category","embeddable":true,"href":"https:\/\/archiv.schmalspurbahn.de\/index.php?rest_route=%2Fwp%2Fv2%2Fcategories&post=16839"},{"taxonomy":"post_tag","embeddable":true,"href":"https:\/\/archiv.schmalspurbahn.de\/index.php?rest_route=%2Fwp%2Fv2%2Ftags&post=16839"}],"curies":[{"name":"wp","href":"https:\/\/api.w.org\/{rel}","templated":true}]}}