{"id":18195,"date":"2019-08-01T19:20:05","date_gmt":"2019-08-01T17:20:05","guid":{"rendered":"http:\/\/archiv.schmalspurbahn.de\/?p=18195"},"modified":"2020-08-18T10:54:53","modified_gmt":"2020-08-18T08:54:53","slug":"fuer-unsere-dampflokfuehrer-und-heizer-bricht-ein-anstrengendes-wochenende-heran-am-14-und-15-september-bringt-das-schmalspurbahn-festival-auf-der-loessnitzgrundbahn-aus-sdg","status":"publish","type":"post","link":"https:\/\/archiv.schmalspurbahn.de\/?p=18195","title":{"rendered":"F\u00fcr unsere Dampflokf\u00fchrer und Heizer bricht ein anstrengendes Wochenende heran. Am 14. und 15. September bringt das Schmalspurbahn-Festival auf der L\u00f6\u00dfnitzgrundbahn &#8230;, aus SDG"},"content":{"rendered":"<div class=\"shariff\"><ul class=\"shariff-buttons theme-default orientation-horizontal buttonsize-medium\"><li class=\"shariff-button facebook shariff-nocustomcolor\" style=\"background-color:#4273c8\"><a href=\"https:\/\/www.facebook.com\/sharer\/sharer.php?u=https%3A%2F%2Farchiv.schmalspurbahn.de%2F%3Fp%3D18195\" title=\"Bei Facebook teilen\" aria-label=\"Bei Facebook teilen\" role=\"button\" rel=\"nofollow\" class=\"shariff-link\" style=\"; background-color:#3b5998; color:#fff\" target=\"_blank\"><span class=\"shariff-icon\" style=\"\"><svg width=\"32px\" height=\"20px\" xmlns=\"http:\/\/www.w3.org\/2000\/svg\" viewBox=\"0 0 18 32\"><path fill=\"#3b5998\" d=\"M17.1 0.2v4.7h-2.8q-1.5 0-2.1 0.6t-0.5 1.9v3.4h5.2l-0.7 5.3h-4.5v13.6h-5.5v-13.6h-4.5v-5.3h4.5v-3.9q0-3.3 1.9-5.2t5-1.8q2.6 0 4.1 0.2z\"\/><\/svg><\/span><span class=\"shariff-text\">teilen<\/span>&nbsp;<\/a><\/li><li class=\"shariff-button linkedin shariff-nocustomcolor\" style=\"background-color:#1488bf\"><a href=\"https:\/\/www.linkedin.com\/sharing\/share-offsite\/?url=https%3A%2F%2Farchiv.schmalspurbahn.de%2F%3Fp%3D18195\" title=\"Bei LinkedIn teilen\" aria-label=\"Bei LinkedIn teilen\" role=\"button\" rel=\"noopener nofollow\" class=\"shariff-link\" style=\"; background-color:#0077b5; color:#fff\" target=\"_blank\"><span class=\"shariff-icon\" style=\"\"><svg width=\"32px\" height=\"20px\" xmlns=\"http:\/\/www.w3.org\/2000\/svg\" viewBox=\"0 0 27 32\"><path fill=\"#0077b5\" d=\"M6.2 11.2v17.7h-5.9v-17.7h5.9zM6.6 5.7q0 1.3-0.9 2.2t-2.4 0.9h0q-1.5 0-2.4-0.9t-0.9-2.2 0.9-2.2 2.4-0.9 2.4 0.9 0.9 2.2zM27.4 18.7v10.1h-5.9v-9.5q0-1.9-0.7-2.9t-2.3-1.1q-1.1 0-1.9 0.6t-1.2 1.5q-0.2 0.5-0.2 1.4v9.9h-5.9q0-7.1 0-11.6t0-5.3l0-0.9h5.9v2.6h0q0.4-0.6 0.7-1t1-0.9 1.6-0.8 2-0.3q3 0 4.9 2t1.9 6z\"\/><\/svg><\/span><span class=\"shariff-text\">teilen<\/span>&nbsp;<\/a><\/li><li class=\"shariff-button mailto shariff-nocustomcolor\" style=\"background-color:#a8a8a8\"><a href=\"mailto:?body=https%3A%2F%2Farchiv.schmalspurbahn.de%2F%3Fp%3D18195&subject=F%C3%BCr%20unsere%20Dampflokf%C3%BChrer%20und%20Heizer%20bricht%20ein%20anstrengendes%20Wochenende%20heran.%20Am%2014.%20und%2015.%20September%20bringt%20das%20Schmalspurbahn-Festival%20auf%20der%20L%C3%B6%C3%9Fnitzgrundbahn%20%E2%80%A6%2C%20aus%20SDG\" title=\"Per E-Mail versenden\" aria-label=\"Per E-Mail versenden\" role=\"button\" rel=\"noopener nofollow\" class=\"shariff-link\" style=\"; background-color:#999; color:#fff\"><span class=\"shariff-icon\" style=\"\"><svg width=\"32px\" height=\"20px\" xmlns=\"http:\/\/www.w3.org\/2000\/svg\" viewBox=\"0 0 32 32\"><path fill=\"#999\" d=\"M32 12.7v14.2q0 1.2-0.8 2t-2 0.9h-26.3q-1.2 0-2-0.9t-0.8-2v-14.2q0.8 0.9 1.8 1.6 6.5 4.4 8.9 6.1 1 0.8 1.6 1.2t1.7 0.9 2 0.4h0.1q0.9 0 2-0.4t1.7-0.9 1.6-1.2q3-2.2 8.9-6.1 1-0.7 1.8-1.6zM32 7.4q0 1.4-0.9 2.7t-2.2 2.2q-6.7 4.7-8.4 5.8-0.2 0.1-0.7 0.5t-1 0.7-0.9 0.6-1.1 0.5-0.9 0.2h-0.1q-0.4 0-0.9-0.2t-1.1-0.5-0.9-0.6-1-0.7-0.7-0.5q-1.6-1.1-4.7-3.2t-3.6-2.6q-1.1-0.7-2.1-2t-1-2.5q0-1.4 0.7-2.3t2.1-0.9h26.3q1.2 0 2 0.8t0.9 2z\"\/><\/svg><\/span><span class=\"shariff-text\">E-Mail<\/span>&nbsp;<\/a><\/li><li class=\"shariff-button pocket shariff-nocustomcolor\" style=\"background-color:#444\"><a href=\"https:\/\/getpocket.com\/save?url=https%3A%2F%2Farchiv.schmalspurbahn.de%2F%3Fp%3D18195&title=F%C3%BCr%20unsere%20Dampflokf%C3%BChrer%20und%20Heizer%20bricht%20ein%20anstrengendes%20Wochenende%20heran.%20Am%2014.%20und%2015.%20September%20bringt%20das%20Schmalspurbahn-Festival%20auf%20der%20L%C3%B6%C3%9Fnitzgrundbahn%20%E2%80%A6%2C%20aus%20SDG\" title=\"Bei Pocket speichern\" aria-label=\"Bei Pocket speichern\" role=\"button\" rel=\"noopener nofollow\" class=\"shariff-link\" style=\"; background-color:#ff0000; color:#fff\" target=\"_blank\"><span class=\"shariff-icon\" style=\"\"><svg width=\"32px\" height=\"20px\" xmlns=\"http:\/\/www.w3.org\/2000\/svg\" viewBox=\"0 0 27 28\"><path fill=\"#ff0000\" d=\"M24.5 2q1 0 1.7 0.7t0.7 1.7v8.1q0 2.8-1.1 5.3t-2.9 4.3-4.3 2.9-5.2 1.1q-2.7 0-5.2-1.1t-4.3-2.9-2.9-4.3-1.1-5.2v-8.1q0-1 0.7-1.7t1.7-0.7h22zM13.5 18.6q0.7 0 1.3-0.5l6.3-6.1q0.6-0.5 0.6-1.3 0-0.8-0.5-1.3t-1.3-0.5q-0.7 0-1.3 0.5l-5 4.8-5-4.8q-0.5-0.5-1.3-0.5-0.8 0-1.3 0.5t-0.5 1.3q0 0.8 0.6 1.3l6.3 6.1q0.5 0.5 1.3 0.5z\"\/><\/svg><\/span><span class=\"shariff-text\">Pocket<\/span>&nbsp;<\/a><\/li><li class=\"shariff-button rss shariff-nocustomcolor\" style=\"background-color:#ff8c00\"><a href=\"https:\/\/archiv.schmalspurbahn.de\/?feed=rss\" title=\"RSS-feed\" aria-label=\"RSS-feed\" role=\"button\" class=\"shariff-link\" style=\"; background-color:#fe9312; color:#fff\" target=\"_blank\"><span class=\"shariff-icon\" style=\"\"><svg width=\"32px\" height=\"20px\" xmlns=\"http:\/\/www.w3.org\/2000\/svg\" viewBox=\"0 0 32 32\"><path fill=\"#fe9312\" d=\"M4.3 23.5c-2.3 0-4.3 1.9-4.3 4.3 0 2.3 1.9 4.2 4.3 4.2 2.4 0 4.3-1.9 4.3-4.2 0-2.3-1.9-4.3-4.3-4.3zM0 10.9v6.1c4 0 7.7 1.6 10.6 4.4 2.8 2.8 4.4 6.6 4.4 10.6h6.2c0-11.7-9.5-21.1-21.1-21.1zM0 0v6.1c14.2 0 25.8 11.6 25.8 25.9h6.2c0-17.6-14.4-32-32-32z\"\/><\/svg><\/span><span class=\"shariff-text\">RSS-feed<\/span>&nbsp;<\/a><\/li><li class=\"shariff-button tumblr shariff-nocustomcolor\" style=\"background-color:#529ecc\"><a href=\"https:\/\/www.tumblr.com\/widgets\/share\/tool?posttype=link&canonicalUrl=https%3A%2F%2Farchiv.schmalspurbahn.de%2F%3Fp%3D18195&tags=archiv.schmalspurbahn.de\" title=\"Bei tumblr teilen\" aria-label=\"Bei tumblr teilen\" role=\"button\" rel=\"noopener nofollow\" class=\"shariff-link\" style=\"; background-color:#36465d; color:#fff\" target=\"_blank\"><span class=\"shariff-icon\" style=\"\"><svg width=\"32px\" height=\"20px\" xmlns=\"http:\/\/www.w3.org\/2000\/svg\" viewBox=\"0 0 32 32\"><path fill=\"#36465d\" d=\"M18 14l0 7.3c0 1.9 0 2.9 0.2 3.5 0.2 0.5 0.7 1.1 1.2 1.4 0.7 0.4 1.5 0.6 2.4 0.6 1.6 0 2.6-0.2 4.2-1.3v4.8c-1.4 0.6-2.6 1-3.7 1.3-1.1 0.3-2.3 0.4-3.6 0.4-1.5 0-2.3-0.2-3.4-0.6-1.1-0.4-2.1-0.9-2.9-1.6-0.8-0.7-1.3-1.4-1.7-2.2s-0.5-1.9-0.5-3.4v-11.2h-4.3v-4.5c1.3-0.4 2.7-1 3.6-1.8 0.9-0.8 1.6-1.7 2.2-2.7 0.5-1.1 0.9-2.4 1.1-4.1h5.2l0 8h8v6h-8z\"\/><\/svg><\/span><span class=\"shariff-text\">teilen<\/span>&nbsp;<\/a><\/li><li class=\"shariff-button twitter shariff-nocustomcolor\" style=\"background-color:#595959\"><a href=\"https:\/\/twitter.com\/share?url=https%3A%2F%2Farchiv.schmalspurbahn.de%2F%3Fp%3D18195&text=F%C3%BCr%20unsere%20Dampflokf%C3%BChrer%20und%20Heizer%20bricht%20ein%20anstrengendes%20Wochenende%20heran.%20Am%2014.%20und%2015.%20September%20bringt%20das%20Schmalspurbahn-Festival%20auf%20der%20L%C3%B6%C3%9Fnitzgrundbahn%20%E2%80%A6%2C%20aus%20SDG\" title=\"Bei X teilen\" aria-label=\"Bei X teilen\" role=\"button\" rel=\"noopener nofollow\" class=\"shariff-link\" style=\"; background-color:#000; color:#fff\" target=\"_blank\"><span class=\"shariff-icon\" style=\"\"><svg width=\"32px\" height=\"20px\" xmlns=\"http:\/\/www.w3.org\/2000\/svg\" viewBox=\"0 0 24 24\"><path fill=\"#000\" d=\"M14.258 10.152L23.176 0h-2.113l-7.747 8.813L7.133 0H0l9.352 13.328L0 23.973h2.113l8.176-9.309 6.531 9.309h7.133zm-2.895 3.293l-.949-1.328L2.875 1.56h3.246l6.086 8.523.945 1.328 7.91 11.078h-3.246zm0 0\"\/><\/svg><\/span><span class=\"shariff-text\">teilen<\/span>&nbsp;<\/a><\/li><li class=\"shariff-button whatsapp shariff-nocustomcolor\" style=\"background-color:#5cbe4a\"><a href=\"https:\/\/api.whatsapp.com\/send?text=https%3A%2F%2Farchiv.schmalspurbahn.de%2F%3Fp%3D18195%20F%C3%BCr%20unsere%20Dampflokf%C3%BChrer%20und%20Heizer%20bricht%20ein%20anstrengendes%20Wochenende%20heran.%20Am%2014.%20und%2015.%20September%20bringt%20das%20Schmalspurbahn-Festival%20auf%20der%20L%C3%B6%C3%9Fnitzgrundbahn%20%E2%80%A6%2C%20aus%20SDG\" title=\"Bei Whatsapp teilen\" aria-label=\"Bei Whatsapp teilen\" role=\"button\" rel=\"noopener nofollow\" class=\"shariff-link\" style=\"; background-color:#34af23; color:#fff\" target=\"_blank\"><span class=\"shariff-icon\" style=\"\"><svg width=\"32px\" height=\"20px\" xmlns=\"http:\/\/www.w3.org\/2000\/svg\" viewBox=\"0 0 32 32\"><path fill=\"#34af23\" d=\"M17.6 17.4q0.2 0 1.7 0.8t1.6 0.9q0 0.1 0 0.3 0 0.6-0.3 1.4-0.3 0.7-1.3 1.2t-1.8 0.5q-1 0-3.4-1.1-1.7-0.8-3-2.1t-2.6-3.3q-1.3-1.9-1.3-3.5v-0.1q0.1-1.6 1.3-2.8 0.4-0.4 0.9-0.4 0.1 0 0.3 0t0.3 0q0.3 0 0.5 0.1t0.3 0.5q0.1 0.4 0.6 1.6t0.4 1.3q0 0.4-0.6 1t-0.6 0.8q0 0.1 0.1 0.3 0.6 1.3 1.8 2.4 1 0.9 2.7 1.8 0.2 0.1 0.4 0.1 0.3 0 1-0.9t0.9-0.9zM14 26.9q2.3 0 4.3-0.9t3.6-2.4 2.4-3.6 0.9-4.3-0.9-4.3-2.4-3.6-3.6-2.4-4.3-0.9-4.3 0.9-3.6 2.4-2.4 3.6-0.9 4.3q0 3.6 2.1 6.6l-1.4 4.2 4.3-1.4q2.8 1.9 6.2 1.9zM14 2.2q2.7 0 5.2 1.1t4.3 2.9 2.9 4.3 1.1 5.2-1.1 5.2-2.9 4.3-4.3 2.9-5.2 1.1q-3.5 0-6.5-1.7l-7.4 2.4 2.4-7.2q-1.9-3.2-1.9-6.9 0-2.7 1.1-5.2t2.9-4.3 4.3-2.9 5.2-1.1z\"\/><\/svg><\/span><span class=\"shariff-text\">teilen<\/span>&nbsp;<\/a><\/li><li class=\"shariff-button xing shariff-nocustomcolor\" style=\"background-color:#29888a\"><a href=\"https:\/\/www.xing.com\/spi\/shares\/new?url=https%3A%2F%2Farchiv.schmalspurbahn.de%2F%3Fp%3D18195\" title=\"Bei XING teilen\" aria-label=\"Bei XING teilen\" role=\"button\" rel=\"noopener nofollow\" class=\"shariff-link\" style=\"; background-color:#126567; color:#fff\" target=\"_blank\"><span class=\"shariff-icon\" style=\"\"><svg width=\"32px\" height=\"20px\" xmlns=\"http:\/\/www.w3.org\/2000\/svg\" viewBox=\"0 0 25 32\"><path fill=\"#126567\" d=\"M10.7 11.9q-0.2 0.3-4.6 8.2-0.5 0.8-1.2 0.8h-4.3q-0.4 0-0.5-0.3t0-0.6l4.5-8q0 0 0 0l-2.9-5q-0.2-0.4 0-0.7 0.2-0.3 0.5-0.3h4.3q0.7 0 1.2 0.8zM25.1 0.4q0.2 0.3 0 0.7l-9.4 16.7 6 11q0.2 0.4 0 0.6-0.2 0.3-0.6 0.3h-4.3q-0.7 0-1.2-0.8l-6-11.1q0.3-0.6 9.5-16.8 0.4-0.8 1.2-0.8h4.3q0.4 0 0.5 0.3z\"\/><\/svg><\/span><span class=\"shariff-text\">teilen<\/span>&nbsp;<\/a><\/li><\/ul><\/div><p><span class=\"hashtag\"> #<a href=\"https:\/\/archiv.schmalspurbahn.de?s=%23SCHMALSPURBAHNFESTIVAL\">SCHMALSPURBAHNFESTIVAL<\/a><\/span> MIT DER<span class=\"hashtag\"> #<a href=\"https:\/\/archiv.schmalspurbahn.de?s=%23L\u00d6SSNITZGRUNDBAHN\">L\u00d6SSNITZGRUNDBAHN<\/a><\/span> &#8211; 135.<span class=\"hashtag\"> #<a href=\"https:\/\/archiv.schmalspurbahn.de?s=%23STRECKENGEBURTSTAG\">STRECKENGEBURTSTAG<\/a><\/span><br \/>\nF\u00fcr unsere<span class=\"hashtag\"> #<a href=\"https:\/\/archiv.schmalspurbahn.de?s=%23Dampflokf\u00fchrer\">Dampflokf\u00fchrer<\/a><\/span> und<span class=\"hashtag\"> #<a href=\"https:\/\/archiv.schmalspurbahn.de?s=%23Heizer\">Heizer<\/a><\/span> bricht ein anstrengendes Wochenende heran. Am 14. und 15. September bringt das<span class=\"hashtag\"> #<a href=\"https:\/\/archiv.schmalspurbahn.de?s=%23Schmalspurbahn-Festival\">Schmalspurbahn-Festival<\/a><\/span> auf der<span class=\"hashtag\"> #<a href=\"https:\/\/archiv.schmalspurbahn.de?s=%23L\u00f6\u00dfnitzgrundbahn\">L\u00f6\u00dfnitzgrundbahn<\/a><\/span> eine Menge Arbeit mit sich, schlie\u00dflich sind nicht nur 14 Z\u00fcge zwischen<span class=\"hashtag\"> #<a href=\"https:\/\/archiv.schmalspurbahn.de?s=%23Radebeul\">Radebeul<\/a><\/span> Ost,<span class=\"hashtag\"> #<a href=\"https:\/\/archiv.schmalspurbahn.de?s=%23Moritzburg\">Moritzburg<\/a><\/span> und<span class=\"hashtag\"> #<a href=\"https:\/\/archiv.schmalspurbahn.de?s=%23Radeburg\">Radeburg<\/a><\/span> pro Tag unterwegs sondern fast doppelt so viele. So werden an diesem Wochenende weit mehr als 500 Kilometer mit den<span class=\"hashtag\"> #<a href=\"https:\/\/archiv.schmalspurbahn.de?s=%23Dampflokomotiven\">Dampflokomotiven<\/a><\/span> gefahren. Daf\u00fcr werden die Heizer einen Kohlevorrat von 16 Tonnen dem Lokkessel zuf\u00fchren und damit ziemlich viel Dampf machen. Neben den vielen Dampfloks, die es zu bestaunen gibt, laden wir zu einem tollen<span class=\"hashtag\"> #<a href=\"https:\/\/archiv.schmalspurbahn.de?s=%23Familienfest\">Familienfest<\/a><\/span> ein. So ist f\u00fcr jeden etwas dabei. Mama, Papa, Kind werden genauso im Programm f\u00fcndig werden wie der eingefleischte Eisenbahnfan.<br \/>\nDer Fahrplan wird derzeit noch erarbeitet.<\/p>\n<p>Bitte beachten Sie, dass wir an diesem Wochenende (14. und 15.09.2019) KEINE Sitzplatz-Reservierungen entgegen nehmen k\u00f6nnen. Ausnahme: Ihre verbindliche Buchung f\u00fcr den Federwei\u00dfer-Dampfzug.<\/p>\n<p>FAMILIENPROGRAMM AM BAHNHOF MORITZBURG<br \/><span class=\"hashtag\">\n#<a href=\"https:\/\/archiv.schmalspurbahn.de?s=%23Lokparade\">Lokparade<\/a><\/span> im Bahnhof Moritzburg<br \/>\nKindershows mit Zauberei und Musik<br \/>\nBastelstra\u00dfe<br \/>\nKinderschminken<br \/><span class=\"hashtag\">\n#<a href=\"https:\/\/archiv.schmalspurbahn.de?s=%23VVO-Spielebahnhof\">VVO-Spielebahnhof<\/a><\/span><br \/>\nBallonmodellage<br \/>\nviele Leckereien aus regionalen Spezialit\u00e4ten<br \/>\nMaskottchen im Bahhofsgel\u00e4nde und auf der Eisenbahn<br \/>\nANGEBOT F\u00dcR L\u00d6SSNITZGRUNDBAHN-FANS<br \/>\nFotozug-Tag am 13. September 2019<br \/>\n2 Sonderz\u00fcge nach Sonderfahrplan (vsl. mit IV K 99 608)<br \/>\nAm Vormittag l\u00e4dt der Sonderzug zum Mitfahren und Genie\u00dfen ein<br \/>\nDer zweite Zug verkehrt als Fotozug mit Scheinein- und Durchfahrten nach einem Sonderfahrplan. F\u00fcr diesen Zug empfehlen wir eine Sitzplatzreservierung unter Telefon 035207 8929-0<br \/>\nDie Fotofreunde l\u00f6sen bitte ein regul\u00e4res Billet f\u00fcr eine Hin- und R\u00fcckfahrt mit der L\u00f6\u00dfnitzgrundbahn (Preisstufe 4). Es wird keine gesonderte Fotoerlaubnis ausgestellt.<br \/>\nam gesamten Wochenende<br \/>\nZug der K\u00f6niglich S\u00e4chsischen Staatseisenbahnen des Traditionsbahn Radebeul e. V.<br \/>\nPersonenzug der Deutschen Reichsbahn mit VI K 99 713 oder IV K 99 608<br \/>\nplanm\u00e4\u00dfg verkehrender Personenzug der L\u00f6\u00dfnitzgrundbahn<br \/>\nMitfahrten auf der Handhebeldraisine oder dem SKL &#8222;Oberdittmannsdorf&#8220;<br \/>\nFederwei\u00dfer-Dampfzug mit Verkostung Federwei\u00dfer Schloss Wackerbarth<br \/>\nMinibahnclub Dresden \u00f6ffnet t\u00e4glich von 11 \u2013 17 Uhr am Haltepunkt Wei\u00dfes Ro\u00df seine Pforten zur Schauanlage (Spurweite 127 mm)<br \/>\nGemeinsam mit dem Traditionsbahn Radebeul e. V. sowie dem Verkehrsverbund Oberelbe wird nun bereits zum 14. Mal das Fest rund um den L\u00f6\u00dfnitzdackel organisiert.<br \/>\nUnterst\u00fctzt wird das Festival von der Gro\u00dfen Kreisstadt Radebeul, der Gemeinde Moritzburg, der Stadt Radeburg und dem Freiberger Brauhaus.<\/p>\n","protected":false},"excerpt":{"rendered":"<p>#SCHMALSPURBAHNFESTIVAL MIT DER #L\u00d6SSNITZGRUNDBAHN &#8211; 135. #STRECKENGEBURTSTAG F\u00fcr unsere #Dampflokf\u00fchrer und #Heizer bricht ein anstrengendes Wochenende heran. Am 14. und 15. September bringt das #Schmalspurbahn-Festival auf der #L\u00f6\u00dfnitzgrundbahn eine Menge Arbeit mit sich, schlie\u00dflich sind nicht nur 14 Z\u00fcge zwischen #Radebeul Ost, #Moritzburg und #Radeburg pro Tag unterwegs sondern fast doppelt so viele. So werden &hellip; <a href=\"https:\/\/archiv.schmalspurbahn.de\/?p=18195\" class=\"more-link\"><span class=\"screen-reader-text\">\u201eF\u00fcr unsere Dampflokf\u00fchrer und Heizer bricht ein anstrengendes Wochenende heran. Am 14. und 15. September bringt das Schmalspurbahn-Festival auf der L\u00f6\u00dfnitzgrundbahn &#8230;, aus SDG\u201c <\/span>weiterlesen<\/a><\/p>\n","protected":false},"author":1,"featured_media":0,"comment_status":"open","ping_status":"open","sticky":false,"template":"","format":"standard","meta":{"_crdt_document":"","_jetpack_memberships_contains_paid_content":false,"footnotes":"","_share_on_mastodon":"0"},"categories":[7],"tags":[715,273,716,597,717,205,210,439,209,142,713,714,308],"class_list":["post-18195","post","type-post","status-publish","format-standard","hentry","category-sachsen","tag-dampflokfuehrer","tag-dampflokomotiven","tag-familienfest","tag-heizer","tag-lokparade","tag-loessnitzgrundbahn","tag-moritzburg","tag-radebeul","tag-radeburg","tag-schmalspurbahn","tag-schmalspurbahnfestival","tag-streckengeburtstag","tag-vvo"],"share_on_mastodon":{"url":"","error":""},"jetpack_featured_media_url":"","jetpack_sharing_enabled":true,"amp_enabled":true,"_links":{"self":[{"href":"https:\/\/archiv.schmalspurbahn.de\/index.php?rest_route=\/wp\/v2\/posts\/18195","targetHints":{"allow":["GET"]}}],"collection":[{"href":"https:\/\/archiv.schmalspurbahn.de\/index.php?rest_route=\/wp\/v2\/posts"}],"about":[{"href":"https:\/\/archiv.schmalspurbahn.de\/index.php?rest_route=\/wp\/v2\/types\/post"}],"author":[{"embeddable":true,"href":"https:\/\/archiv.schmalspurbahn.de\/index.php?rest_route=\/wp\/v2\/users\/1"}],"replies":[{"embeddable":true,"href":"https:\/\/archiv.schmalspurbahn.de\/index.php?rest_route=%2Fwp%2Fv2%2Fcomments&post=18195"}],"version-history":[{"count":1,"href":"https:\/\/archiv.schmalspurbahn.de\/index.php?rest_route=\/wp\/v2\/posts\/18195\/revisions"}],"predecessor-version":[{"id":18793,"href":"https:\/\/archiv.schmalspurbahn.de\/index.php?rest_route=\/wp\/v2\/posts\/18195\/revisions\/18793"}],"wp:attachment":[{"href":"https:\/\/archiv.schmalspurbahn.de\/index.php?rest_route=%2Fwp%2Fv2%2Fmedia&parent=18195"}],"wp:term":[{"taxonomy":"category","embeddable":true,"href":"https:\/\/archiv.schmalspurbahn.de\/index.php?rest_route=%2Fwp%2Fv2%2Fcategories&post=18195"},{"taxonomy":"post_tag","embeddable":true,"href":"https:\/\/archiv.schmalspurbahn.de\/index.php?rest_route=%2Fwp%2Fv2%2Ftags&post=18195"}],"curies":[{"name":"wp","href":"https:\/\/api.w.org\/{rel}","templated":true}]}}