{"id":18516,"date":"2020-02-07T19:14:29","date_gmt":"2020-02-07T18:14:29","guid":{"rendered":"http:\/\/archiv.schmalspurbahn.de\/?p=18516"},"modified":"2020-08-18T10:53:11","modified_gmt":"2020-08-18T08:53:11","slug":"volles-programm-auf-schmaler-spur-im-jahr-2020-schmalspurbahnen-im-vvo-mit-ueber-100-sonderfahrten-und-veranstaltungen-aus-vvo","status":"publish","type":"post","link":"https:\/\/archiv.schmalspurbahn.de\/?p=18516","title":{"rendered":"Volles Programm auf schmaler Spur im Jahr 2020 Schmalspurbahnen im VVO mit \u00fcber 100 Sonderfahrten und Veranstaltungen, aus VVO"},"content":{"rendered":"<div class=\"shariff\"><ul class=\"shariff-buttons theme-default orientation-horizontal buttonsize-medium\"><li class=\"shariff-button facebook shariff-nocustomcolor\" style=\"background-color:#4273c8\"><a href=\"https:\/\/www.facebook.com\/sharer\/sharer.php?u=https%3A%2F%2Farchiv.schmalspurbahn.de%2F%3Fp%3D18516\" title=\"Bei Facebook teilen\" aria-label=\"Bei Facebook teilen\" role=\"button\" rel=\"nofollow\" class=\"shariff-link\" style=\"; background-color:#3b5998; color:#fff\" target=\"_blank\"><span class=\"shariff-icon\" style=\"\"><svg width=\"32px\" height=\"20px\" xmlns=\"http:\/\/www.w3.org\/2000\/svg\" viewBox=\"0 0 18 32\"><path fill=\"#3b5998\" d=\"M17.1 0.2v4.7h-2.8q-1.5 0-2.1 0.6t-0.5 1.9v3.4h5.2l-0.7 5.3h-4.5v13.6h-5.5v-13.6h-4.5v-5.3h4.5v-3.9q0-3.3 1.9-5.2t5-1.8q2.6 0 4.1 0.2z\"\/><\/svg><\/span><span class=\"shariff-text\">teilen<\/span>&nbsp;<\/a><\/li><li class=\"shariff-button linkedin shariff-nocustomcolor\" style=\"background-color:#1488bf\"><a href=\"https:\/\/www.linkedin.com\/sharing\/share-offsite\/?url=https%3A%2F%2Farchiv.schmalspurbahn.de%2F%3Fp%3D18516\" title=\"Bei LinkedIn teilen\" aria-label=\"Bei LinkedIn teilen\" role=\"button\" rel=\"noopener nofollow\" class=\"shariff-link\" style=\"; background-color:#0077b5; color:#fff\" target=\"_blank\"><span class=\"shariff-icon\" style=\"\"><svg width=\"32px\" height=\"20px\" xmlns=\"http:\/\/www.w3.org\/2000\/svg\" viewBox=\"0 0 27 32\"><path fill=\"#0077b5\" d=\"M6.2 11.2v17.7h-5.9v-17.7h5.9zM6.6 5.7q0 1.3-0.9 2.2t-2.4 0.9h0q-1.5 0-2.4-0.9t-0.9-2.2 0.9-2.2 2.4-0.9 2.4 0.9 0.9 2.2zM27.4 18.7v10.1h-5.9v-9.5q0-1.9-0.7-2.9t-2.3-1.1q-1.1 0-1.9 0.6t-1.2 1.5q-0.2 0.5-0.2 1.4v9.9h-5.9q0-7.1 0-11.6t0-5.3l0-0.9h5.9v2.6h0q0.4-0.6 0.7-1t1-0.9 1.6-0.8 2-0.3q3 0 4.9 2t1.9 6z\"\/><\/svg><\/span><span class=\"shariff-text\">teilen<\/span>&nbsp;<\/a><\/li><li class=\"shariff-button mailto shariff-nocustomcolor\" style=\"background-color:#a8a8a8\"><a href=\"mailto:?body=https%3A%2F%2Farchiv.schmalspurbahn.de%2F%3Fp%3D18516&subject=Volles%20Programm%20auf%20schmaler%20Spur%20im%20Jahr%202020%20Schmalspurbahnen%20im%20VVO%20mit%20%C3%BCber%20100%20Sonderfahrten%20und%20Veranstaltungen%2C%20aus%20VVO\" title=\"Per E-Mail versenden\" aria-label=\"Per E-Mail versenden\" role=\"button\" rel=\"noopener nofollow\" class=\"shariff-link\" style=\"; background-color:#999; color:#fff\"><span class=\"shariff-icon\" style=\"\"><svg width=\"32px\" height=\"20px\" xmlns=\"http:\/\/www.w3.org\/2000\/svg\" viewBox=\"0 0 32 32\"><path fill=\"#999\" d=\"M32 12.7v14.2q0 1.2-0.8 2t-2 0.9h-26.3q-1.2 0-2-0.9t-0.8-2v-14.2q0.8 0.9 1.8 1.6 6.5 4.4 8.9 6.1 1 0.8 1.6 1.2t1.7 0.9 2 0.4h0.1q0.9 0 2-0.4t1.7-0.9 1.6-1.2q3-2.2 8.9-6.1 1-0.7 1.8-1.6zM32 7.4q0 1.4-0.9 2.7t-2.2 2.2q-6.7 4.7-8.4 5.8-0.2 0.1-0.7 0.5t-1 0.7-0.9 0.6-1.1 0.5-0.9 0.2h-0.1q-0.4 0-0.9-0.2t-1.1-0.5-0.9-0.6-1-0.7-0.7-0.5q-1.6-1.1-4.7-3.2t-3.6-2.6q-1.1-0.7-2.1-2t-1-2.5q0-1.4 0.7-2.3t2.1-0.9h26.3q1.2 0 2 0.8t0.9 2z\"\/><\/svg><\/span><span class=\"shariff-text\">E-Mail<\/span>&nbsp;<\/a><\/li><li class=\"shariff-button pocket shariff-nocustomcolor\" style=\"background-color:#444\"><a href=\"https:\/\/getpocket.com\/save?url=https%3A%2F%2Farchiv.schmalspurbahn.de%2F%3Fp%3D18516&title=Volles%20Programm%20auf%20schmaler%20Spur%20im%20Jahr%202020%20Schmalspurbahnen%20im%20VVO%20mit%20%C3%BCber%20100%20Sonderfahrten%20und%20Veranstaltungen%2C%20aus%20VVO\" title=\"Bei Pocket speichern\" aria-label=\"Bei Pocket speichern\" role=\"button\" rel=\"noopener nofollow\" class=\"shariff-link\" style=\"; background-color:#ff0000; color:#fff\" target=\"_blank\"><span class=\"shariff-icon\" style=\"\"><svg width=\"32px\" height=\"20px\" xmlns=\"http:\/\/www.w3.org\/2000\/svg\" viewBox=\"0 0 27 28\"><path fill=\"#ff0000\" d=\"M24.5 2q1 0 1.7 0.7t0.7 1.7v8.1q0 2.8-1.1 5.3t-2.9 4.3-4.3 2.9-5.2 1.1q-2.7 0-5.2-1.1t-4.3-2.9-2.9-4.3-1.1-5.2v-8.1q0-1 0.7-1.7t1.7-0.7h22zM13.5 18.6q0.7 0 1.3-0.5l6.3-6.1q0.6-0.5 0.6-1.3 0-0.8-0.5-1.3t-1.3-0.5q-0.7 0-1.3 0.5l-5 4.8-5-4.8q-0.5-0.5-1.3-0.5-0.8 0-1.3 0.5t-0.5 1.3q0 0.8 0.6 1.3l6.3 6.1q0.5 0.5 1.3 0.5z\"\/><\/svg><\/span><span class=\"shariff-text\">Pocket<\/span>&nbsp;<\/a><\/li><li class=\"shariff-button rss shariff-nocustomcolor\" style=\"background-color:#ff8c00\"><a href=\"https:\/\/archiv.schmalspurbahn.de\/?feed=rss\" title=\"RSS-feed\" aria-label=\"RSS-feed\" role=\"button\" class=\"shariff-link\" style=\"; background-color:#fe9312; color:#fff\" target=\"_blank\"><span class=\"shariff-icon\" style=\"\"><svg width=\"32px\" height=\"20px\" xmlns=\"http:\/\/www.w3.org\/2000\/svg\" viewBox=\"0 0 32 32\"><path fill=\"#fe9312\" d=\"M4.3 23.5c-2.3 0-4.3 1.9-4.3 4.3 0 2.3 1.9 4.2 4.3 4.2 2.4 0 4.3-1.9 4.3-4.2 0-2.3-1.9-4.3-4.3-4.3zM0 10.9v6.1c4 0 7.7 1.6 10.6 4.4 2.8 2.8 4.4 6.6 4.4 10.6h6.2c0-11.7-9.5-21.1-21.1-21.1zM0 0v6.1c14.2 0 25.8 11.6 25.8 25.9h6.2c0-17.6-14.4-32-32-32z\"\/><\/svg><\/span><span class=\"shariff-text\">RSS-feed<\/span>&nbsp;<\/a><\/li><li class=\"shariff-button tumblr shariff-nocustomcolor\" style=\"background-color:#529ecc\"><a href=\"https:\/\/www.tumblr.com\/widgets\/share\/tool?posttype=link&canonicalUrl=https%3A%2F%2Farchiv.schmalspurbahn.de%2F%3Fp%3D18516&tags=archiv.schmalspurbahn.de\" title=\"Bei tumblr teilen\" aria-label=\"Bei tumblr teilen\" role=\"button\" rel=\"noopener nofollow\" class=\"shariff-link\" style=\"; background-color:#36465d; color:#fff\" target=\"_blank\"><span class=\"shariff-icon\" style=\"\"><svg width=\"32px\" height=\"20px\" xmlns=\"http:\/\/www.w3.org\/2000\/svg\" viewBox=\"0 0 32 32\"><path fill=\"#36465d\" d=\"M18 14l0 7.3c0 1.9 0 2.9 0.2 3.5 0.2 0.5 0.7 1.1 1.2 1.4 0.7 0.4 1.5 0.6 2.4 0.6 1.6 0 2.6-0.2 4.2-1.3v4.8c-1.4 0.6-2.6 1-3.7 1.3-1.1 0.3-2.3 0.4-3.6 0.4-1.5 0-2.3-0.2-3.4-0.6-1.1-0.4-2.1-0.9-2.9-1.6-0.8-0.7-1.3-1.4-1.7-2.2s-0.5-1.9-0.5-3.4v-11.2h-4.3v-4.5c1.3-0.4 2.7-1 3.6-1.8 0.9-0.8 1.6-1.7 2.2-2.7 0.5-1.1 0.9-2.4 1.1-4.1h5.2l0 8h8v6h-8z\"\/><\/svg><\/span><span class=\"shariff-text\">teilen<\/span>&nbsp;<\/a><\/li><li class=\"shariff-button twitter shariff-nocustomcolor\" style=\"background-color:#595959\"><a href=\"https:\/\/twitter.com\/share?url=https%3A%2F%2Farchiv.schmalspurbahn.de%2F%3Fp%3D18516&text=Volles%20Programm%20auf%20schmaler%20Spur%20im%20Jahr%202020%20Schmalspurbahnen%20im%20VVO%20mit%20%C3%BCber%20100%20Sonderfahrten%20und%20Veranstaltungen%2C%20aus%20VVO\" title=\"Bei X teilen\" aria-label=\"Bei X teilen\" role=\"button\" rel=\"noopener nofollow\" class=\"shariff-link\" style=\"; background-color:#000; color:#fff\" target=\"_blank\"><span class=\"shariff-icon\" style=\"\"><svg width=\"32px\" height=\"20px\" xmlns=\"http:\/\/www.w3.org\/2000\/svg\" viewBox=\"0 0 24 24\"><path fill=\"#000\" d=\"M14.258 10.152L23.176 0h-2.113l-7.747 8.813L7.133 0H0l9.352 13.328L0 23.973h2.113l8.176-9.309 6.531 9.309h7.133zm-2.895 3.293l-.949-1.328L2.875 1.56h3.246l6.086 8.523.945 1.328 7.91 11.078h-3.246zm0 0\"\/><\/svg><\/span><span class=\"shariff-text\">teilen<\/span>&nbsp;<\/a><\/li><li class=\"shariff-button whatsapp shariff-nocustomcolor\" style=\"background-color:#5cbe4a\"><a href=\"https:\/\/api.whatsapp.com\/send?text=https%3A%2F%2Farchiv.schmalspurbahn.de%2F%3Fp%3D18516%20Volles%20Programm%20auf%20schmaler%20Spur%20im%20Jahr%202020%20Schmalspurbahnen%20im%20VVO%20mit%20%C3%BCber%20100%20Sonderfahrten%20und%20Veranstaltungen%2C%20aus%20VVO\" title=\"Bei Whatsapp teilen\" aria-label=\"Bei Whatsapp teilen\" role=\"button\" rel=\"noopener nofollow\" class=\"shariff-link\" style=\"; background-color:#34af23; color:#fff\" target=\"_blank\"><span class=\"shariff-icon\" style=\"\"><svg width=\"32px\" height=\"20px\" xmlns=\"http:\/\/www.w3.org\/2000\/svg\" viewBox=\"0 0 32 32\"><path fill=\"#34af23\" d=\"M17.6 17.4q0.2 0 1.7 0.8t1.6 0.9q0 0.1 0 0.3 0 0.6-0.3 1.4-0.3 0.7-1.3 1.2t-1.8 0.5q-1 0-3.4-1.1-1.7-0.8-3-2.1t-2.6-3.3q-1.3-1.9-1.3-3.5v-0.1q0.1-1.6 1.3-2.8 0.4-0.4 0.9-0.4 0.1 0 0.3 0t0.3 0q0.3 0 0.5 0.1t0.3 0.5q0.1 0.4 0.6 1.6t0.4 1.3q0 0.4-0.6 1t-0.6 0.8q0 0.1 0.1 0.3 0.6 1.3 1.8 2.4 1 0.9 2.7 1.8 0.2 0.1 0.4 0.1 0.3 0 1-0.9t0.9-0.9zM14 26.9q2.3 0 4.3-0.9t3.6-2.4 2.4-3.6 0.9-4.3-0.9-4.3-2.4-3.6-3.6-2.4-4.3-0.9-4.3 0.9-3.6 2.4-2.4 3.6-0.9 4.3q0 3.6 2.1 6.6l-1.4 4.2 4.3-1.4q2.8 1.9 6.2 1.9zM14 2.2q2.7 0 5.2 1.1t4.3 2.9 2.9 4.3 1.1 5.2-1.1 5.2-2.9 4.3-4.3 2.9-5.2 1.1q-3.5 0-6.5-1.7l-7.4 2.4 2.4-7.2q-1.9-3.2-1.9-6.9 0-2.7 1.1-5.2t2.9-4.3 4.3-2.9 5.2-1.1z\"\/><\/svg><\/span><span class=\"shariff-text\">teilen<\/span>&nbsp;<\/a><\/li><li class=\"shariff-button xing shariff-nocustomcolor\" style=\"background-color:#29888a\"><a href=\"https:\/\/www.xing.com\/spi\/shares\/new?url=https%3A%2F%2Farchiv.schmalspurbahn.de%2F%3Fp%3D18516\" title=\"Bei XING teilen\" aria-label=\"Bei XING teilen\" role=\"button\" rel=\"noopener nofollow\" class=\"shariff-link\" style=\"; background-color:#126567; color:#fff\" target=\"_blank\"><span class=\"shariff-icon\" style=\"\"><svg width=\"32px\" height=\"20px\" xmlns=\"http:\/\/www.w3.org\/2000\/svg\" viewBox=\"0 0 25 32\"><path fill=\"#126567\" d=\"M10.7 11.9q-0.2 0.3-4.6 8.2-0.5 0.8-1.2 0.8h-4.3q-0.4 0-0.5-0.3t0-0.6l4.5-8q0 0 0 0l-2.9-5q-0.2-0.4 0-0.7 0.2-0.3 0.5-0.3h4.3q0.7 0 1.2 0.8zM25.1 0.4q0.2 0.3 0 0.7l-9.4 16.7 6 11q0.2 0.4 0 0.6-0.2 0.3-0.6 0.3h-4.3q-0.7 0-1.2-0.8l-6-11.1q0.3-0.6 9.5-16.8 0.4-0.8 1.2-0.8h4.3q0.4 0 0.5 0.3z\"\/><\/svg><\/span><span class=\"shariff-text\">teilen<\/span>&nbsp;<\/a><\/li><\/ul><\/div><p>https:\/\/www.vvo-online.de\/doc\/pm\/200207_PI_Schmalspurbahnen%20im%20VVO.pdf<\/p>\n<p><span class=\"hashtag\"> #<a href=\"https:\/\/archiv.schmalspurbahn.de?s=%23Schmalspurbahnen\">Schmalspurbahnen<\/a><\/span> im<span class=\"hashtag\"> #<a href=\"https:\/\/archiv.schmalspurbahn.de?s=%23VVO\">VVO<\/a><\/span> mit \u00fcber 100 Sonderfahrten und Veranstaltungen<br \/>\nDie beiden Schmalspurbahnen im Verkehrsverbund Oberelbe (VVO) zogen heute Bilanz f\u00fcr<br \/>\ndas Jahr 2019 und stellten das Programm f\u00fcr dieses Jahr vor. \u201eMit \u00fcber 400.000 Fahrg\u00e4sten<br \/>\nauf der<span class=\"hashtag\"> #<a href=\"https:\/\/archiv.schmalspurbahn.de?s=%23Wei\u00dferitztalbahn\">Wei\u00dferitztalbahn<\/a><\/span> und der<span class=\"hashtag\"> #<a href=\"https:\/\/archiv.schmalspurbahn.de?s=%23L\u00f6\u00dfnitzgrundbahn\">L\u00f6\u00dfnitzgrundbahn<\/a><\/span> sind wir sehr zufrieden\u201c, unterstrich<br \/>\nMirko<span class=\"hashtag\"> #<a href=\"https:\/\/archiv.schmalspurbahn.de?s=%23Fro\u00df,\">Fro\u00df,<\/a><\/span> Eisenbahnbetriebsleiter der# SDG S\u00e4chsische<span class=\"hashtag\"> #<a href=\"https:\/\/archiv.schmalspurbahn.de?s=%23Dampfeisenbahngesellschaft\">Dampfeisenbahngesellschaft<\/a><\/span> das<br \/>\nErgebnis. \u201eMit dieser soliden Bilanz starten wir jetzt in die neue Saison.\u201c Auf den beiden<br \/>\nBahnen sind in diesem Jahr \u00fcber 100 Veranstaltungen und Themenfahrten geplant.<br \/>\nBilanz 2019<br \/>\nAuf der Wei\u00dferitztalbahn waren im vergangenen Jahr 132.000 Fahrg\u00e4ste unterwegs. Die<br \/>\nBesucherzahlen auf Deutschlands dienst\u00e4ltester<span class=\"hashtag\"> #<a href=\"https:\/\/archiv.schmalspurbahn.de?s=%23Schmalspurbahn\">Schmalspurbahn<\/a><\/span> gingen damit gegen\u00fcber<br \/>\ndem Vorjahr um rund 23.000 zur\u00fcck. \u201eDieser R\u00fcckgang geht zum einen auf das Konto der<br \/>\nmehrmonatigen<span class=\"hashtag\"> #<a href=\"https:\/\/archiv.schmalspurbahn.de?s=%23Sperrung\">Sperrung<\/a><\/span> des oberen Streckenabschnitts wegen des Baus der Br\u00fccke in<br \/><span class=\"hashtag\">\n#<a href=\"https:\/\/archiv.schmalspurbahn.de?s=%23Obercarsdorf\u201c,\">Obercarsdorf\u201c,<\/a><\/span> erl\u00e4utert Mirko Fro\u00df. \u201eZum anderen fehlen zwischen<span class=\"hashtag\"> #<a href=\"https:\/\/archiv.schmalspurbahn.de?s=%23Dippoldiswalde\">Dippoldiswalde<\/a><\/span> und<br \/>\nKurort<span class=\"hashtag\"> #<a href=\"https:\/\/archiv.schmalspurbahn.de?s=%23Kipsdorf\">Kipsdorf<\/a><\/span> touristische Ziele, die die Nachfrage st\u00e4rken.\u201c Der VVO und die SDG haben<br \/>\ndaher die \u00dcbersichtskarte \u201eAuf<span class=\"hashtag\"> #<a href=\"https:\/\/archiv.schmalspurbahn.de?s=%23Entdeckertour\">Entdeckertour<\/a><\/span> mit der Wei\u00dferitztalbahn\u201c herausgegeben, die<br \/>\nalle Ziele und Wanderwege rund um die Bahn zusammenfasst. Zudem wurde mit der<br \/>\nPremiere des ersten<span class=\"hashtag\"> #<a href=\"https:\/\/archiv.schmalspurbahn.de?s=%23befahrbaren\">befahrbaren<\/a><\/span> Weihnachtsmarktes unter dem Titel \u201e#Bimmelbahn und<br \/><span class=\"hashtag\">\n#<a href=\"https:\/\/archiv.schmalspurbahn.de?s=%23Lichterglanz\u201c\">Lichterglanz\u201c<\/a><\/span> gemeinsam mit dem Tourismusverband Erzgebirge, den Kommunen entlang der<br \/>\nStrecke und vieler Vereine eine weitere Veranstaltung entwickelt, um die Fahrgastzahlen im<br \/>\nFreizeitverkehr zu erh\u00f6hen<br \/>\nDie L\u00f6\u00dfnitzgrundbahn konnte rund 275.000 Fahrg\u00e4ste begr\u00fc\u00dfen. Das ist eine Steigerung um<br \/>\n\u00fcber 42.000 gegen\u00fcber dem Vorjahr. \u201eAuf der L\u00f6\u00dfnitzgrundbahn war vor allem in den<br \/>\nsommerlichen Monaten viel los\u201c, betont Mirko Fro\u00df. \u201eZwischen April und Oktober waren<br \/>\njeden Monat bis zu 40.000 Fahrg\u00e4ste auf der Bahn unterwegs.\u201c Neben dem<br \/>\nSchmalspurbahn-Festival im September wurden auch die von der<span class=\"hashtag\"> #<a href=\"https:\/\/archiv.schmalspurbahn.de?s=%23Traditionsbahn\">Traditionsbahn<\/a><\/span> Radebeul<br \/>\nund der SDG angebotenen Sonder- und Themenfahrten rege genutzt.<br \/>\nProgramm-H\u00f6hepunkte 2020<br \/>\nDie<span class=\"hashtag\"> #<a href=\"https:\/\/archiv.schmalspurbahn.de?s=%23Schmalspurbahn-Festivals\">Schmalspurbahn-Festivals<\/a><\/span> und zahlreiche Sonderfahrten zu Feiertagen, in Verbindung mit<br \/>\nWanderungen und Programmen bilden auch 2020 die H\u00f6hepunkte in den<br \/>\nVeranstaltungskalendern. Insgesamt finden sich in der aktuellen Brosch\u00fcre \u201eKursbuch\u201c 115<br \/>\nVeranstaltungen rund um und mit den Schmalspurbahnen. \u201eDie Wei\u00dferitztalbahn feiert<br \/>\ntraditionell im Sommer ihr Festival, in diesem Jahr am 18. und 19. Juli\u201c, z\u00e4hlt Gabriele<br \/>\nClauss, Marketingleiterin im VVO, auf. \u201eDie L\u00f6\u00dfnitzgrundbahn steht am 19. und 20.<br \/>\nSeptember im Mittelpunkt.\u201c Gemeinsam mit den beiden Vereinen IG Wei\u00dferitztalbahn e. V.<\/p>\n<p>Presseinformation<br \/>\n07.02.2020<\/p>\n<p>und der Traditionsbahn Radebeul e. V. sowie unterst\u00fctzt von vielen Partnern bieten die<br \/>\nBahnen dar\u00fcber hinaus ein breites Programm. \u201eVon den Klassikern wie den Osterhasen- oder<br \/>\nZuckert\u00fctenfahrten \u00fcber gef\u00fchrte Wanderungen entlang der Strecken bis hin zu Touren mit<br \/>\nmusikalischem oder kulinarischem Programm ist f\u00fcr jeden etwas dabei\u201c, so Gabriele Clauss<br \/>\nweiter. \u201eBei Ausfl\u00fcgen wie der Gl\u00fchwein-Fahrt oder dem Federwei\u00dfer-Dampfzug auf der<br \/>\nL\u00f6\u00dfnitzgrundbahn sowie der Osterzgebirgischen Kr\u00e4utertour auf der Wei\u00dferitztalbahn<br \/>\nempfehlen wir eine fr\u00fche Anmeldung \u2013 in der vergangenen Saison waren diese Fahrten<br \/>\nschnell ausgebucht, da sie sich auch als Geschenk anbieten.\u201c Vor diesem Hintergrund bietet<br \/>\ndie SDG in diesem Jahr erstmals auch die Themenfahrten \u201eWerkstatt mit Volldampf\u201c und \u201eMit<br \/>\nDampf in die Sommerfrische\u201c auf der Wei\u00dferitztalbahn sowie \u201ePerlen, schwarzes Gold und<br \/>\nkleine H\u00e4ppchen\u201c auf der L\u00f6\u00dfnitzgrundbahn an. Der Reiseveranstalter Sachsentr\u00e4ume l\u00e4dt<br \/>\nzus\u00e4tzlich an 13 Terminen zu \u201eBraumeisters Dampfzug\u201c im Wei\u00dferitztal und an 15 Terminen<br \/>\nzu \u201eWeingenuss auf schmaler Spur\u201c im L\u00f6\u00dfnitzgrund ein.<br \/>\nBauma\u00dfnahmen 2020<br \/>\nAuf beiden Bahnen finden im November 2020 regul\u00e4re Wartungsarbeiten statt. Daher rollen<br \/>\nvom 2. bis 20. November statt der L\u00f6\u00dfnitzgrundbahn Busse zwischen Radebeul und<br \/>\nRadeburg. Auf der Wei\u00dferitztalbahn f\u00e4hrt der Ersatzverkehr entlang der gesamten Strecke<br \/>\nvom 2. bis 13. November. \u201eNachdem wir im vergangenen Jahr die neue InstandhaltungsHalle in Freital-Hainsberg in Betrieb nehmen konnten, beginnen wir in diesem Jahr den Bau<br \/>\neiner neuen Werkstatt in Radebeul Ost\u201c, freut sich Mirko Fro\u00df. \u201eDamit schaffen wir, unterst\u00fctzt<br \/>\nvom Freistaat Sachsen und dem VVO auch auf der L\u00f6\u00dfnitzgrundbahn moderne<br \/>\nArbeitsbedingungen f\u00fcr die Instandhaltung der Fahrzeuge.\u201c<br \/>\nEinen \u00dcberblick \u00fcber alle Termine und Veranstaltungen gibt es unter<br \/>\nwww.loessnitzgrundbahn.de und www.traditionsbahn-radebeul.de sowie<br \/>\nwww.weisseritztalbahn.com und www.weisseritztalbahn.de. Sachsentr\u00e4ume, der<br \/>\nKooperationspartner des VVO, ist online unter www.sachsen-traeume.de zu erreichen.<br \/>\nWeitere Informationen erhalten Sie bei:<br \/>\nMirko Fro\u00df ++++ Christian Schlemper<br \/>\nEisenbahnbetriebsleiter ++++ Pressesprecher<br \/>\nS\u00e4chsische Dampfeisenbahngesellschaft GmbH ++++ Verkehrsverbund Oberelbe GmbH<br \/>\n(SDG) ++++ (VVO)<br \/>\nTelefon: 035207\/89 29-0 ++++ Telefon: 0351\/852 65 12<br \/>\npresse@vvo-online.de<br \/>\nwww.loessnitzgrundbahn.de www.vvo-online.de ++++<br \/>\nwww.weisseritztalbahn.com www.twitter.com\/vvo_presse<\/p>\n","protected":false},"excerpt":{"rendered":"<p>https:\/\/www.vvo-online.de\/doc\/pm\/200207_PI_Schmalspurbahnen%20im%20VVO.pdf #Schmalspurbahnen im #VVO mit \u00fcber 100 Sonderfahrten und Veranstaltungen Die beiden Schmalspurbahnen im Verkehrsverbund Oberelbe (VVO) zogen heute Bilanz f\u00fcr das Jahr 2019 und stellten das Programm f\u00fcr dieses Jahr vor. \u201eMit \u00fcber 400.000 Fahrg\u00e4sten auf der #Wei\u00dferitztalbahn und der #L\u00f6\u00dfnitzgrundbahn sind wir sehr zufrieden\u201c, unterstrich Mirko #Fro\u00df, Eisenbahnbetriebsleiter der# SDG S\u00e4chsische #Dampfeisenbahngesellschaft das &hellip; <a href=\"https:\/\/archiv.schmalspurbahn.de\/?p=18516\" class=\"more-link\"><span class=\"screen-reader-text\">\u201eVolles Programm auf schmaler Spur im Jahr 2020 Schmalspurbahnen im VVO mit \u00fcber 100 Sonderfahrten und Veranstaltungen, aus VVO\u201c <\/span>weiterlesen<\/a><\/p>\n","protected":false},"author":1,"featured_media":0,"comment_status":"open","ping_status":"open","sticky":false,"template":"","format":"standard","meta":{"_crdt_document":"","_jetpack_memberships_contains_paid_content":false,"footnotes":"","_share_on_mastodon":"0"},"categories":[48,7,47],"tags":[437,256,435,436,309,211,438,205,434,142,102,433,294,308,206],"class_list":["post-18516","post","type-post","status-publish","format-standard","hentry","category-loessnitzgrundbahn","category-sachsen","category-weisseritztalbahn","tag-befahrbaren","tag-dampfeisenbahngesellschaft","tag-dippoldiswalde","tag-entdeckertour","tag-fross","tag-kipsdorf","tag-lichterglanz","tag-loessnitzgrundbahn","tag-obercarsdorf","tag-schmalspurbahn","tag-schmalspurbahnen","tag-sperrung","tag-traditionsbahn","tag-vvo","tag-weisseritztalbahn"],"share_on_mastodon":{"url":"","error":""},"jetpack_featured_media_url":"","jetpack_sharing_enabled":true,"amp_enabled":true,"_links":{"self":[{"href":"https:\/\/archiv.schmalspurbahn.de\/index.php?rest_route=\/wp\/v2\/posts\/18516","targetHints":{"allow":["GET"]}}],"collection":[{"href":"https:\/\/archiv.schmalspurbahn.de\/index.php?rest_route=\/wp\/v2\/posts"}],"about":[{"href":"https:\/\/archiv.schmalspurbahn.de\/index.php?rest_route=\/wp\/v2\/types\/post"}],"author":[{"embeddable":true,"href":"https:\/\/archiv.schmalspurbahn.de\/index.php?rest_route=\/wp\/v2\/users\/1"}],"replies":[{"embeddable":true,"href":"https:\/\/archiv.schmalspurbahn.de\/index.php?rest_route=%2Fwp%2Fv2%2Fcomments&post=18516"}],"version-history":[{"count":1,"href":"https:\/\/archiv.schmalspurbahn.de\/index.php?rest_route=\/wp\/v2\/posts\/18516\/revisions"}],"predecessor-version":[{"id":18517,"href":"https:\/\/archiv.schmalspurbahn.de\/index.php?rest_route=\/wp\/v2\/posts\/18516\/revisions\/18517"}],"wp:attachment":[{"href":"https:\/\/archiv.schmalspurbahn.de\/index.php?rest_route=%2Fwp%2Fv2%2Fmedia&parent=18516"}],"wp:term":[{"taxonomy":"category","embeddable":true,"href":"https:\/\/archiv.schmalspurbahn.de\/index.php?rest_route=%2Fwp%2Fv2%2Fcategories&post=18516"},{"taxonomy":"post_tag","embeddable":true,"href":"https:\/\/archiv.schmalspurbahn.de\/index.php?rest_route=%2Fwp%2Fv2%2Ftags&post=18516"}],"curies":[{"name":"wp","href":"https:\/\/api.w.org\/{rel}","templated":true}]}}