{"id":18550,"date":"2020-03-10T19:08:00","date_gmt":"2020-03-10T18:08:00","guid":{"rendered":"http:\/\/archiv.schmalspurbahn.de\/?p=18550"},"modified":"2020-08-18T10:53:01","modified_gmt":"2020-08-18T08:53:01","slug":"sommerfahrplan-der-harzer-schmalspurbahnen-gilt-vom-25-april-bis-zum-24-oktober-bis-zum-10-juli-weniger-fahrten-zum-brocken-aus-hsb","status":"publish","type":"post","link":"https:\/\/archiv.schmalspurbahn.de\/?p=18550","title":{"rendered":"Sommerfahrplan der Harzer Schmalspurbahnen gilt vom 25. April bis zum 24. Oktober Bis zum 10. Juli weniger Fahrten zum Brocken, aus HSB"},"content":{"rendered":"<div class=\"shariff\"><ul class=\"shariff-buttons theme-default orientation-horizontal buttonsize-medium\"><li class=\"shariff-button facebook shariff-nocustomcolor\" style=\"background-color:#4273c8\"><a href=\"https:\/\/www.facebook.com\/sharer\/sharer.php?u=https%3A%2F%2Farchiv.schmalspurbahn.de%2F%3Fp%3D18550\" title=\"Bei Facebook teilen\" aria-label=\"Bei Facebook teilen\" role=\"button\" rel=\"nofollow\" class=\"shariff-link\" style=\"; background-color:#3b5998; color:#fff\" target=\"_blank\"><span class=\"shariff-icon\" style=\"\"><svg width=\"32px\" height=\"20px\" xmlns=\"http:\/\/www.w3.org\/2000\/svg\" viewBox=\"0 0 18 32\"><path fill=\"#3b5998\" d=\"M17.1 0.2v4.7h-2.8q-1.5 0-2.1 0.6t-0.5 1.9v3.4h5.2l-0.7 5.3h-4.5v13.6h-5.5v-13.6h-4.5v-5.3h4.5v-3.9q0-3.3 1.9-5.2t5-1.8q2.6 0 4.1 0.2z\"\/><\/svg><\/span><span class=\"shariff-text\">teilen<\/span>&nbsp;<\/a><\/li><li class=\"shariff-button linkedin shariff-nocustomcolor\" style=\"background-color:#1488bf\"><a href=\"https:\/\/www.linkedin.com\/sharing\/share-offsite\/?url=https%3A%2F%2Farchiv.schmalspurbahn.de%2F%3Fp%3D18550\" title=\"Bei LinkedIn teilen\" aria-label=\"Bei LinkedIn teilen\" role=\"button\" rel=\"noopener nofollow\" class=\"shariff-link\" style=\"; background-color:#0077b5; color:#fff\" target=\"_blank\"><span class=\"shariff-icon\" style=\"\"><svg width=\"32px\" height=\"20px\" xmlns=\"http:\/\/www.w3.org\/2000\/svg\" viewBox=\"0 0 27 32\"><path fill=\"#0077b5\" d=\"M6.2 11.2v17.7h-5.9v-17.7h5.9zM6.6 5.7q0 1.3-0.9 2.2t-2.4 0.9h0q-1.5 0-2.4-0.9t-0.9-2.2 0.9-2.2 2.4-0.9 2.4 0.9 0.9 2.2zM27.4 18.7v10.1h-5.9v-9.5q0-1.9-0.7-2.9t-2.3-1.1q-1.1 0-1.9 0.6t-1.2 1.5q-0.2 0.5-0.2 1.4v9.9h-5.9q0-7.1 0-11.6t0-5.3l0-0.9h5.9v2.6h0q0.4-0.6 0.7-1t1-0.9 1.6-0.8 2-0.3q3 0 4.9 2t1.9 6z\"\/><\/svg><\/span><span class=\"shariff-text\">teilen<\/span>&nbsp;<\/a><\/li><li class=\"shariff-button mailto shariff-nocustomcolor\" style=\"background-color:#a8a8a8\"><a href=\"mailto:?body=https%3A%2F%2Farchiv.schmalspurbahn.de%2F%3Fp%3D18550&subject=Sommerfahrplan%20der%20Harzer%20Schmalspurbahnen%20gilt%20vom%2025.%20April%20bis%20zum%2024.%20Oktober%20Bis%20zum%2010.%20Juli%20weniger%20Fahrten%20zum%20Brocken%2C%20aus%20HSB\" title=\"Per E-Mail versenden\" aria-label=\"Per E-Mail versenden\" role=\"button\" rel=\"noopener nofollow\" class=\"shariff-link\" style=\"; background-color:#999; color:#fff\"><span class=\"shariff-icon\" style=\"\"><svg width=\"32px\" height=\"20px\" xmlns=\"http:\/\/www.w3.org\/2000\/svg\" viewBox=\"0 0 32 32\"><path fill=\"#999\" d=\"M32 12.7v14.2q0 1.2-0.8 2t-2 0.9h-26.3q-1.2 0-2-0.9t-0.8-2v-14.2q0.8 0.9 1.8 1.6 6.5 4.4 8.9 6.1 1 0.8 1.6 1.2t1.7 0.9 2 0.4h0.1q0.9 0 2-0.4t1.7-0.9 1.6-1.2q3-2.2 8.9-6.1 1-0.7 1.8-1.6zM32 7.4q0 1.4-0.9 2.7t-2.2 2.2q-6.7 4.7-8.4 5.8-0.2 0.1-0.7 0.5t-1 0.7-0.9 0.6-1.1 0.5-0.9 0.2h-0.1q-0.4 0-0.9-0.2t-1.1-0.5-0.9-0.6-1-0.7-0.7-0.5q-1.6-1.1-4.7-3.2t-3.6-2.6q-1.1-0.7-2.1-2t-1-2.5q0-1.4 0.7-2.3t2.1-0.9h26.3q1.2 0 2 0.8t0.9 2z\"\/><\/svg><\/span><span class=\"shariff-text\">E-Mail<\/span>&nbsp;<\/a><\/li><li class=\"shariff-button pocket shariff-nocustomcolor\" style=\"background-color:#444\"><a href=\"https:\/\/getpocket.com\/save?url=https%3A%2F%2Farchiv.schmalspurbahn.de%2F%3Fp%3D18550&title=Sommerfahrplan%20der%20Harzer%20Schmalspurbahnen%20gilt%20vom%2025.%20April%20bis%20zum%2024.%20Oktober%20Bis%20zum%2010.%20Juli%20weniger%20Fahrten%20zum%20Brocken%2C%20aus%20HSB\" title=\"Bei Pocket speichern\" aria-label=\"Bei Pocket speichern\" role=\"button\" rel=\"noopener nofollow\" class=\"shariff-link\" style=\"; background-color:#ff0000; color:#fff\" target=\"_blank\"><span class=\"shariff-icon\" style=\"\"><svg width=\"32px\" height=\"20px\" xmlns=\"http:\/\/www.w3.org\/2000\/svg\" viewBox=\"0 0 27 28\"><path fill=\"#ff0000\" d=\"M24.5 2q1 0 1.7 0.7t0.7 1.7v8.1q0 2.8-1.1 5.3t-2.9 4.3-4.3 2.9-5.2 1.1q-2.7 0-5.2-1.1t-4.3-2.9-2.9-4.3-1.1-5.2v-8.1q0-1 0.7-1.7t1.7-0.7h22zM13.5 18.6q0.7 0 1.3-0.5l6.3-6.1q0.6-0.5 0.6-1.3 0-0.8-0.5-1.3t-1.3-0.5q-0.7 0-1.3 0.5l-5 4.8-5-4.8q-0.5-0.5-1.3-0.5-0.8 0-1.3 0.5t-0.5 1.3q0 0.8 0.6 1.3l6.3 6.1q0.5 0.5 1.3 0.5z\"\/><\/svg><\/span><span class=\"shariff-text\">Pocket<\/span>&nbsp;<\/a><\/li><li class=\"shariff-button rss shariff-nocustomcolor\" style=\"background-color:#ff8c00\"><a href=\"https:\/\/archiv.schmalspurbahn.de\/?feed=rss\" title=\"RSS-feed\" aria-label=\"RSS-feed\" role=\"button\" class=\"shariff-link\" style=\"; background-color:#fe9312; color:#fff\" target=\"_blank\"><span class=\"shariff-icon\" style=\"\"><svg width=\"32px\" height=\"20px\" xmlns=\"http:\/\/www.w3.org\/2000\/svg\" viewBox=\"0 0 32 32\"><path fill=\"#fe9312\" d=\"M4.3 23.5c-2.3 0-4.3 1.9-4.3 4.3 0 2.3 1.9 4.2 4.3 4.2 2.4 0 4.3-1.9 4.3-4.2 0-2.3-1.9-4.3-4.3-4.3zM0 10.9v6.1c4 0 7.7 1.6 10.6 4.4 2.8 2.8 4.4 6.6 4.4 10.6h6.2c0-11.7-9.5-21.1-21.1-21.1zM0 0v6.1c14.2 0 25.8 11.6 25.8 25.9h6.2c0-17.6-14.4-32-32-32z\"\/><\/svg><\/span><span class=\"shariff-text\">RSS-feed<\/span>&nbsp;<\/a><\/li><li class=\"shariff-button tumblr shariff-nocustomcolor\" style=\"background-color:#529ecc\"><a href=\"https:\/\/www.tumblr.com\/widgets\/share\/tool?posttype=link&canonicalUrl=https%3A%2F%2Farchiv.schmalspurbahn.de%2F%3Fp%3D18550&tags=archiv.schmalspurbahn.de\" title=\"Bei tumblr teilen\" aria-label=\"Bei tumblr teilen\" role=\"button\" rel=\"noopener nofollow\" class=\"shariff-link\" style=\"; background-color:#36465d; color:#fff\" target=\"_blank\"><span class=\"shariff-icon\" style=\"\"><svg width=\"32px\" height=\"20px\" xmlns=\"http:\/\/www.w3.org\/2000\/svg\" viewBox=\"0 0 32 32\"><path fill=\"#36465d\" d=\"M18 14l0 7.3c0 1.9 0 2.9 0.2 3.5 0.2 0.5 0.7 1.1 1.2 1.4 0.7 0.4 1.5 0.6 2.4 0.6 1.6 0 2.6-0.2 4.2-1.3v4.8c-1.4 0.6-2.6 1-3.7 1.3-1.1 0.3-2.3 0.4-3.6 0.4-1.5 0-2.3-0.2-3.4-0.6-1.1-0.4-2.1-0.9-2.9-1.6-0.8-0.7-1.3-1.4-1.7-2.2s-0.5-1.9-0.5-3.4v-11.2h-4.3v-4.5c1.3-0.4 2.7-1 3.6-1.8 0.9-0.8 1.6-1.7 2.2-2.7 0.5-1.1 0.9-2.4 1.1-4.1h5.2l0 8h8v6h-8z\"\/><\/svg><\/span><span class=\"shariff-text\">teilen<\/span>&nbsp;<\/a><\/li><li class=\"shariff-button twitter shariff-nocustomcolor\" style=\"background-color:#595959\"><a href=\"https:\/\/twitter.com\/share?url=https%3A%2F%2Farchiv.schmalspurbahn.de%2F%3Fp%3D18550&text=Sommerfahrplan%20der%20Harzer%20Schmalspurbahnen%20gilt%20vom%2025.%20April%20bis%20zum%2024.%20Oktober%20Bis%20zum%2010.%20Juli%20weniger%20Fahrten%20zum%20Brocken%2C%20aus%20HSB\" title=\"Bei X teilen\" aria-label=\"Bei X teilen\" role=\"button\" rel=\"noopener nofollow\" class=\"shariff-link\" style=\"; background-color:#000; color:#fff\" target=\"_blank\"><span class=\"shariff-icon\" style=\"\"><svg width=\"32px\" height=\"20px\" xmlns=\"http:\/\/www.w3.org\/2000\/svg\" viewBox=\"0 0 24 24\"><path fill=\"#000\" d=\"M14.258 10.152L23.176 0h-2.113l-7.747 8.813L7.133 0H0l9.352 13.328L0 23.973h2.113l8.176-9.309 6.531 9.309h7.133zm-2.895 3.293l-.949-1.328L2.875 1.56h3.246l6.086 8.523.945 1.328 7.91 11.078h-3.246zm0 0\"\/><\/svg><\/span><span class=\"shariff-text\">teilen<\/span>&nbsp;<\/a><\/li><li class=\"shariff-button whatsapp shariff-nocustomcolor\" style=\"background-color:#5cbe4a\"><a href=\"https:\/\/api.whatsapp.com\/send?text=https%3A%2F%2Farchiv.schmalspurbahn.de%2F%3Fp%3D18550%20Sommerfahrplan%20der%20Harzer%20Schmalspurbahnen%20gilt%20vom%2025.%20April%20bis%20zum%2024.%20Oktober%20Bis%20zum%2010.%20Juli%20weniger%20Fahrten%20zum%20Brocken%2C%20aus%20HSB\" title=\"Bei Whatsapp teilen\" aria-label=\"Bei Whatsapp teilen\" role=\"button\" rel=\"noopener nofollow\" class=\"shariff-link\" style=\"; background-color:#34af23; color:#fff\" target=\"_blank\"><span class=\"shariff-icon\" style=\"\"><svg width=\"32px\" height=\"20px\" xmlns=\"http:\/\/www.w3.org\/2000\/svg\" viewBox=\"0 0 32 32\"><path fill=\"#34af23\" d=\"M17.6 17.4q0.2 0 1.7 0.8t1.6 0.9q0 0.1 0 0.3 0 0.6-0.3 1.4-0.3 0.7-1.3 1.2t-1.8 0.5q-1 0-3.4-1.1-1.7-0.8-3-2.1t-2.6-3.3q-1.3-1.9-1.3-3.5v-0.1q0.1-1.6 1.3-2.8 0.4-0.4 0.9-0.4 0.1 0 0.3 0t0.3 0q0.3 0 0.5 0.1t0.3 0.5q0.1 0.4 0.6 1.6t0.4 1.3q0 0.4-0.6 1t-0.6 0.8q0 0.1 0.1 0.3 0.6 1.3 1.8 2.4 1 0.9 2.7 1.8 0.2 0.1 0.4 0.1 0.3 0 1-0.9t0.9-0.9zM14 26.9q2.3 0 4.3-0.9t3.6-2.4 2.4-3.6 0.9-4.3-0.9-4.3-2.4-3.6-3.6-2.4-4.3-0.9-4.3 0.9-3.6 2.4-2.4 3.6-0.9 4.3q0 3.6 2.1 6.6l-1.4 4.2 4.3-1.4q2.8 1.9 6.2 1.9zM14 2.2q2.7 0 5.2 1.1t4.3 2.9 2.9 4.3 1.1 5.2-1.1 5.2-2.9 4.3-4.3 2.9-5.2 1.1q-3.5 0-6.5-1.7l-7.4 2.4 2.4-7.2q-1.9-3.2-1.9-6.9 0-2.7 1.1-5.2t2.9-4.3 4.3-2.9 5.2-1.1z\"\/><\/svg><\/span><span class=\"shariff-text\">teilen<\/span>&nbsp;<\/a><\/li><li class=\"shariff-button xing shariff-nocustomcolor\" style=\"background-color:#29888a\"><a href=\"https:\/\/www.xing.com\/spi\/shares\/new?url=https%3A%2F%2Farchiv.schmalspurbahn.de%2F%3Fp%3D18550\" title=\"Bei XING teilen\" aria-label=\"Bei XING teilen\" role=\"button\" rel=\"noopener nofollow\" class=\"shariff-link\" style=\"; background-color:#126567; color:#fff\" target=\"_blank\"><span class=\"shariff-icon\" style=\"\"><svg width=\"32px\" height=\"20px\" xmlns=\"http:\/\/www.w3.org\/2000\/svg\" viewBox=\"0 0 25 32\"><path fill=\"#126567\" d=\"M10.7 11.9q-0.2 0.3-4.6 8.2-0.5 0.8-1.2 0.8h-4.3q-0.4 0-0.5-0.3t0-0.6l4.5-8q0 0 0 0l-2.9-5q-0.2-0.4 0-0.7 0.2-0.3 0.5-0.3h4.3q0.7 0 1.2 0.8zM25.1 0.4q0.2 0.3 0 0.7l-9.4 16.7 6 11q0.2 0.4 0 0.6-0.2 0.3-0.6 0.3h-4.3q-0.7 0-1.2-0.8l-6-11.1q0.3-0.6 9.5-16.8 0.4-0.8 1.2-0.8h4.3q0.4 0 0.5 0.3z\"\/><\/svg><\/span><span class=\"shariff-text\">teilen<\/span>&nbsp;<\/a><\/li><\/ul><\/div><p><span class=\"hashtag\"> #<a href=\"https:\/\/archiv.schmalspurbahn.de?s=%23Wernigerode\">Wernigerode<\/a><\/span> \u2013 Am 25. April tritt bei der<span class=\"hashtag\"> #<a href=\"https:\/\/archiv.schmalspurbahn.de?s=%23Harzer\">Harzer<\/a><\/span><span class=\"hashtag\"> #<a href=\"https:\/\/archiv.schmalspurbahn.de?s=%23Schmalspurbahnen\">Schmalspurbahnen<\/a><\/span> GmbH (<a href=\"https:\/\/archiv.schmalspurbahn.de\/?tag=hsb\">#HSB<\/a>)<br \/>\nder diesj\u00e4hrige<span class=\"hashtag\"> #<a href=\"https:\/\/archiv.schmalspurbahn.de?s=%23Sommerfahrplan\">Sommerfahrplan<\/a><\/span> in Kraft. Er gilt bis einschlie\u00dflich 24. Oktober und<br \/>\nenth\u00e4lt Verbesserungen f\u00fcr Fahrg\u00e4ste im<span class=\"hashtag\"> #<a href=\"https:\/\/archiv.schmalspurbahn.de?s=%23S\u00fcdharz\">S\u00fcdharz<\/a><\/span> sowie im<span class=\"hashtag\"> #<a href=\"https:\/\/archiv.schmalspurbahn.de?s=%23Selketal.\">Selketal.<\/a><\/span><br \/>\nEinschr\u00e4nkungen und ein angepasstes Fahrtenangebot wird es allerdings zun\u00e4chst<br \/>\nim<span class=\"hashtag\"> #<a href=\"https:\/\/archiv.schmalspurbahn.de?s=%23Brockenverkehr\">Brockenverkehr<\/a><\/span> sowie auf dem Abschnitt zwischen Wernigerode und<span class=\"hashtag\"> #<a href=\"https:\/\/archiv.schmalspurbahn.de?s=%23Drei\">Drei<\/a><\/span><br \/>\nAnnen Hohne geben. Hier gilt aufgrund der nach wie vor angespannten<br \/><span class=\"hashtag\">\n#<a href=\"https:\/\/archiv.schmalspurbahn.de?s=%23Fahrzeugsituation\">Fahrzeugsituation<\/a><\/span> ein<span class=\"hashtag\"> #<a href=\"https:\/\/archiv.schmalspurbahn.de?s=%23\u00dcbergangsfahrplan\">\u00dcbergangsfahrplan<\/a><\/span> bis zum 10. Juli. Erst anschlie\u00dfend wird<br \/>\nauch hier das gewohnte Fahrtenprogramm wieder vollst\u00e4ndig aufgenommen.<br \/>\nIm kommenden Sommer bietet die HSB ihren G\u00e4sten wieder umfangreiche<br \/>\nReiseerlebnisse auf dem 140,4 km umfassenden Streckennetz zwischen<br \/>\nWernigerode,<span class=\"hashtag\"> #<a href=\"https:\/\/archiv.schmalspurbahn.de?s=%23Quedlinburg,\">Quedlinburg,<\/a><\/span><span class=\"hashtag\"> #<a href=\"https:\/\/archiv.schmalspurbahn.de?s=%23Nordhausen\">Nordhausen<\/a><\/span> und dem<span class=\"hashtag\"> #<a href=\"https:\/\/archiv.schmalspurbahn.de?s=%23Brocken\">Brocken<\/a><\/span> an. Erstmals wird es<br \/>\ndiesem Jahr jedoch eine Zweiteilung der sommerlichen Fahrplanperiode geben. So<br \/>\ngilt bis zum 10. Juli zun\u00e4chst ein \u00dcbergangsfahrplan, der von Drei Annen Hohne<br \/>\nnur acht Bergfahrten zum Brocken vorsieht. Hintergrund ist die zeitliche<br \/>\nVerz\u00f6gerung bei der Untersuchung einer<span class=\"hashtag\"> #<a href=\"https:\/\/archiv.schmalspurbahn.de?s=%23Dampflokomotive,\">Dampflokomotive,<\/a><\/span> wodurch zu<br \/>\nFahrplanbeginn noch nicht ausreichend Triebfahrzeuge zur Verf\u00fcgung stehen.<br \/>\nAufgrund der zun\u00e4chst fehlenden Lokomotive passt die HSB bis zum 10. Juli auch<br \/>\ndas Fahrtenangebot zwischen Wernigerode und Drei Annen Hohne an. So werden<br \/>\ndie Dampfzugfahrten von der \u201eBunten Stadt am Harz\u201c in Richtung Brocken um<br \/>\n8:55 Uhr und 9:40 Uhr zu einer neuen Abfahrt um 9:10 Uhr zusammengefasst.<br \/>\nDar\u00fcber hinaus werden w\u00e4hrend des \u00dcbergangfahrplans die Z\u00fcge ab Wernigerode<br \/>\num 14:55 Uhr und 16:25 Uhr mit einem Triebwagen anstelle eines Dampfzuges<br \/>\nbis Drei Annen Hohne gefahren, der jeweils weiterf\u00fchrende Anschluss in Richtung<br \/>\nBrocken entf\u00e4llt. Daf\u00fcr wird von Wernigerode um 15:50 Uhr ein Dampfzug mit<br \/>\nFahrtziel Brocken verkehren. Bis zum 10. Juli wird auch die Fahrt um 12:53 Uhr<br \/>\nvon Drei Annen Hohne nach Wernigerode als Triebwagen und nicht als Dampfzug<br \/>\nverkehren. Auf demselben Abschnitt wird w\u00e4hrend der \u00dcbergangsphase dar\u00fcber<br \/>\nhinaus um 15:39 Uhr ein zus\u00e4tzlicher Zug als<span class=\"hashtag\"> #<a href=\"https:\/\/archiv.schmalspurbahn.de?s=%23Triebwagen\">Triebwagen<\/a><\/span> nach Wernigerode<br \/>\nfahren.<br \/>\nZum 11. Juli tritt dann der zweite Abschnitt des diesj\u00e4hrigen Sommerfahrplans in<br \/>\nKraft. Ab diesem Zeitpunkt wird der urspr\u00fcnglich geplante Verkehr mit insgesamt<br \/>\nelf Bergfahrten zum h\u00f6chsten Berg des Harzes und dem regul\u00e4ren Angebot<\/p>\n<p>zwischen Wernigerode und Drei Annen Hohne wieder aufgenommen. F\u00fcr G\u00e4ste<br \/>\nmit Fahrtziel Brocken bietet die HSB w\u00e4hrend der gesamten Sommerperiode auch<br \/>\nwieder zahlreiche Sonderfahrten mit dem nostalgischen<span class=\"hashtag\"> #<a href=\"https:\/\/archiv.schmalspurbahn.de?s=%23Traditionszug\">Traditionszug<\/a><\/span> an, die<br \/>\nneben einer Sitzplatzgarantie auch weitere Leistungen enthalten. Weitere<br \/>\nthematische Sonderfahrten f\u00fchren ebenfalls auf den Brocken sowie ins gesamte<br \/>\nStreckennetz.<br \/>\nDer Dampfzug von Nordhausen zum Brocken verkehrt auch in der kommenden<br \/>\nSommerperiode ab dem 25. April t\u00e4glich. Die Abfahrtszeit in der<br \/>\nnordth\u00fcringischen Kreisstadt wird allerdings um wenige Minuten auf 10:33 Uhr<br \/>\nverschoben, um Anschlussreisenden aus Richtung Erfurt, Halle (Saale) und Kassel<br \/>\neinen verbesserten \u00dcbergang zu erm\u00f6glichen. Aus dem gleichen Grund werden<br \/>\nebenfalls zwei vormitt\u00e4gliche Triebwagenfahrten von Nordhausen in den Harz<br \/>\nwenige Minuten sp\u00e4ter verkehren. Eine weitere Verbesserung f\u00fcr Fahrg\u00e4ste im<br \/>\nS\u00fcdharz gibt es samstags, sonn- und feiertags mit einer zus\u00e4tzlichen<br \/>\nTriebwagenfahrt von Nordhausen nach<span class=\"hashtag\"> #<a href=\"https:\/\/archiv.schmalspurbahn.de?s=%23Eisfelder\">Eisfelder<\/a><\/span> Talm\u00fchle und zur\u00fcck. Auch das<br \/>\nAngebot f\u00fcr Reisende aus Richtung Wernigerode und Nordhausen mit Fahrtziel<br \/><span class=\"hashtag\">\n#<a href=\"https:\/\/archiv.schmalspurbahn.de?s=%23Selketal\">Selketal<\/a><\/span> verbessert sich durch angepasste Fahrzeiten. Weiterhin werden im neuen<br \/>\nSommerfahrplan ebenfalls die Bed\u00fcrfnisse des Sch\u00fclerverkehrs im S\u00fcdharz<br \/>\nber\u00fccksichtigt.<br \/>\nAuf der Selketalbahn von<span class=\"hashtag\"> #<a href=\"https:\/\/archiv.schmalspurbahn.de?s=%23Quedlinburg\">Quedlinburg<\/a><\/span> \u00fcber<span class=\"hashtag\"> #<a href=\"https:\/\/archiv.schmalspurbahn.de?s=%23Alexisbad,\">Alexisbad,<\/a><\/span><span class=\"hashtag\"> #<a href=\"https:\/\/archiv.schmalspurbahn.de?s=%23Harzgerode,\">Harzgerode,<\/a><\/span><span class=\"hashtag\"> #<a href=\"https:\/\/archiv.schmalspurbahn.de?s=%23Stiege\">Stiege<\/a><\/span> und<br \/><span class=\"hashtag\">\n#<a href=\"https:\/\/archiv.schmalspurbahn.de?s=%23Hasselfelde\">Hasselfelde<\/a><\/span> nach Eisfelder Talm\u00fchle wird es neben dem gewohnten<br \/>\nFahrtenangebot der Vorjahre ebenso eine Verbesserung geben. So verl\u00e4ngert die<br \/>\nHSB die Fahrt ihres t\u00e4glichen<span class=\"hashtag\"> #<a href=\"https:\/\/archiv.schmalspurbahn.de?s=%23Dampfzuges\">Dampfzuges<\/a><\/span> um 11:46 Uhr von Alexisbad nach<br \/>\nGernrode (Harz) bis nach Quedlinburg. Die Ankunft erfolgt hier um 12:46 Uhr, die<br \/>\nR\u00fcckfahrt nach Gernrode (Harz) findet um 12:56 Uhr statt. Damit bekommt nicht<br \/>\nnur die Stadt Quedlinburg eine weitere<span class=\"hashtag\"> #<a href=\"https:\/\/archiv.schmalspurbahn.de?s=%23Dampfzugverbindung,\">Dampfzugverbindung,<\/a><\/span> auch die G\u00e4ste des<br \/>\nErholungsortes Alexibad erhalten eine zus\u00e4tzliche M\u00f6glichkeit zum Besuch der<br \/>\nWelterbestadt. Bedingt durch die angespannte Fahrzeugsituation und den<br \/>\nanhaltenden Personalmangel wird es allerdings auch in diesem Sommer dabei<br \/>\nbleiben, dass der von Donnerstag bis Samstag verkehrende zweite Dampfzug als<br \/>\nTriebwagen verkehrt. Der t\u00e4gliche Dampfbetrieb auf der gesamten Selketalbahn<br \/>\nwird jedoch f\u00fcr die gesamte Sommersaison gew\u00e4hrleistet.<br \/>\nN\u00e4here Informationen zu beiden Abschnitten des Sommerfahrplans 2020 sind in<br \/>\nallen Verkaufsstellen der HSB, telefonisch unter 03943\/558-0 sowie auf der<br \/>\nHomepage des Unternehmens erh\u00e4ltlich.<\/p>\n<p>Herausgeber:<br \/>\nHarzer Schmalspurbahnen GmbH<br \/>\nFriedrichstra\u00dfe 151<br \/>\n38855 Wernigerode<br \/>\nTel. 03943 558 117<br \/>\nFax 03943 558 112<br \/>\npressestelle@hsb-wr.de<br \/>\nwww.hsb-wr.de<br \/>\ninfo@hsb-wr.de<\/p>\n","protected":false},"excerpt":{"rendered":"<p>#Wernigerode \u2013 Am 25. April tritt bei der #Harzer #Schmalspurbahnen GmbH (#HSB) der diesj\u00e4hrige #Sommerfahrplan in Kraft. Er gilt bis einschlie\u00dflich 24. Oktober und enth\u00e4lt Verbesserungen f\u00fcr Fahrg\u00e4ste im #S\u00fcdharz sowie im #Selketal. Einschr\u00e4nkungen und ein angepasstes Fahrtenangebot wird es allerdings zun\u00e4chst im #Brockenverkehr sowie auf dem Abschnitt zwischen Wernigerode und #Drei Annen Hohne geben. &hellip; <a href=\"https:\/\/archiv.schmalspurbahn.de\/?p=18550\" class=\"more-link\"><span class=\"screen-reader-text\">\u201eSommerfahrplan der Harzer Schmalspurbahnen gilt vom 25. April bis zum 24. Oktober Bis zum 10. Juli weniger Fahrten zum Brocken, aus HSB\u201c <\/span>weiterlesen<\/a><\/p>\n","protected":false},"author":1,"featured_media":0,"comment_status":"open","ping_status":"open","sticky":false,"template":"","format":"standard","meta":{"_crdt_document":"","_jetpack_memberships_contains_paid_content":false,"footnotes":"","_share_on_mastodon":"0"},"categories":[5,53,4,3],"tags":[249,243,337,340,343,344,244,251,338,333,250,253,103,245,252,102,336,334,342,335,341,137,339,101],"class_list":["post-18550","post","type-post","status-publish","format-standard","hentry","category-harz","category-harzer-schmalspurbahnen","category-sachsen-anhalt","category-thueringen","tag-alexisbad","tag-brocken","tag-brockenverkehr","tag-dampflokomotive","tag-dampfzuges","tag-dampfzugverbindung","tag-drei","tag-eisfelder","tag-fahrzeugsituation","tag-harzer","tag-harzgerode","tag-hasselfelde","tag-hsb","tag-nordhausen","tag-quedlinburg","tag-schmalspurbahnen","tag-selketal","tag-sommerfahrplan","tag-stiege","tag-suedharz","tag-traditionszug","tag-triebwagen","tag-uebergangsfahrplan","tag-wernigerode"],"share_on_mastodon":{"url":"","error":""},"jetpack_featured_media_url":"","jetpack_sharing_enabled":true,"amp_enabled":true,"_links":{"self":[{"href":"https:\/\/archiv.schmalspurbahn.de\/index.php?rest_route=\/wp\/v2\/posts\/18550","targetHints":{"allow":["GET"]}}],"collection":[{"href":"https:\/\/archiv.schmalspurbahn.de\/index.php?rest_route=\/wp\/v2\/posts"}],"about":[{"href":"https:\/\/archiv.schmalspurbahn.de\/index.php?rest_route=\/wp\/v2\/types\/post"}],"author":[{"embeddable":true,"href":"https:\/\/archiv.schmalspurbahn.de\/index.php?rest_route=\/wp\/v2\/users\/1"}],"replies":[{"embeddable":true,"href":"https:\/\/archiv.schmalspurbahn.de\/index.php?rest_route=%2Fwp%2Fv2%2Fcomments&post=18550"}],"version-history":[{"count":1,"href":"https:\/\/archiv.schmalspurbahn.de\/index.php?rest_route=\/wp\/v2\/posts\/18550\/revisions"}],"predecessor-version":[{"id":18551,"href":"https:\/\/archiv.schmalspurbahn.de\/index.php?rest_route=\/wp\/v2\/posts\/18550\/revisions\/18551"}],"wp:attachment":[{"href":"https:\/\/archiv.schmalspurbahn.de\/index.php?rest_route=%2Fwp%2Fv2%2Fmedia&parent=18550"}],"wp:term":[{"taxonomy":"category","embeddable":true,"href":"https:\/\/archiv.schmalspurbahn.de\/index.php?rest_route=%2Fwp%2Fv2%2Fcategories&post=18550"},{"taxonomy":"post_tag","embeddable":true,"href":"https:\/\/archiv.schmalspurbahn.de\/index.php?rest_route=%2Fwp%2Fv2%2Ftags&post=18550"}],"curies":[{"name":"wp","href":"https:\/\/api.w.org\/{rel}","templated":true}]}}