{"id":21027,"date":"2022-04-26T16:56:00","date_gmt":"2022-04-26T14:56:00","guid":{"rendered":"https:\/\/archiv.schmalspurbahn.de\/?p=21027"},"modified":"2022-04-27T20:58:53","modified_gmt":"2022-04-27T18:58:53","slug":"oechsle-startet-am-1-mai-in-die-neue-saison-aus-oechsle","status":"publish","type":"post","link":"https:\/\/archiv.schmalspurbahn.de\/?p=21027","title":{"rendered":"\u00d6chsle startet am 1. Mai in die neue Saison, aus \u00d6chsle"},"content":{"rendered":"<div class=\"shariff\"><ul class=\"shariff-buttons theme-default orientation-horizontal buttonsize-medium\"><li class=\"shariff-button facebook shariff-nocustomcolor\" style=\"background-color:#4273c8\"><a href=\"https:\/\/www.facebook.com\/sharer\/sharer.php?u=https%3A%2F%2Farchiv.schmalspurbahn.de%2F%3Fp%3D21027\" title=\"Bei Facebook teilen\" aria-label=\"Bei Facebook teilen\" role=\"button\" rel=\"nofollow\" class=\"shariff-link\" style=\"; background-color:#3b5998; color:#fff\" target=\"_blank\"><span class=\"shariff-icon\" style=\"\"><svg width=\"32px\" height=\"20px\" xmlns=\"http:\/\/www.w3.org\/2000\/svg\" viewBox=\"0 0 18 32\"><path fill=\"#3b5998\" d=\"M17.1 0.2v4.7h-2.8q-1.5 0-2.1 0.6t-0.5 1.9v3.4h5.2l-0.7 5.3h-4.5v13.6h-5.5v-13.6h-4.5v-5.3h4.5v-3.9q0-3.3 1.9-5.2t5-1.8q2.6 0 4.1 0.2z\"\/><\/svg><\/span><span class=\"shariff-text\">teilen<\/span>&nbsp;<\/a><\/li><li class=\"shariff-button linkedin shariff-nocustomcolor\" style=\"background-color:#1488bf\"><a href=\"https:\/\/www.linkedin.com\/sharing\/share-offsite\/?url=https%3A%2F%2Farchiv.schmalspurbahn.de%2F%3Fp%3D21027\" title=\"Bei LinkedIn teilen\" aria-label=\"Bei LinkedIn teilen\" role=\"button\" rel=\"noopener nofollow\" class=\"shariff-link\" style=\"; background-color:#0077b5; color:#fff\" target=\"_blank\"><span class=\"shariff-icon\" style=\"\"><svg width=\"32px\" height=\"20px\" xmlns=\"http:\/\/www.w3.org\/2000\/svg\" viewBox=\"0 0 27 32\"><path fill=\"#0077b5\" d=\"M6.2 11.2v17.7h-5.9v-17.7h5.9zM6.6 5.7q0 1.3-0.9 2.2t-2.4 0.9h0q-1.5 0-2.4-0.9t-0.9-2.2 0.9-2.2 2.4-0.9 2.4 0.9 0.9 2.2zM27.4 18.7v10.1h-5.9v-9.5q0-1.9-0.7-2.9t-2.3-1.1q-1.1 0-1.9 0.6t-1.2 1.5q-0.2 0.5-0.2 1.4v9.9h-5.9q0-7.1 0-11.6t0-5.3l0-0.9h5.9v2.6h0q0.4-0.6 0.7-1t1-0.9 1.6-0.8 2-0.3q3 0 4.9 2t1.9 6z\"\/><\/svg><\/span><span class=\"shariff-text\">teilen<\/span>&nbsp;<\/a><\/li><li class=\"shariff-button mailto shariff-nocustomcolor\" style=\"background-color:#a8a8a8\"><a href=\"mailto:?body=https%3A%2F%2Farchiv.schmalspurbahn.de%2F%3Fp%3D21027&subject=%C3%96chsle%20startet%20am%201.%20Mai%20in%20die%20neue%20Saison%2C%20aus%20%C3%96chsle\" title=\"Per E-Mail versenden\" aria-label=\"Per E-Mail versenden\" role=\"button\" rel=\"noopener nofollow\" class=\"shariff-link\" style=\"; background-color:#999; color:#fff\"><span class=\"shariff-icon\" style=\"\"><svg width=\"32px\" height=\"20px\" xmlns=\"http:\/\/www.w3.org\/2000\/svg\" viewBox=\"0 0 32 32\"><path fill=\"#999\" d=\"M32 12.7v14.2q0 1.2-0.8 2t-2 0.9h-26.3q-1.2 0-2-0.9t-0.8-2v-14.2q0.8 0.9 1.8 1.6 6.5 4.4 8.9 6.1 1 0.8 1.6 1.2t1.7 0.9 2 0.4h0.1q0.9 0 2-0.4t1.7-0.9 1.6-1.2q3-2.2 8.9-6.1 1-0.7 1.8-1.6zM32 7.4q0 1.4-0.9 2.7t-2.2 2.2q-6.7 4.7-8.4 5.8-0.2 0.1-0.7 0.5t-1 0.7-0.9 0.6-1.1 0.5-0.9 0.2h-0.1q-0.4 0-0.9-0.2t-1.1-0.5-0.9-0.6-1-0.7-0.7-0.5q-1.6-1.1-4.7-3.2t-3.6-2.6q-1.1-0.7-2.1-2t-1-2.5q0-1.4 0.7-2.3t2.1-0.9h26.3q1.2 0 2 0.8t0.9 2z\"\/><\/svg><\/span><span class=\"shariff-text\">E-Mail<\/span>&nbsp;<\/a><\/li><li class=\"shariff-button pocket shariff-nocustomcolor\" style=\"background-color:#444\"><a href=\"https:\/\/getpocket.com\/save?url=https%3A%2F%2Farchiv.schmalspurbahn.de%2F%3Fp%3D21027&title=%C3%96chsle%20startet%20am%201.%20Mai%20in%20die%20neue%20Saison%2C%20aus%20%C3%96chsle\" title=\"Bei Pocket speichern\" aria-label=\"Bei Pocket speichern\" role=\"button\" rel=\"noopener nofollow\" class=\"shariff-link\" style=\"; background-color:#ff0000; color:#fff\" target=\"_blank\"><span class=\"shariff-icon\" style=\"\"><svg width=\"32px\" height=\"20px\" xmlns=\"http:\/\/www.w3.org\/2000\/svg\" viewBox=\"0 0 27 28\"><path fill=\"#ff0000\" d=\"M24.5 2q1 0 1.7 0.7t0.7 1.7v8.1q0 2.8-1.1 5.3t-2.9 4.3-4.3 2.9-5.2 1.1q-2.7 0-5.2-1.1t-4.3-2.9-2.9-4.3-1.1-5.2v-8.1q0-1 0.7-1.7t1.7-0.7h22zM13.5 18.6q0.7 0 1.3-0.5l6.3-6.1q0.6-0.5 0.6-1.3 0-0.8-0.5-1.3t-1.3-0.5q-0.7 0-1.3 0.5l-5 4.8-5-4.8q-0.5-0.5-1.3-0.5-0.8 0-1.3 0.5t-0.5 1.3q0 0.8 0.6 1.3l6.3 6.1q0.5 0.5 1.3 0.5z\"\/><\/svg><\/span><span class=\"shariff-text\">Pocket<\/span>&nbsp;<\/a><\/li><li class=\"shariff-button rss shariff-nocustomcolor\" style=\"background-color:#ff8c00\"><a href=\"https:\/\/archiv.schmalspurbahn.de\/?feed=rss\" title=\"RSS-feed\" aria-label=\"RSS-feed\" role=\"button\" class=\"shariff-link\" style=\"; background-color:#fe9312; color:#fff\" target=\"_blank\"><span class=\"shariff-icon\" style=\"\"><svg width=\"32px\" height=\"20px\" xmlns=\"http:\/\/www.w3.org\/2000\/svg\" viewBox=\"0 0 32 32\"><path fill=\"#fe9312\" d=\"M4.3 23.5c-2.3 0-4.3 1.9-4.3 4.3 0 2.3 1.9 4.2 4.3 4.2 2.4 0 4.3-1.9 4.3-4.2 0-2.3-1.9-4.3-4.3-4.3zM0 10.9v6.1c4 0 7.7 1.6 10.6 4.4 2.8 2.8 4.4 6.6 4.4 10.6h6.2c0-11.7-9.5-21.1-21.1-21.1zM0 0v6.1c14.2 0 25.8 11.6 25.8 25.9h6.2c0-17.6-14.4-32-32-32z\"\/><\/svg><\/span><span class=\"shariff-text\">RSS-feed<\/span>&nbsp;<\/a><\/li><li class=\"shariff-button tumblr shariff-nocustomcolor\" style=\"background-color:#529ecc\"><a href=\"https:\/\/www.tumblr.com\/widgets\/share\/tool?posttype=link&canonicalUrl=https%3A%2F%2Farchiv.schmalspurbahn.de%2F%3Fp%3D21027&tags=archiv.schmalspurbahn.de\" title=\"Bei tumblr teilen\" aria-label=\"Bei tumblr teilen\" role=\"button\" rel=\"noopener nofollow\" class=\"shariff-link\" style=\"; background-color:#36465d; color:#fff\" target=\"_blank\"><span class=\"shariff-icon\" style=\"\"><svg width=\"32px\" height=\"20px\" xmlns=\"http:\/\/www.w3.org\/2000\/svg\" viewBox=\"0 0 32 32\"><path fill=\"#36465d\" d=\"M18 14l0 7.3c0 1.9 0 2.9 0.2 3.5 0.2 0.5 0.7 1.1 1.2 1.4 0.7 0.4 1.5 0.6 2.4 0.6 1.6 0 2.6-0.2 4.2-1.3v4.8c-1.4 0.6-2.6 1-3.7 1.3-1.1 0.3-2.3 0.4-3.6 0.4-1.5 0-2.3-0.2-3.4-0.6-1.1-0.4-2.1-0.9-2.9-1.6-0.8-0.7-1.3-1.4-1.7-2.2s-0.5-1.9-0.5-3.4v-11.2h-4.3v-4.5c1.3-0.4 2.7-1 3.6-1.8 0.9-0.8 1.6-1.7 2.2-2.7 0.5-1.1 0.9-2.4 1.1-4.1h5.2l0 8h8v6h-8z\"\/><\/svg><\/span><span class=\"shariff-text\">teilen<\/span>&nbsp;<\/a><\/li><li class=\"shariff-button twitter shariff-nocustomcolor\" style=\"background-color:#595959\"><a href=\"https:\/\/twitter.com\/share?url=https%3A%2F%2Farchiv.schmalspurbahn.de%2F%3Fp%3D21027&text=%C3%96chsle%20startet%20am%201.%20Mai%20in%20die%20neue%20Saison%2C%20aus%20%C3%96chsle\" title=\"Bei X teilen\" aria-label=\"Bei X teilen\" role=\"button\" rel=\"noopener nofollow\" class=\"shariff-link\" style=\"; background-color:#000; color:#fff\" target=\"_blank\"><span class=\"shariff-icon\" style=\"\"><svg width=\"32px\" height=\"20px\" xmlns=\"http:\/\/www.w3.org\/2000\/svg\" viewBox=\"0 0 24 24\"><path fill=\"#000\" d=\"M14.258 10.152L23.176 0h-2.113l-7.747 8.813L7.133 0H0l9.352 13.328L0 23.973h2.113l8.176-9.309 6.531 9.309h7.133zm-2.895 3.293l-.949-1.328L2.875 1.56h3.246l6.086 8.523.945 1.328 7.91 11.078h-3.246zm0 0\"\/><\/svg><\/span><span class=\"shariff-text\">teilen<\/span>&nbsp;<\/a><\/li><li class=\"shariff-button whatsapp shariff-nocustomcolor\" style=\"background-color:#5cbe4a\"><a href=\"https:\/\/api.whatsapp.com\/send?text=https%3A%2F%2Farchiv.schmalspurbahn.de%2F%3Fp%3D21027%20%C3%96chsle%20startet%20am%201.%20Mai%20in%20die%20neue%20Saison%2C%20aus%20%C3%96chsle\" title=\"Bei Whatsapp teilen\" aria-label=\"Bei Whatsapp teilen\" role=\"button\" rel=\"noopener nofollow\" class=\"shariff-link\" style=\"; background-color:#34af23; color:#fff\" target=\"_blank\"><span class=\"shariff-icon\" style=\"\"><svg width=\"32px\" height=\"20px\" xmlns=\"http:\/\/www.w3.org\/2000\/svg\" viewBox=\"0 0 32 32\"><path fill=\"#34af23\" d=\"M17.6 17.4q0.2 0 1.7 0.8t1.6 0.9q0 0.1 0 0.3 0 0.6-0.3 1.4-0.3 0.7-1.3 1.2t-1.8 0.5q-1 0-3.4-1.1-1.7-0.8-3-2.1t-2.6-3.3q-1.3-1.9-1.3-3.5v-0.1q0.1-1.6 1.3-2.8 0.4-0.4 0.9-0.4 0.1 0 0.3 0t0.3 0q0.3 0 0.5 0.1t0.3 0.5q0.1 0.4 0.6 1.6t0.4 1.3q0 0.4-0.6 1t-0.6 0.8q0 0.1 0.1 0.3 0.6 1.3 1.8 2.4 1 0.9 2.7 1.8 0.2 0.1 0.4 0.1 0.3 0 1-0.9t0.9-0.9zM14 26.9q2.3 0 4.3-0.9t3.6-2.4 2.4-3.6 0.9-4.3-0.9-4.3-2.4-3.6-3.6-2.4-4.3-0.9-4.3 0.9-3.6 2.4-2.4 3.6-0.9 4.3q0 3.6 2.1 6.6l-1.4 4.2 4.3-1.4q2.8 1.9 6.2 1.9zM14 2.2q2.7 0 5.2 1.1t4.3 2.9 2.9 4.3 1.1 5.2-1.1 5.2-2.9 4.3-4.3 2.9-5.2 1.1q-3.5 0-6.5-1.7l-7.4 2.4 2.4-7.2q-1.9-3.2-1.9-6.9 0-2.7 1.1-5.2t2.9-4.3 4.3-2.9 5.2-1.1z\"\/><\/svg><\/span><span class=\"shariff-text\">teilen<\/span>&nbsp;<\/a><\/li><li class=\"shariff-button xing shariff-nocustomcolor\" style=\"background-color:#29888a\"><a href=\"https:\/\/www.xing.com\/spi\/shares\/new?url=https%3A%2F%2Farchiv.schmalspurbahn.de%2F%3Fp%3D21027\" title=\"Bei XING teilen\" aria-label=\"Bei XING teilen\" role=\"button\" rel=\"noopener nofollow\" class=\"shariff-link\" style=\"; background-color:#126567; color:#fff\" target=\"_blank\"><span class=\"shariff-icon\" style=\"\"><svg width=\"32px\" height=\"20px\" xmlns=\"http:\/\/www.w3.org\/2000\/svg\" viewBox=\"0 0 25 32\"><path fill=\"#126567\" d=\"M10.7 11.9q-0.2 0.3-4.6 8.2-0.5 0.8-1.2 0.8h-4.3q-0.4 0-0.5-0.3t0-0.6l4.5-8q0 0 0 0l-2.9-5q-0.2-0.4 0-0.7 0.2-0.3 0.5-0.3h4.3q0.7 0 1.2 0.8zM25.1 0.4q0.2 0.3 0 0.7l-9.4 16.7 6 11q0.2 0.4 0 0.6-0.2 0.3-0.6 0.3h-4.3q-0.7 0-1.2-0.8l-6-11.1q0.3-0.6 9.5-16.8 0.4-0.8 1.2-0.8h4.3q0.4 0 0.5 0.3z\"\/><\/svg><\/span><span class=\"shariff-text\">teilen<\/span>&nbsp;<\/a><\/li><\/ul><\/div>\n<figure class=\"wp-block-embed is-type-wp-embed is-provider-ochsle-museumsschmalspurbahn wp-block-embed-ochsle-museumsschmalspurbahn\"><div class=\"wp-block-embed__wrapper\">\n<blockquote class=\"wp-embedded-content\" data-secret=\"gnDJYvn2I3\"><a href=\"https:\/\/oechsle-bahn.de\/wp\/oechsle-startet-am-1-mai-in-die-neue-saison\/\">\u00d6chsle startet am 1. Mai in die neue Saison<\/a><\/blockquote><iframe loading=\"lazy\" class=\"wp-embedded-content\" sandbox=\"allow-scripts\" security=\"restricted\" style=\"position: absolute; clip: rect(1px, 1px, 1px, 1px);\" title=\"&#8222;\u00d6chsle startet am 1. Mai in die neue Saison&#8220; &#8212; \u00d6chsle Museumsschmalspurbahn\" src=\"https:\/\/oechsle-bahn.de\/wp\/oechsle-startet-am-1-mai-in-die-neue-saison\/embed\/#?secret=gnDJYvn2I3\" data-secret=\"gnDJYvn2I3\" width=\"600\" height=\"338\" frameborder=\"0\" marginwidth=\"0\" marginheight=\"0\" scrolling=\"no\"><\/iframe>\n<\/div><\/figure>\n\n\n\n<p class=\"wp-block-paragraph\">Oberschw\u00e4bische<span class=\"hashtag\"> #<a href=\"https:\/\/archiv.schmalspurbahn.de?s=%23Museumsbahn\">Museumsbahn<\/a><\/span> bereit f\u00fcr neue Saison<\/p>\n\n\n\n<p class=\"wp-block-paragraph\"><span class=\"hashtag\"> #<a href=\"https:\/\/archiv.schmalspurbahn.de?s=%23Warthausen\">Warthausen<\/a><\/span> \u2013 Gute Nachrichten vom<span class=\"hashtag\"> #<a href=\"https:\/\/archiv.schmalspurbahn.de?s=%23\u00d6chsle:\">\u00d6chsle:<\/a><\/span> Die oberschw\u00e4bische Museumsbahn kann nach zwei Jahren mit verz\u00f6gertem Saisonstart in diesem Jahr wieder wie gewohnt am 1. Mai die neue Saison beginnen. Alle coronabedingten Beschr\u00e4nkungen sind seit 3. April aufgehoben, sodass auch bei der Fahrt mit dem \u00d6chsle keine Nachweise mehr erforderlich sind. Auch eine Reservierung und Kontaktdatenerfassung ist nicht mehr notwendig. Ob eine Maske getragen wird, entscheidet der Fahrgast selbst.<\/p>\n\n\n\n<!--more-->\n\n\n\n<p class=\"wp-block-paragraph\">\u201eWir freuen uns sehr, dass wir aufgrund der Pandemieentwicklung wieder in eine gewisse Normalit\u00e4t zur\u00fcckkehren k\u00f6nnen\u201c, betont der Gesch\u00e4ftsf\u00fchrer der<span class=\"hashtag\"> #<a href=\"https:\/\/archiv.schmalspurbahn.de?s=%23\u00d6chslebahn-Betriebs\">\u00d6chslebahn-Betriebs<\/a><\/span> GmbH, Andreas Albinger. \u201eNach zwei Jahren mit gro\u00dfen Einschr\u00e4nkungen k\u00f6nnen wir endlich wieder loslegen und alle<span class=\"hashtag\"> #<a href=\"https:\/\/archiv.schmalspurbahn.de?s=%23verf\u00fcgbaren\">verf\u00fcgbaren<\/a><\/span> Pl\u00e4tze im \u00d6chsle anbieten.\u201c Dennoch habe man im vergangenen Jahr mehr als 18.000 Passagiere gez\u00e4hlt, was einen gro\u00dfen Erfolg darstellte mit verk\u00fcrzter Saison, ohne Nikolausfahrten und Events. Damit sind wir sehr zufrieden\u201c, sagt Albinger.<\/p>\n\n\n\n<p class=\"wp-block-paragraph\">In den Jahren vor Corona waren die<span class=\"hashtag\"> #<a href=\"https:\/\/archiv.schmalspurbahn.de?s=%23Fahrgastzahlen\">Fahrgastzahlen<\/a><\/span> nahe an die 50.000 pro Saison herangekommen und stetig gestiegen. Am 1. Mai wird die Lok<span class=\"hashtag\"> #<a href=\"https:\/\/archiv.schmalspurbahn.de?s=%23Berta\">Berta<\/a><\/span> wieder erstmals das \u00d6chsle durch die oberschw\u00e4bischen Landschaft zwischen Warthausen und<span class=\"hashtag\"> #<a href=\"https:\/\/archiv.schmalspurbahn.de?s=%23Ochsenhausen\">Ochsenhausen<\/a><\/span> ziehen. Die Fahrpl\u00e4ne bleiben unver\u00e4ndert auf der etwa 70 Minuten langen Fahrt. Nat\u00fcrlich ist auch der beliebte Sommerwagen mit<span class=\"hashtag\"> #<a href=\"https:\/\/archiv.schmalspurbahn.de?s=%23Cabriofeeling\">Cabriofeeling<\/a><\/span> und der<span class=\"hashtag\"> #<a href=\"https:\/\/archiv.schmalspurbahn.de?s=%23Speisewagen\">Speisewagen<\/a><\/span> in jedem Zug vorzufinden. Und noch eine gute Nachricht: Auch die Fahrpreise bleiben stabil. Trotz gestiegener Beschaffungskosten f\u00fcr Kohle verzichten Betriebs GmbH und \u00d6chsle-Schmalspurverein auf eine Erh\u00f6hung in diesem Jahr. So wird der Einzelfahrschein f\u00fcr Erwachsene weiterhin 16 Euro kosten. Auch das beliebte Familienticket, mit dem zwei Erwachsene bis zu drei Kinder mitnehmen k\u00f6nnen, bleibt mit 35 Euro in der kommenden Saison unver\u00e4ndert. Die Buchungen seien sehr vielversprechend, so Albinger, auch wurden schon einige<span class=\"hashtag\"> #<a href=\"https:\/\/archiv.schmalspurbahn.de?s=%23Sonderfahrten\">Sonderfahrten<\/a><\/span> bestellt. Verbessert hat sich auch die Situation am Bahnhof in Warthausen. Hier wurde kr\u00e4ftig aufger\u00e4umt und es konnten mehrere historische<span class=\"hashtag\"> #<a href=\"https:\/\/archiv.schmalspurbahn.de?s=%23Eisenbahneinrichtungen\">Eisenbahneinrichtungen<\/a><\/span> wieder hergestellt werden. \u201eDas ist ein echtes Schmuckst\u00fcck geworden\u201c, freut sich Andreas Albinger. Da k\u00f6nne man jetzt auch mal ne halbe Stunde verweilen. F\u00fcr Fahrg\u00e4ste, die tiefer in die Geschichte des \u00d6chsle und seiner Einrichtungen eintauchen m\u00f6chten, werden F\u00fchrungen \u00fcber die Bahnh\u00f6fe Warthausen und Ochsenhausen angeboten.<\/p>\n\n\n\n<p class=\"wp-block-paragraph\">W\u00e4hrend der Wintermonate ist wie jedes Jahr in den<span class=\"hashtag\"> #<a href=\"https:\/\/archiv.schmalspurbahn.de?s=%23Lokschuppen\">Lokschuppen<\/a><\/span> in Warthausen und Ochsenhausen kr\u00e4ftig gewerkelt worden.<span class=\"hashtag\"> #<a href=\"https:\/\/archiv.schmalspurbahn.de?s=%23Lokomotiven\">Lokomotiven<\/a><\/span> und<span class=\"hashtag\"> #<a href=\"https:\/\/archiv.schmalspurbahn.de?s=%23Waggons\">Waggons<\/a><\/span> wurden gewartet und einzelne Reparaturen wurden erledigt. Ehrenamtlich versteht sich. Die Strecke wurde ausgeschnitten und pr\u00e4sentiert sich in einem einwandfreiem Zustand. \u201eKurz vor dem Saisonstart werden wir wieder unsere allj\u00e4hrliche<span class=\"hashtag\"> #<a href=\"https:\/\/archiv.schmalspurbahn.de?s=%23Testfahrt\">Testfahrt<\/a><\/span> durchf\u00fchren, um dann eventuell noch reagieren zu k\u00f6nnen\u201c, sagt der Vorsitzende des Vereins, Benny Bechter. \u201eIch bin sehr optimistisch, dass wir eine tolle Saison haben werden, denn die Lust auf Erleben ist bei allen gro\u00df\u201c, ist Bechter \u00fcberzeugt.<\/p>\n\n\n\n<p class=\"wp-block-paragraph\">INFO: Das \u00d6chsle f\u00e4hrt bis Mitte Oktober an jedem Sonntag sowie am ersten Samstag im Monat ab Warthausen bei Biberach um 10.30 und 14.45 Uhr, ab Ochsenhausen um 12 und 16.15 Uhr. Vom 14. Juli bis Mitte September verkehrt der Zug zus\u00e4tzlich donnerstags. Dar\u00fcber hinaus werden zahlreiche Sonderfahrten angeboten. Reservierungen ab zehn Personen kostenlos, Gruppenf\u00fchrungen und weitere Infos auch unter Telefon 07352 922026. F\u00fcr alle anderen Fahrg\u00e4ste sind immer genug Sitzpl\u00e4tze im Zug vorhanden!<\/p>\n","protected":false},"excerpt":{"rendered":"<p>Oberschw\u00e4bische #Museumsbahn bereit f\u00fcr neue Saison #Warthausen \u2013 Gute Nachrichten vom #\u00d6chsle: Die oberschw\u00e4bische Museumsbahn kann nach zwei Jahren mit verz\u00f6gertem Saisonstart in diesem Jahr wieder wie gewohnt am 1. Mai die neue Saison beginnen. Alle coronabedingten Beschr\u00e4nkungen sind seit 3. April aufgehoben, sodass auch bei der Fahrt mit dem \u00d6chsle keine Nachweise mehr erforderlich &hellip; <a href=\"https:\/\/archiv.schmalspurbahn.de\/?p=21027\" class=\"more-link\"><span class=\"screen-reader-text\">\u201e\u00d6chsle startet am 1. Mai in die neue Saison, aus \u00d6chsle\u201c <\/span>weiterlesen<\/a><\/p>\n","protected":false},"author":1,"featured_media":0,"comment_status":"open","ping_status":"open","sticky":false,"template":"","format":"standard","meta":{"_crdt_document":"","_jetpack_memberships_contains_paid_content":false,"footnotes":"","_share_on_mastodon":"0"},"categories":[6,52],"tags":[449,3287,3339,440,634,296,118,116,117,3285,1012,1206,3340,3338,387,153],"class_list":["post-21027","post","type-post","status-publish","format-standard","hentry","category-baden-wuerttemberg","category-oechsle","tag-berta","tag-cabriofeeling","tag-eisenbahneinrichtungen","tag-fahrgastzahlen","tag-lokomotiven","tag-lokschuppen","tag-museumsbahn","tag-ochsenhausen","tag-oechsle","tag-oechslebahn","tag-sonderfahrten","tag-speisewagen","tag-testfahrt","tag-verfuegbaren","tag-waggons","tag-warthausen"],"share_on_mastodon":{"url":"","error":""},"jetpack_featured_media_url":"","jetpack_sharing_enabled":true,"amp_enabled":true,"_links":{"self":[{"href":"https:\/\/archiv.schmalspurbahn.de\/index.php?rest_route=\/wp\/v2\/posts\/21027","targetHints":{"allow":["GET"]}}],"collection":[{"href":"https:\/\/archiv.schmalspurbahn.de\/index.php?rest_route=\/wp\/v2\/posts"}],"about":[{"href":"https:\/\/archiv.schmalspurbahn.de\/index.php?rest_route=\/wp\/v2\/types\/post"}],"author":[{"embeddable":true,"href":"https:\/\/archiv.schmalspurbahn.de\/index.php?rest_route=\/wp\/v2\/users\/1"}],"replies":[{"embeddable":true,"href":"https:\/\/archiv.schmalspurbahn.de\/index.php?rest_route=%2Fwp%2Fv2%2Fcomments&post=21027"}],"version-history":[{"count":1,"href":"https:\/\/archiv.schmalspurbahn.de\/index.php?rest_route=\/wp\/v2\/posts\/21027\/revisions"}],"predecessor-version":[{"id":21028,"href":"https:\/\/archiv.schmalspurbahn.de\/index.php?rest_route=\/wp\/v2\/posts\/21027\/revisions\/21028"}],"wp:attachment":[{"href":"https:\/\/archiv.schmalspurbahn.de\/index.php?rest_route=%2Fwp%2Fv2%2Fmedia&parent=21027"}],"wp:term":[{"taxonomy":"category","embeddable":true,"href":"https:\/\/archiv.schmalspurbahn.de\/index.php?rest_route=%2Fwp%2Fv2%2Fcategories&post=21027"},{"taxonomy":"post_tag","embeddable":true,"href":"https:\/\/archiv.schmalspurbahn.de\/index.php?rest_route=%2Fwp%2Fv2%2Ftags&post=21027"}],"curies":[{"name":"wp","href":"https:\/\/api.w.org\/{rel}","templated":true}]}}