{"id":21302,"date":"2022-09-22T13:07:33","date_gmt":"2022-09-22T11:07:33","guid":{"rendered":"https:\/\/archiv.schmalspurbahn.de\/?p=21302"},"modified":"2022-10-05T16:53:25","modified_gmt":"2022-10-05T14:53:25","slug":"im-sueden-kaum-neues-wenn-es-nach-dem-deutschen-eisenbahn-verein-geht-koennte-mit-dem-aufbau-der-ruebenverladeanlage-auf-dem-asendorfer-bahnhof-sofort-begonnen-werden-aus-weser-kurier","status":"publish","type":"post","link":"https:\/\/archiv.schmalspurbahn.de\/?p=21302","title":{"rendered":"Im S\u00fcden kaum Neues Wenn es nach dem Deutschen Eisenbahn-Verein geht, k\u00f6nnte mit dem Aufbau der R\u00fcbenverladeanlage auf dem Asendorfer Bahnhof sofort begonnen werden., aus Weser Kurier"},"content":{"rendered":"<div class=\"shariff\"><ul class=\"shariff-buttons theme-default orientation-horizontal buttonsize-medium\"><li class=\"shariff-button facebook shariff-nocustomcolor\" style=\"background-color:#4273c8\"><a href=\"https:\/\/www.facebook.com\/sharer\/sharer.php?u=https%3A%2F%2Farchiv.schmalspurbahn.de%2F%3Fp%3D21302\" title=\"Bei Facebook teilen\" aria-label=\"Bei Facebook teilen\" role=\"button\" rel=\"nofollow\" class=\"shariff-link\" style=\"; background-color:#3b5998; color:#fff\" target=\"_blank\"><span class=\"shariff-icon\" style=\"\"><svg width=\"32px\" height=\"20px\" xmlns=\"http:\/\/www.w3.org\/2000\/svg\" viewBox=\"0 0 18 32\"><path fill=\"#3b5998\" d=\"M17.1 0.2v4.7h-2.8q-1.5 0-2.1 0.6t-0.5 1.9v3.4h5.2l-0.7 5.3h-4.5v13.6h-5.5v-13.6h-4.5v-5.3h4.5v-3.9q0-3.3 1.9-5.2t5-1.8q2.6 0 4.1 0.2z\"\/><\/svg><\/span><span class=\"shariff-text\">teilen<\/span>&nbsp;<\/a><\/li><li class=\"shariff-button linkedin shariff-nocustomcolor\" style=\"background-color:#1488bf\"><a href=\"https:\/\/www.linkedin.com\/sharing\/share-offsite\/?url=https%3A%2F%2Farchiv.schmalspurbahn.de%2F%3Fp%3D21302\" title=\"Bei LinkedIn teilen\" aria-label=\"Bei LinkedIn teilen\" role=\"button\" rel=\"noopener nofollow\" class=\"shariff-link\" style=\"; background-color:#0077b5; color:#fff\" target=\"_blank\"><span class=\"shariff-icon\" style=\"\"><svg width=\"32px\" height=\"20px\" xmlns=\"http:\/\/www.w3.org\/2000\/svg\" viewBox=\"0 0 27 32\"><path fill=\"#0077b5\" d=\"M6.2 11.2v17.7h-5.9v-17.7h5.9zM6.6 5.7q0 1.3-0.9 2.2t-2.4 0.9h0q-1.5 0-2.4-0.9t-0.9-2.2 0.9-2.2 2.4-0.9 2.4 0.9 0.9 2.2zM27.4 18.7v10.1h-5.9v-9.5q0-1.9-0.7-2.9t-2.3-1.1q-1.1 0-1.9 0.6t-1.2 1.5q-0.2 0.5-0.2 1.4v9.9h-5.9q0-7.1 0-11.6t0-5.3l0-0.9h5.9v2.6h0q0.4-0.6 0.7-1t1-0.9 1.6-0.8 2-0.3q3 0 4.9 2t1.9 6z\"\/><\/svg><\/span><span class=\"shariff-text\">teilen<\/span>&nbsp;<\/a><\/li><li class=\"shariff-button mailto shariff-nocustomcolor\" style=\"background-color:#a8a8a8\"><a href=\"mailto:?body=https%3A%2F%2Farchiv.schmalspurbahn.de%2F%3Fp%3D21302&subject=Im%20S%C3%BCden%20kaum%20Neues%20Wenn%20es%20nach%20dem%20Deutschen%20Eisenbahn-Verein%20geht%2C%20k%C3%B6nnte%20mit%20dem%20Aufbau%20der%20R%C3%BCbenverladeanlage%20auf%20dem%20Asendorfer%20Bahnhof%20sofort%20begonnen%20werden.%2C%20aus%20Weser%20Kurier\" title=\"Per E-Mail versenden\" aria-label=\"Per E-Mail versenden\" role=\"button\" rel=\"noopener nofollow\" class=\"shariff-link\" style=\"; background-color:#999; color:#fff\"><span class=\"shariff-icon\" style=\"\"><svg width=\"32px\" height=\"20px\" xmlns=\"http:\/\/www.w3.org\/2000\/svg\" viewBox=\"0 0 32 32\"><path fill=\"#999\" d=\"M32 12.7v14.2q0 1.2-0.8 2t-2 0.9h-26.3q-1.2 0-2-0.9t-0.8-2v-14.2q0.8 0.9 1.8 1.6 6.5 4.4 8.9 6.1 1 0.8 1.6 1.2t1.7 0.9 2 0.4h0.1q0.9 0 2-0.4t1.7-0.9 1.6-1.2q3-2.2 8.9-6.1 1-0.7 1.8-1.6zM32 7.4q0 1.4-0.9 2.7t-2.2 2.2q-6.7 4.7-8.4 5.8-0.2 0.1-0.7 0.5t-1 0.7-0.9 0.6-1.1 0.5-0.9 0.2h-0.1q-0.4 0-0.9-0.2t-1.1-0.5-0.9-0.6-1-0.7-0.7-0.5q-1.6-1.1-4.7-3.2t-3.6-2.6q-1.1-0.7-2.1-2t-1-2.5q0-1.4 0.7-2.3t2.1-0.9h26.3q1.2 0 2 0.8t0.9 2z\"\/><\/svg><\/span><span class=\"shariff-text\">E-Mail<\/span>&nbsp;<\/a><\/li><li class=\"shariff-button pocket shariff-nocustomcolor\" style=\"background-color:#444\"><a href=\"https:\/\/getpocket.com\/save?url=https%3A%2F%2Farchiv.schmalspurbahn.de%2F%3Fp%3D21302&title=Im%20S%C3%BCden%20kaum%20Neues%20Wenn%20es%20nach%20dem%20Deutschen%20Eisenbahn-Verein%20geht%2C%20k%C3%B6nnte%20mit%20dem%20Aufbau%20der%20R%C3%BCbenverladeanlage%20auf%20dem%20Asendorfer%20Bahnhof%20sofort%20begonnen%20werden.%2C%20aus%20Weser%20Kurier\" title=\"Bei Pocket speichern\" aria-label=\"Bei Pocket speichern\" role=\"button\" rel=\"noopener nofollow\" class=\"shariff-link\" style=\"; background-color:#ff0000; color:#fff\" target=\"_blank\"><span class=\"shariff-icon\" style=\"\"><svg width=\"32px\" height=\"20px\" xmlns=\"http:\/\/www.w3.org\/2000\/svg\" viewBox=\"0 0 27 28\"><path fill=\"#ff0000\" d=\"M24.5 2q1 0 1.7 0.7t0.7 1.7v8.1q0 2.8-1.1 5.3t-2.9 4.3-4.3 2.9-5.2 1.1q-2.7 0-5.2-1.1t-4.3-2.9-2.9-4.3-1.1-5.2v-8.1q0-1 0.7-1.7t1.7-0.7h22zM13.5 18.6q0.7 0 1.3-0.5l6.3-6.1q0.6-0.5 0.6-1.3 0-0.8-0.5-1.3t-1.3-0.5q-0.7 0-1.3 0.5l-5 4.8-5-4.8q-0.5-0.5-1.3-0.5-0.8 0-1.3 0.5t-0.5 1.3q0 0.8 0.6 1.3l6.3 6.1q0.5 0.5 1.3 0.5z\"\/><\/svg><\/span><span class=\"shariff-text\">Pocket<\/span>&nbsp;<\/a><\/li><li class=\"shariff-button rss shariff-nocustomcolor\" style=\"background-color:#ff8c00\"><a href=\"https:\/\/archiv.schmalspurbahn.de\/?feed=rss\" title=\"RSS-feed\" aria-label=\"RSS-feed\" role=\"button\" class=\"shariff-link\" style=\"; background-color:#fe9312; color:#fff\" target=\"_blank\"><span class=\"shariff-icon\" style=\"\"><svg width=\"32px\" height=\"20px\" xmlns=\"http:\/\/www.w3.org\/2000\/svg\" viewBox=\"0 0 32 32\"><path fill=\"#fe9312\" d=\"M4.3 23.5c-2.3 0-4.3 1.9-4.3 4.3 0 2.3 1.9 4.2 4.3 4.2 2.4 0 4.3-1.9 4.3-4.2 0-2.3-1.9-4.3-4.3-4.3zM0 10.9v6.1c4 0 7.7 1.6 10.6 4.4 2.8 2.8 4.4 6.6 4.4 10.6h6.2c0-11.7-9.5-21.1-21.1-21.1zM0 0v6.1c14.2 0 25.8 11.6 25.8 25.9h6.2c0-17.6-14.4-32-32-32z\"\/><\/svg><\/span><span class=\"shariff-text\">RSS-feed<\/span>&nbsp;<\/a><\/li><li class=\"shariff-button tumblr shariff-nocustomcolor\" style=\"background-color:#529ecc\"><a href=\"https:\/\/www.tumblr.com\/widgets\/share\/tool?posttype=link&canonicalUrl=https%3A%2F%2Farchiv.schmalspurbahn.de%2F%3Fp%3D21302&tags=archiv.schmalspurbahn.de\" title=\"Bei tumblr teilen\" aria-label=\"Bei tumblr teilen\" role=\"button\" rel=\"noopener nofollow\" class=\"shariff-link\" style=\"; background-color:#36465d; color:#fff\" target=\"_blank\"><span class=\"shariff-icon\" style=\"\"><svg width=\"32px\" height=\"20px\" xmlns=\"http:\/\/www.w3.org\/2000\/svg\" viewBox=\"0 0 32 32\"><path fill=\"#36465d\" d=\"M18 14l0 7.3c0 1.9 0 2.9 0.2 3.5 0.2 0.5 0.7 1.1 1.2 1.4 0.7 0.4 1.5 0.6 2.4 0.6 1.6 0 2.6-0.2 4.2-1.3v4.8c-1.4 0.6-2.6 1-3.7 1.3-1.1 0.3-2.3 0.4-3.6 0.4-1.5 0-2.3-0.2-3.4-0.6-1.1-0.4-2.1-0.9-2.9-1.6-0.8-0.7-1.3-1.4-1.7-2.2s-0.5-1.9-0.5-3.4v-11.2h-4.3v-4.5c1.3-0.4 2.7-1 3.6-1.8 0.9-0.8 1.6-1.7 2.2-2.7 0.5-1.1 0.9-2.4 1.1-4.1h5.2l0 8h8v6h-8z\"\/><\/svg><\/span><span class=\"shariff-text\">teilen<\/span>&nbsp;<\/a><\/li><li class=\"shariff-button twitter shariff-nocustomcolor\" style=\"background-color:#595959\"><a href=\"https:\/\/twitter.com\/share?url=https%3A%2F%2Farchiv.schmalspurbahn.de%2F%3Fp%3D21302&text=Im%20S%C3%BCden%20kaum%20Neues%20Wenn%20es%20nach%20dem%20Deutschen%20Eisenbahn-Verein%20geht%2C%20k%C3%B6nnte%20mit%20dem%20Aufbau%20der%20R%C3%BCbenverladeanlage%20auf%20dem%20Asendorfer%20Bahnhof%20sofort%20begonnen%20werden.%2C%20aus%20Weser%20Kurier\" title=\"Bei X teilen\" aria-label=\"Bei X teilen\" role=\"button\" rel=\"noopener nofollow\" class=\"shariff-link\" style=\"; background-color:#000; color:#fff\" target=\"_blank\"><span class=\"shariff-icon\" style=\"\"><svg width=\"32px\" height=\"20px\" xmlns=\"http:\/\/www.w3.org\/2000\/svg\" viewBox=\"0 0 24 24\"><path fill=\"#000\" d=\"M14.258 10.152L23.176 0h-2.113l-7.747 8.813L7.133 0H0l9.352 13.328L0 23.973h2.113l8.176-9.309 6.531 9.309h7.133zm-2.895 3.293l-.949-1.328L2.875 1.56h3.246l6.086 8.523.945 1.328 7.91 11.078h-3.246zm0 0\"\/><\/svg><\/span><span class=\"shariff-text\">teilen<\/span>&nbsp;<\/a><\/li><li class=\"shariff-button whatsapp shariff-nocustomcolor\" style=\"background-color:#5cbe4a\"><a href=\"https:\/\/api.whatsapp.com\/send?text=https%3A%2F%2Farchiv.schmalspurbahn.de%2F%3Fp%3D21302%20Im%20S%C3%BCden%20kaum%20Neues%20Wenn%20es%20nach%20dem%20Deutschen%20Eisenbahn-Verein%20geht%2C%20k%C3%B6nnte%20mit%20dem%20Aufbau%20der%20R%C3%BCbenverladeanlage%20auf%20dem%20Asendorfer%20Bahnhof%20sofort%20begonnen%20werden.%2C%20aus%20Weser%20Kurier\" title=\"Bei Whatsapp teilen\" aria-label=\"Bei Whatsapp teilen\" role=\"button\" rel=\"noopener nofollow\" class=\"shariff-link\" style=\"; background-color:#34af23; color:#fff\" target=\"_blank\"><span class=\"shariff-icon\" style=\"\"><svg width=\"32px\" height=\"20px\" xmlns=\"http:\/\/www.w3.org\/2000\/svg\" viewBox=\"0 0 32 32\"><path fill=\"#34af23\" d=\"M17.6 17.4q0.2 0 1.7 0.8t1.6 0.9q0 0.1 0 0.3 0 0.6-0.3 1.4-0.3 0.7-1.3 1.2t-1.8 0.5q-1 0-3.4-1.1-1.7-0.8-3-2.1t-2.6-3.3q-1.3-1.9-1.3-3.5v-0.1q0.1-1.6 1.3-2.8 0.4-0.4 0.9-0.4 0.1 0 0.3 0t0.3 0q0.3 0 0.5 0.1t0.3 0.5q0.1 0.4 0.6 1.6t0.4 1.3q0 0.4-0.6 1t-0.6 0.8q0 0.1 0.1 0.3 0.6 1.3 1.8 2.4 1 0.9 2.7 1.8 0.2 0.1 0.4 0.1 0.3 0 1-0.9t0.9-0.9zM14 26.9q2.3 0 4.3-0.9t3.6-2.4 2.4-3.6 0.9-4.3-0.9-4.3-2.4-3.6-3.6-2.4-4.3-0.9-4.3 0.9-3.6 2.4-2.4 3.6-0.9 4.3q0 3.6 2.1 6.6l-1.4 4.2 4.3-1.4q2.8 1.9 6.2 1.9zM14 2.2q2.7 0 5.2 1.1t4.3 2.9 2.9 4.3 1.1 5.2-1.1 5.2-2.9 4.3-4.3 2.9-5.2 1.1q-3.5 0-6.5-1.7l-7.4 2.4 2.4-7.2q-1.9-3.2-1.9-6.9 0-2.7 1.1-5.2t2.9-4.3 4.3-2.9 5.2-1.1z\"\/><\/svg><\/span><span class=\"shariff-text\">teilen<\/span>&nbsp;<\/a><\/li><li class=\"shariff-button xing shariff-nocustomcolor\" style=\"background-color:#29888a\"><a href=\"https:\/\/www.xing.com\/spi\/shares\/new?url=https%3A%2F%2Farchiv.schmalspurbahn.de%2F%3Fp%3D21302\" title=\"Bei XING teilen\" aria-label=\"Bei XING teilen\" role=\"button\" rel=\"noopener nofollow\" class=\"shariff-link\" style=\"; background-color:#126567; color:#fff\" target=\"_blank\"><span class=\"shariff-icon\" style=\"\"><svg width=\"32px\" height=\"20px\" xmlns=\"http:\/\/www.w3.org\/2000\/svg\" viewBox=\"0 0 25 32\"><path fill=\"#126567\" d=\"M10.7 11.9q-0.2 0.3-4.6 8.2-0.5 0.8-1.2 0.8h-4.3q-0.4 0-0.5-0.3t0-0.6l4.5-8q0 0 0 0l-2.9-5q-0.2-0.4 0-0.7 0.2-0.3 0.5-0.3h4.3q0.7 0 1.2 0.8zM25.1 0.4q0.2 0.3 0 0.7l-9.4 16.7 6 11q0.2 0.4 0 0.6-0.2 0.3-0.6 0.3h-4.3q-0.7 0-1.2-0.8l-6-11.1q0.3-0.6 9.5-16.8 0.4-0.8 1.2-0.8h4.3q0.4 0 0.5 0.3z\"\/><\/svg><\/span><span class=\"shariff-text\">teilen<\/span>&nbsp;<\/a><\/li><\/ul><\/div>\n<p class=\"wp-block-paragraph\">22.09.2022<\/p>\n\n\n\n<p class=\"wp-block-paragraph\"><a href=\"https:\/\/www.weser-kurier.de\/landkreis-diepholz\/gemeinde-asendorf\/bahnhof-asendorf-ruebenverladeanlage-laesst-auf-sich-warten-doc7mufuw08tsm1ayc2deb7\">https:\/\/www.weser-kurier.de\/landkreis-diepholz\/gemeinde-asendorf\/bahnhof-asendorf-ruebenverladeanlage-laesst-auf-sich-warten-doc7mufuw08tsm1ayc2deb7<\/a><\/p>\n\n\n\n<p class=\"wp-block-paragraph\"><strong>Asendorf\/Bruchhausen-Vilsen.<\/strong>&nbsp;Es zeichnen sich zwar gro\u00dfe Ver\u00e4nderungen ab rund um das<span class=\"hashtag\"> #<a href=\"https:\/\/archiv.schmalspurbahn.de?s=%23Bahnhofsgel\u00e4nde\">Bahnhofsgel\u00e4nde<\/a><\/span> in<span class=\"hashtag\"> #<a href=\"https:\/\/archiv.schmalspurbahn.de?s=%23Asendorf,\">Asendorf,<\/a><\/span> aber eine Genehmigung f\u00fcr weitere Aktivit\u00e4ten liegt noch nicht vor. Ver\u00e4nderungen insofern, als dass das kleine Bahnhofsgeb\u00e4ude des<span class=\"hashtag\"> #<a href=\"https:\/\/archiv.schmalspurbahn.de?s=%23Deutschen\">Deutschen<\/a><\/span> Eisenbahn-Vereins (<a href=\"https:\/\/archiv.schmalspurbahn.de\/?tag=dev\">#DEV<\/a>) aus den 1970er-Jahren nun nicht mehr dort steht. \u201eDas<span class=\"hashtag\"> #<a href=\"https:\/\/archiv.schmalspurbahn.de?s=%23Fachwerkh\u00e4uschen,\">Fachwerkh\u00e4uschen,<\/a><\/span> in dem sich<span class=\"hashtag\"> #<a href=\"https:\/\/archiv.schmalspurbahn.de?s=%23Toiletten\">Toiletten<\/a><\/span> und<span class=\"hashtag\"> #<a href=\"https:\/\/archiv.schmalspurbahn.de?s=%23Fahrkartenschalter\">Fahrkartenschalter<\/a><\/span> befanden, haben Interessenten aus<span class=\"hashtag\"> #<a href=\"https:\/\/archiv.schmalspurbahn.de?s=%23Schweringen\">Schweringen<\/a><\/span> abgeholt und bei sich wieder aufgebaut\u201c, erkl\u00e4rt Vereinsvorsitzender Wolf-Jobst<span class=\"hashtag\"> #<a href=\"https:\/\/archiv.schmalspurbahn.de?s=%23Siedler.\">Siedler.<\/a><\/span> Immerhin ist also schon mal mehr Platz geschaffen f\u00fcr geplante Neuerungen (wir berichteten).<\/p>\n\n\n\n<!--more-->\n\n\n\n<p class=\"wp-block-paragraph\">So beispielsweise f\u00fcr das, was in Einzelteilen gr\u00f6\u00dftenteils schon vor Ort liegt: eine<span class=\"hashtag\"> #<a href=\"https:\/\/archiv.schmalspurbahn.de?s=%23R\u00fcbenverladeanlage.\">R\u00fcbenverladeanlage.<\/a><\/span> Ein solcher Aufbau stand schon zu Zeiten, als die Bauern noch mit Traktor und Wagen zum Bahnhof kamen, um die<span class=\"hashtag\"> #<a href=\"https:\/\/archiv.schmalspurbahn.de?s=%23Feldfr\u00fcchte\">Feldfr\u00fcchte<\/a><\/span> auf die Bahn zu verladen f\u00fcr den Weitertransport. Froh waren sie, dass endlich die Zeiten der m\u00fchsamen Handarbeit dank einer Anlage vorbei waren. Fest steht, wo dieses Exemplar nach dem Vorbild eines Vorg\u00e4ngers, das in den 1960er-Jahren abgebaut und verschrottet wurde, schlie\u00dflich stehen soll; dazu muss auch noch ein Ladegleis geschaffen werden neben dem Lokschuppen.<\/p>\n\n\n\n<p class=\"wp-block-paragraph\">Diese neue R\u00fcbenverladeanlage gibt es nun dank der Spende eines Unternehmens, das die Anlageteile nach alten Pl\u00e4nen neu angefertigt hat und sie dem DEV zur Verf\u00fcgung stellt, aber seine Identit\u00e4t vorerst noch geheim halten m\u00f6chte. \u201eF\u00fcr uns ein gro\u00dfes Gl\u00fcck\u201c, freut sich Siedler. Doch allein mit dem Aufbau der Anlage ist es nicht getan. Der Bereich rund herum muss n\u00e4mlich noch gepflastert und Fundamente gegossen werden. Was allerdings die Freiwilligen der Gleisbaurotte des Vereins \u00fcbernehmen wollen. <a href=\"https:\/\/www.weser-kurier.de\/landkreis-diepholz\/gemeinde-asendorf\/bahnhof-asendorf-ruebenverladeanlage-laesst-auf-sich-warten-doc7mufuw08tsm1ayc2deb7\">Immerhin gab es seinerzeit schon eine Umladestra\u00dfe, die &#8230;<\/a><\/p>\n","protected":false},"excerpt":{"rendered":"<p>22.09.2022 https:\/\/www.weser-kurier.de\/landkreis-diepholz\/gemeinde-asendorf\/bahnhof-asendorf-ruebenverladeanlage-laesst-auf-sich-warten-doc7mufuw08tsm1ayc2deb7 Asendorf\/Bruchhausen-Vilsen.&nbsp;Es zeichnen sich zwar gro\u00dfe Ver\u00e4nderungen ab rund um das #Bahnhofsgel\u00e4nde in #Asendorf, aber eine Genehmigung f\u00fcr weitere Aktivit\u00e4ten liegt noch nicht vor. Ver\u00e4nderungen insofern, als dass das kleine Bahnhofsgeb\u00e4ude des #Deutschen Eisenbahn-Vereins (#DEV) aus den 1970er-Jahren nun nicht mehr dort steht. \u201eDas #Fachwerkh\u00e4uschen, in dem sich #Toiletten und #Fahrkartenschalter befanden, haben Interessenten &hellip; <a href=\"https:\/\/archiv.schmalspurbahn.de\/?p=21302\" class=\"more-link\"><span class=\"screen-reader-text\">\u201eIm S\u00fcden kaum Neues Wenn es nach dem Deutschen Eisenbahn-Verein geht, k\u00f6nnte mit dem Aufbau der R\u00fcbenverladeanlage auf dem Asendorfer Bahnhof sofort begonnen werden., aus Weser Kurier\u201c <\/span>weiterlesen<\/a><\/p>\n","protected":false},"author":1,"featured_media":0,"comment_status":"open","ping_status":"open","sticky":false,"template":"","format":"standard","meta":{"_crdt_document":"","_jetpack_memberships_contains_paid_content":false,"footnotes":"","_share_on_mastodon":"0"},"categories":[2517,9],"tags":[850,2753,2644,609,3706,1395,3710,3236,3708,3709,3707],"class_list":["post-21302","post","type-post","status-publish","format-standard","hentry","category-dev-bruchhausen-vilsen-asendorf","category-niedersachsen","tag-asendorf","tag-bahnhofsgelaende","tag-deutschen","tag-dev","tag-fachwerkhaeuschen","tag-fahrkartenschalter","tag-feldfruechte","tag-ruebenverladeanlage","tag-schweringen","tag-siedler","tag-toiletten"],"share_on_mastodon":{"url":"","error":""},"jetpack_featured_media_url":"","jetpack_sharing_enabled":true,"amp_enabled":true,"_links":{"self":[{"href":"https:\/\/archiv.schmalspurbahn.de\/index.php?rest_route=\/wp\/v2\/posts\/21302","targetHints":{"allow":["GET"]}}],"collection":[{"href":"https:\/\/archiv.schmalspurbahn.de\/index.php?rest_route=\/wp\/v2\/posts"}],"about":[{"href":"https:\/\/archiv.schmalspurbahn.de\/index.php?rest_route=\/wp\/v2\/types\/post"}],"author":[{"embeddable":true,"href":"https:\/\/archiv.schmalspurbahn.de\/index.php?rest_route=\/wp\/v2\/users\/1"}],"replies":[{"embeddable":true,"href":"https:\/\/archiv.schmalspurbahn.de\/index.php?rest_route=%2Fwp%2Fv2%2Fcomments&post=21302"}],"version-history":[{"count":2,"href":"https:\/\/archiv.schmalspurbahn.de\/index.php?rest_route=\/wp\/v2\/posts\/21302\/revisions"}],"predecessor-version":[{"id":21328,"href":"https:\/\/archiv.schmalspurbahn.de\/index.php?rest_route=\/wp\/v2\/posts\/21302\/revisions\/21328"}],"wp:attachment":[{"href":"https:\/\/archiv.schmalspurbahn.de\/index.php?rest_route=%2Fwp%2Fv2%2Fmedia&parent=21302"}],"wp:term":[{"taxonomy":"category","embeddable":true,"href":"https:\/\/archiv.schmalspurbahn.de\/index.php?rest_route=%2Fwp%2Fv2%2Fcategories&post=21302"},{"taxonomy":"post_tag","embeddable":true,"href":"https:\/\/archiv.schmalspurbahn.de\/index.php?rest_route=%2Fwp%2Fv2%2Ftags&post=21302"}],"curies":[{"name":"wp","href":"https:\/\/api.w.org\/{rel}","templated":true}]}}