{"id":21384,"date":"2022-10-26T22:08:57","date_gmt":"2022-10-26T20:08:57","guid":{"rendered":"https:\/\/archiv.schmalspurbahn.de\/?p=21384"},"modified":"2022-11-01T22:12:53","modified_gmt":"2022-11-01T21:12:53","slug":"feldbahngeschichten-technik-und-einsatz-eines-universellen-verkehrsmittels-das-mindener-museum-zeigt-eine-wanderausstellung-des-lwl-museumsamtes-aus-minden-de","status":"publish","type":"post","link":"https:\/\/archiv.schmalspurbahn.de\/?p=21384","title":{"rendered":"Feldbahngeschichten. Technik und Einsatz eines universellen Verkehrsmittels, Das Mindener Museum zeigt eine Wanderausstellung des LWL-Museumsamtes \u2026, aus Minden.de"},"content":{"rendered":"<div class=\"shariff\"><ul class=\"shariff-buttons theme-default orientation-horizontal buttonsize-medium\"><li class=\"shariff-button facebook shariff-nocustomcolor\" style=\"background-color:#4273c8\"><a href=\"https:\/\/www.facebook.com\/sharer\/sharer.php?u=https%3A%2F%2Farchiv.schmalspurbahn.de%2F%3Fp%3D21384\" title=\"Bei Facebook teilen\" aria-label=\"Bei Facebook teilen\" role=\"button\" rel=\"nofollow\" class=\"shariff-link\" style=\"; background-color:#3b5998; color:#fff\" target=\"_blank\"><span class=\"shariff-icon\" style=\"\"><svg width=\"32px\" height=\"20px\" xmlns=\"http:\/\/www.w3.org\/2000\/svg\" viewBox=\"0 0 18 32\"><path fill=\"#3b5998\" d=\"M17.1 0.2v4.7h-2.8q-1.5 0-2.1 0.6t-0.5 1.9v3.4h5.2l-0.7 5.3h-4.5v13.6h-5.5v-13.6h-4.5v-5.3h4.5v-3.9q0-3.3 1.9-5.2t5-1.8q2.6 0 4.1 0.2z\"\/><\/svg><\/span><span class=\"shariff-text\">teilen<\/span>&nbsp;<\/a><\/li><li class=\"shariff-button linkedin shariff-nocustomcolor\" style=\"background-color:#1488bf\"><a href=\"https:\/\/www.linkedin.com\/sharing\/share-offsite\/?url=https%3A%2F%2Farchiv.schmalspurbahn.de%2F%3Fp%3D21384\" title=\"Bei LinkedIn teilen\" aria-label=\"Bei LinkedIn teilen\" role=\"button\" rel=\"noopener nofollow\" class=\"shariff-link\" style=\"; background-color:#0077b5; color:#fff\" target=\"_blank\"><span class=\"shariff-icon\" style=\"\"><svg width=\"32px\" height=\"20px\" xmlns=\"http:\/\/www.w3.org\/2000\/svg\" viewBox=\"0 0 27 32\"><path fill=\"#0077b5\" d=\"M6.2 11.2v17.7h-5.9v-17.7h5.9zM6.6 5.7q0 1.3-0.9 2.2t-2.4 0.9h0q-1.5 0-2.4-0.9t-0.9-2.2 0.9-2.2 2.4-0.9 2.4 0.9 0.9 2.2zM27.4 18.7v10.1h-5.9v-9.5q0-1.9-0.7-2.9t-2.3-1.1q-1.1 0-1.9 0.6t-1.2 1.5q-0.2 0.5-0.2 1.4v9.9h-5.9q0-7.1 0-11.6t0-5.3l0-0.9h5.9v2.6h0q0.4-0.6 0.7-1t1-0.9 1.6-0.8 2-0.3q3 0 4.9 2t1.9 6z\"\/><\/svg><\/span><span class=\"shariff-text\">teilen<\/span>&nbsp;<\/a><\/li><li class=\"shariff-button mailto shariff-nocustomcolor\" style=\"background-color:#a8a8a8\"><a href=\"mailto:?body=https%3A%2F%2Farchiv.schmalspurbahn.de%2F%3Fp%3D21384&subject=Feldbahngeschichten.%20Technik%20und%20Einsatz%20eines%20universellen%20Verkehrsmittels%2C%20Das%20Mindener%20Museum%20zeigt%20eine%20Wanderausstellung%20des%20LWL-Museumsamtes%20%E2%80%A6%2C%20aus%20Minden.de\" title=\"Per E-Mail versenden\" aria-label=\"Per E-Mail versenden\" role=\"button\" rel=\"noopener nofollow\" class=\"shariff-link\" style=\"; background-color:#999; color:#fff\"><span class=\"shariff-icon\" style=\"\"><svg width=\"32px\" height=\"20px\" xmlns=\"http:\/\/www.w3.org\/2000\/svg\" viewBox=\"0 0 32 32\"><path fill=\"#999\" d=\"M32 12.7v14.2q0 1.2-0.8 2t-2 0.9h-26.3q-1.2 0-2-0.9t-0.8-2v-14.2q0.8 0.9 1.8 1.6 6.5 4.4 8.9 6.1 1 0.8 1.6 1.2t1.7 0.9 2 0.4h0.1q0.9 0 2-0.4t1.7-0.9 1.6-1.2q3-2.2 8.9-6.1 1-0.7 1.8-1.6zM32 7.4q0 1.4-0.9 2.7t-2.2 2.2q-6.7 4.7-8.4 5.8-0.2 0.1-0.7 0.5t-1 0.7-0.9 0.6-1.1 0.5-0.9 0.2h-0.1q-0.4 0-0.9-0.2t-1.1-0.5-0.9-0.6-1-0.7-0.7-0.5q-1.6-1.1-4.7-3.2t-3.6-2.6q-1.1-0.7-2.1-2t-1-2.5q0-1.4 0.7-2.3t2.1-0.9h26.3q1.2 0 2 0.8t0.9 2z\"\/><\/svg><\/span><span class=\"shariff-text\">E-Mail<\/span>&nbsp;<\/a><\/li><li class=\"shariff-button pocket shariff-nocustomcolor\" style=\"background-color:#444\"><a href=\"https:\/\/getpocket.com\/save?url=https%3A%2F%2Farchiv.schmalspurbahn.de%2F%3Fp%3D21384&title=Feldbahngeschichten.%20Technik%20und%20Einsatz%20eines%20universellen%20Verkehrsmittels%2C%20Das%20Mindener%20Museum%20zeigt%20eine%20Wanderausstellung%20des%20LWL-Museumsamtes%20%E2%80%A6%2C%20aus%20Minden.de\" title=\"Bei Pocket speichern\" aria-label=\"Bei Pocket speichern\" role=\"button\" rel=\"noopener nofollow\" class=\"shariff-link\" style=\"; background-color:#ff0000; color:#fff\" target=\"_blank\"><span class=\"shariff-icon\" style=\"\"><svg width=\"32px\" height=\"20px\" xmlns=\"http:\/\/www.w3.org\/2000\/svg\" viewBox=\"0 0 27 28\"><path fill=\"#ff0000\" d=\"M24.5 2q1 0 1.7 0.7t0.7 1.7v8.1q0 2.8-1.1 5.3t-2.9 4.3-4.3 2.9-5.2 1.1q-2.7 0-5.2-1.1t-4.3-2.9-2.9-4.3-1.1-5.2v-8.1q0-1 0.7-1.7t1.7-0.7h22zM13.5 18.6q0.7 0 1.3-0.5l6.3-6.1q0.6-0.5 0.6-1.3 0-0.8-0.5-1.3t-1.3-0.5q-0.7 0-1.3 0.5l-5 4.8-5-4.8q-0.5-0.5-1.3-0.5-0.8 0-1.3 0.5t-0.5 1.3q0 0.8 0.6 1.3l6.3 6.1q0.5 0.5 1.3 0.5z\"\/><\/svg><\/span><span class=\"shariff-text\">Pocket<\/span>&nbsp;<\/a><\/li><li class=\"shariff-button rss shariff-nocustomcolor\" style=\"background-color:#ff8c00\"><a href=\"https:\/\/archiv.schmalspurbahn.de\/?feed=rss\" title=\"RSS-feed\" aria-label=\"RSS-feed\" role=\"button\" class=\"shariff-link\" style=\"; background-color:#fe9312; color:#fff\" target=\"_blank\"><span class=\"shariff-icon\" style=\"\"><svg width=\"32px\" height=\"20px\" xmlns=\"http:\/\/www.w3.org\/2000\/svg\" viewBox=\"0 0 32 32\"><path fill=\"#fe9312\" d=\"M4.3 23.5c-2.3 0-4.3 1.9-4.3 4.3 0 2.3 1.9 4.2 4.3 4.2 2.4 0 4.3-1.9 4.3-4.2 0-2.3-1.9-4.3-4.3-4.3zM0 10.9v6.1c4 0 7.7 1.6 10.6 4.4 2.8 2.8 4.4 6.6 4.4 10.6h6.2c0-11.7-9.5-21.1-21.1-21.1zM0 0v6.1c14.2 0 25.8 11.6 25.8 25.9h6.2c0-17.6-14.4-32-32-32z\"\/><\/svg><\/span><span class=\"shariff-text\">RSS-feed<\/span>&nbsp;<\/a><\/li><li class=\"shariff-button tumblr shariff-nocustomcolor\" style=\"background-color:#529ecc\"><a href=\"https:\/\/www.tumblr.com\/widgets\/share\/tool?posttype=link&canonicalUrl=https%3A%2F%2Farchiv.schmalspurbahn.de%2F%3Fp%3D21384&tags=archiv.schmalspurbahn.de\" title=\"Bei tumblr teilen\" aria-label=\"Bei tumblr teilen\" role=\"button\" rel=\"noopener nofollow\" class=\"shariff-link\" style=\"; background-color:#36465d; color:#fff\" target=\"_blank\"><span class=\"shariff-icon\" style=\"\"><svg width=\"32px\" height=\"20px\" xmlns=\"http:\/\/www.w3.org\/2000\/svg\" viewBox=\"0 0 32 32\"><path fill=\"#36465d\" d=\"M18 14l0 7.3c0 1.9 0 2.9 0.2 3.5 0.2 0.5 0.7 1.1 1.2 1.4 0.7 0.4 1.5 0.6 2.4 0.6 1.6 0 2.6-0.2 4.2-1.3v4.8c-1.4 0.6-2.6 1-3.7 1.3-1.1 0.3-2.3 0.4-3.6 0.4-1.5 0-2.3-0.2-3.4-0.6-1.1-0.4-2.1-0.9-2.9-1.6-0.8-0.7-1.3-1.4-1.7-2.2s-0.5-1.9-0.5-3.4v-11.2h-4.3v-4.5c1.3-0.4 2.7-1 3.6-1.8 0.9-0.8 1.6-1.7 2.2-2.7 0.5-1.1 0.9-2.4 1.1-4.1h5.2l0 8h8v6h-8z\"\/><\/svg><\/span><span class=\"shariff-text\">teilen<\/span>&nbsp;<\/a><\/li><li class=\"shariff-button twitter shariff-nocustomcolor\" style=\"background-color:#595959\"><a href=\"https:\/\/twitter.com\/share?url=https%3A%2F%2Farchiv.schmalspurbahn.de%2F%3Fp%3D21384&text=Feldbahngeschichten.%20Technik%20und%20Einsatz%20eines%20universellen%20Verkehrsmittels%2C%20Das%20Mindener%20Museum%20zeigt%20eine%20Wanderausstellung%20des%20LWL-Museumsamtes%20%E2%80%A6%2C%20aus%20Minden.de\" title=\"Bei X teilen\" aria-label=\"Bei X teilen\" role=\"button\" rel=\"noopener nofollow\" class=\"shariff-link\" style=\"; background-color:#000; color:#fff\" target=\"_blank\"><span class=\"shariff-icon\" style=\"\"><svg width=\"32px\" height=\"20px\" xmlns=\"http:\/\/www.w3.org\/2000\/svg\" viewBox=\"0 0 24 24\"><path fill=\"#000\" d=\"M14.258 10.152L23.176 0h-2.113l-7.747 8.813L7.133 0H0l9.352 13.328L0 23.973h2.113l8.176-9.309 6.531 9.309h7.133zm-2.895 3.293l-.949-1.328L2.875 1.56h3.246l6.086 8.523.945 1.328 7.91 11.078h-3.246zm0 0\"\/><\/svg><\/span><span class=\"shariff-text\">teilen<\/span>&nbsp;<\/a><\/li><li class=\"shariff-button whatsapp shariff-nocustomcolor\" style=\"background-color:#5cbe4a\"><a href=\"https:\/\/api.whatsapp.com\/send?text=https%3A%2F%2Farchiv.schmalspurbahn.de%2F%3Fp%3D21384%20Feldbahngeschichten.%20Technik%20und%20Einsatz%20eines%20universellen%20Verkehrsmittels%2C%20Das%20Mindener%20Museum%20zeigt%20eine%20Wanderausstellung%20des%20LWL-Museumsamtes%20%E2%80%A6%2C%20aus%20Minden.de\" title=\"Bei Whatsapp teilen\" aria-label=\"Bei Whatsapp teilen\" role=\"button\" rel=\"noopener nofollow\" class=\"shariff-link\" style=\"; background-color:#34af23; color:#fff\" target=\"_blank\"><span class=\"shariff-icon\" style=\"\"><svg width=\"32px\" height=\"20px\" xmlns=\"http:\/\/www.w3.org\/2000\/svg\" viewBox=\"0 0 32 32\"><path fill=\"#34af23\" d=\"M17.6 17.4q0.2 0 1.7 0.8t1.6 0.9q0 0.1 0 0.3 0 0.6-0.3 1.4-0.3 0.7-1.3 1.2t-1.8 0.5q-1 0-3.4-1.1-1.7-0.8-3-2.1t-2.6-3.3q-1.3-1.9-1.3-3.5v-0.1q0.1-1.6 1.3-2.8 0.4-0.4 0.9-0.4 0.1 0 0.3 0t0.3 0q0.3 0 0.5 0.1t0.3 0.5q0.1 0.4 0.6 1.6t0.4 1.3q0 0.4-0.6 1t-0.6 0.8q0 0.1 0.1 0.3 0.6 1.3 1.8 2.4 1 0.9 2.7 1.8 0.2 0.1 0.4 0.1 0.3 0 1-0.9t0.9-0.9zM14 26.9q2.3 0 4.3-0.9t3.6-2.4 2.4-3.6 0.9-4.3-0.9-4.3-2.4-3.6-3.6-2.4-4.3-0.9-4.3 0.9-3.6 2.4-2.4 3.6-0.9 4.3q0 3.6 2.1 6.6l-1.4 4.2 4.3-1.4q2.8 1.9 6.2 1.9zM14 2.2q2.7 0 5.2 1.1t4.3 2.9 2.9 4.3 1.1 5.2-1.1 5.2-2.9 4.3-4.3 2.9-5.2 1.1q-3.5 0-6.5-1.7l-7.4 2.4 2.4-7.2q-1.9-3.2-1.9-6.9 0-2.7 1.1-5.2t2.9-4.3 4.3-2.9 5.2-1.1z\"\/><\/svg><\/span><span class=\"shariff-text\">teilen<\/span>&nbsp;<\/a><\/li><li class=\"shariff-button xing shariff-nocustomcolor\" style=\"background-color:#29888a\"><a href=\"https:\/\/www.xing.com\/spi\/shares\/new?url=https%3A%2F%2Farchiv.schmalspurbahn.de%2F%3Fp%3D21384\" title=\"Bei XING teilen\" aria-label=\"Bei XING teilen\" role=\"button\" rel=\"noopener nofollow\" class=\"shariff-link\" style=\"; background-color:#126567; color:#fff\" target=\"_blank\"><span class=\"shariff-icon\" style=\"\"><svg width=\"32px\" height=\"20px\" xmlns=\"http:\/\/www.w3.org\/2000\/svg\" viewBox=\"0 0 25 32\"><path fill=\"#126567\" d=\"M10.7 11.9q-0.2 0.3-4.6 8.2-0.5 0.8-1.2 0.8h-4.3q-0.4 0-0.5-0.3t0-0.6l4.5-8q0 0 0 0l-2.9-5q-0.2-0.4 0-0.7 0.2-0.3 0.5-0.3h4.3q0.7 0 1.2 0.8zM25.1 0.4q0.2 0.3 0 0.7l-9.4 16.7 6 11q0.2 0.4 0 0.6-0.2 0.3-0.6 0.3h-4.3q-0.7 0-1.2-0.8l-6-11.1q0.3-0.6 9.5-16.8 0.4-0.8 1.2-0.8h4.3q0.4 0 0.5 0.3z\"\/><\/svg><\/span><span class=\"shariff-text\">teilen<\/span>&nbsp;<\/a><\/li><\/ul><\/div>\n<p class=\"wp-block-paragraph\">26.10.2022<\/p>\n\n\n\n<p class=\"wp-block-paragraph\"><a href=\"https:\/\/www.minden.de\/aktuelles\/pressemeldungen\/feldbahngeschichten-technik-und-einsatz-eines-universellen-verkehrsmittels\/\">https:\/\/www.minden.de\/aktuelles\/pressemeldungen\/feldbahngeschichten-technik-und-einsatz-eines-universellen-verkehrsmittels\/<\/a><\/p>\n\n\n\n<p class=\"wp-block-paragraph\">Das Mindener Museum zeigt eine<span class=\"hashtag\"> #<a href=\"https:\/\/archiv.schmalspurbahn.de?s=%23Wanderausstellung\">Wanderausstellung<\/a><\/span> des LWL-Museumsamtes f\u00fcr Westfalen in Kooperation mit der Historischen Kommission f\u00fcr Westfalen und dem LWL-Industriemuseum Ziegelei Lage.<\/p>\n\n\n\n<p class=\"wp-block-paragraph\">Die<span class=\"hashtag\"> #<a href=\"https:\/\/archiv.schmalspurbahn.de?s=%23Feldbahn\">Feldbahn<\/a><\/span> war zwischen 1900 und 1950 das, was heute der Lastwagen ist &#8211; flexibel, weil ihre Gleise schnell verlegbar sind und \u00fcberall im Einsatz. Der Landschaftsverband Westfalen-Lippe (<a href=\"https:\/\/archiv.schmalspurbahn.de\/?tag=lwl\">#LWL<\/a>) hat der kleinen Schwester der<span class=\"hashtag\"> #<a href=\"https:\/\/archiv.schmalspurbahn.de?s=%23Eisenbahn\">Eisenbahn<\/a><\/span> eine Wanderausstellung gewidmet, die vom 5. November bis zum 22. Januar im Mindener Museum zu sehen ist.<\/p>\n\n\n\n<!--more-->\n\n\n\n<p class=\"wp-block-paragraph\">Zum Teil \u00fcber 100 Jahre alte historische Fotos zeigen in der Wanderausstellung die vielf\u00e4ltigen Einsatzgebiete des Transportmittels in Industrie und Landwirtschaft. Alle gezeigten Bahnen befanden sich in Westfalen und Lippe.<span class=\"hashtag\"> #<a href=\"https:\/\/archiv.schmalspurbahn.de?s=%23Feldbahnforscher\">Feldbahnforscher<\/a><\/span> R\u00fcdiger Uffmann und Dr. Burkhard Beyer, Gesch\u00e4ftsf\u00fchrer der Historischen Kommission f\u00fcr Westfalen, haben 2019 f\u00fcr das LWL-Ziegeleimuseum Lage (Kreis Lippe) eine Sonderausstellung zur<span class=\"hashtag\"> #<a href=\"https:\/\/archiv.schmalspurbahn.de?s=%23Feldbahngeschichte\">Feldbahngeschichte<\/a><\/span> zusammengetragen. Auf Wanderschaft sind nun die Tafeln dieser Ausstellung mit mehr als 40 Beispielen f\u00fcr die Verwendung von Feldbahnen. Dabei reichten die verschiedenen Einsatzbereiche der Feldbahnen vom Bergbau \u00fcber die Stahlindustrie, Ziegeleien und Tr\u00fcmmerbahnen bis hin zur Hausrollbahn, die zur \u00dcberwindung kurzer ebener Strecken in Hinterh\u00f6fen diente.<\/p>\n\n\n\n<p class=\"wp-block-paragraph\">Die Ausstellung zeigt nicht nur ausdrucksstarke Bilder, sondern erz\u00e4hlt auch die damit verbundenen Geschichten, also<span class=\"hashtag\"> #<a href=\"https:\/\/archiv.schmalspurbahn.de?s=%23Feldbahngeschichten.\">Feldbahngeschichten.<\/a><\/span> Wie wurde aus der Schiefergrube ein Tauchparadies, in dem es unter Wasser alte Loren zu entdecken gibt? Was hatte es mit dem Paderborner Bauern auf sich, der als Besitzer von f\u00fcnf Pferden zu stolz war, eine<span class=\"hashtag\"> #<a href=\"https:\/\/archiv.schmalspurbahn.de?s=%23Lokomotive\">Lokomotive<\/a><\/span> anzuschaffen? Wof\u00fcr waren die &#8222;#Platzloks&#8220; der Ruhrkohle AG zust\u00e4ndig? Eine Modellinstallation, die Feldbahnszenen zeigt, erg\u00e4nzt die Ausstellungstafeln. Originalfahrzeuge sind aus Platz- und Gewichtsgr\u00fcnden nicht zu sehen.<\/p>\n\n\n\n<p class=\"wp-block-paragraph\">Seit den 1960er Jahren ersetzten Gabelstapler, F\u00f6rderb\u00e4nder und Lastwagen das traditionelle Transportmittel. \u201eEs lohnt sich also, an die einstige Bedeutung der Feldbahnen und an die ganze Vielfalt seiner Einsatzm\u00f6glichkeiten zu erinnern&#8220;, so Ausstellungskurator Dr. Burkhard Beyer.<\/p>\n\n\n\n<p class=\"wp-block-paragraph\">Am Samstag, 5. November, wird die Ausstellung um 16 Uhr im Mindener Museum er\u00f6ffnet. Zur Ausstellungser\u00f6ffnung ist der Eintritt frei.<\/p>\n","protected":false},"excerpt":{"rendered":"<p>26.10.2022 https:\/\/www.minden.de\/aktuelles\/pressemeldungen\/feldbahngeschichten-technik-und-einsatz-eines-universellen-verkehrsmittels\/ Das Mindener Museum zeigt eine #Wanderausstellung des LWL-Museumsamtes f\u00fcr Westfalen in Kooperation mit der Historischen Kommission f\u00fcr Westfalen und dem LWL-Industriemuseum Ziegelei Lage. Die #Feldbahn war zwischen 1900 und 1950 das, was heute der Lastwagen ist &#8211; flexibel, weil ihre Gleise schnell verlegbar sind und \u00fcberall im Einsatz. Der Landschaftsverband Westfalen-Lippe (#LWL) hat &hellip; <a href=\"https:\/\/archiv.schmalspurbahn.de\/?p=21384\" class=\"more-link\"><span class=\"screen-reader-text\">\u201eFeldbahngeschichten. Technik und Einsatz eines universellen Verkehrsmittels, Das Mindener Museum zeigt eine Wanderausstellung des LWL-Museumsamtes \u2026, aus Minden.de\u201c <\/span>weiterlesen<\/a><\/p>\n","protected":false},"author":1,"featured_media":0,"comment_status":"open","ping_status":"open","sticky":false,"template":"","format":"standard","meta":{"_crdt_document":"","_jetpack_memberships_contains_paid_content":false,"footnotes":"","_share_on_mastodon":"0"},"categories":[2],"tags":[166,131,3783,3784,3785,594,2831,3782],"class_list":["post-21384","post","type-post","status-publish","format-standard","hentry","category-nordrhein-westfalen","tag-eisenbahn","tag-feldbahn","tag-feldbahnforscher","tag-feldbahngeschichte","tag-feldbahngeschichten","tag-lokomotive","tag-lwl","tag-wanderausstellung"],"share_on_mastodon":{"url":"","error":""},"jetpack_featured_media_url":"","jetpack_sharing_enabled":true,"amp_enabled":true,"_links":{"self":[{"href":"https:\/\/archiv.schmalspurbahn.de\/index.php?rest_route=\/wp\/v2\/posts\/21384","targetHints":{"allow":["GET"]}}],"collection":[{"href":"https:\/\/archiv.schmalspurbahn.de\/index.php?rest_route=\/wp\/v2\/posts"}],"about":[{"href":"https:\/\/archiv.schmalspurbahn.de\/index.php?rest_route=\/wp\/v2\/types\/post"}],"author":[{"embeddable":true,"href":"https:\/\/archiv.schmalspurbahn.de\/index.php?rest_route=\/wp\/v2\/users\/1"}],"replies":[{"embeddable":true,"href":"https:\/\/archiv.schmalspurbahn.de\/index.php?rest_route=%2Fwp%2Fv2%2Fcomments&post=21384"}],"version-history":[{"count":1,"href":"https:\/\/archiv.schmalspurbahn.de\/index.php?rest_route=\/wp\/v2\/posts\/21384\/revisions"}],"predecessor-version":[{"id":21385,"href":"https:\/\/archiv.schmalspurbahn.de\/index.php?rest_route=\/wp\/v2\/posts\/21384\/revisions\/21385"}],"wp:attachment":[{"href":"https:\/\/archiv.schmalspurbahn.de\/index.php?rest_route=%2Fwp%2Fv2%2Fmedia&parent=21384"}],"wp:term":[{"taxonomy":"category","embeddable":true,"href":"https:\/\/archiv.schmalspurbahn.de\/index.php?rest_route=%2Fwp%2Fv2%2Fcategories&post=21384"},{"taxonomy":"post_tag","embeddable":true,"href":"https:\/\/archiv.schmalspurbahn.de\/index.php?rest_route=%2Fwp%2Fv2%2Ftags&post=21384"}],"curies":[{"name":"wp","href":"https:\/\/api.w.org\/{rel}","templated":true}]}}