{"id":21597,"date":"2023-03-23T19:23:00","date_gmt":"2023-03-23T18:23:00","guid":{"rendered":"https:\/\/archiv.schmalspurbahn.de\/?p=21597"},"modified":"2023-04-15T17:28:53","modified_gmt":"2023-04-15T15:28:53","slug":"volles-programm-auf-schmaler-spur-im-jahr-2023-schmalspurbahnen-im-vvo-mit-ueber-130-sonderfahrten-und-veranstaltungen-aus-vvo","status":"publish","type":"post","link":"https:\/\/archiv.schmalspurbahn.de\/?p=21597","title":{"rendered":"Volles Programm auf schmaler Spur im Jahr 2023, Schmalspurbahnen im VVO mit \u00fcber 130 Sonderfahrten und Veranstaltungen, aus VVO"},"content":{"rendered":"<div class=\"shariff\"><ul class=\"shariff-buttons theme-default orientation-horizontal buttonsize-medium\"><li class=\"shariff-button facebook shariff-nocustomcolor\" style=\"background-color:#4273c8\"><a href=\"https:\/\/www.facebook.com\/sharer\/sharer.php?u=https%3A%2F%2Farchiv.schmalspurbahn.de%2F%3Fp%3D21597\" title=\"Bei Facebook teilen\" aria-label=\"Bei Facebook teilen\" role=\"button\" rel=\"nofollow\" class=\"shariff-link\" style=\"; background-color:#3b5998; color:#fff\" target=\"_blank\"><span class=\"shariff-icon\" style=\"\"><svg width=\"32px\" height=\"20px\" xmlns=\"http:\/\/www.w3.org\/2000\/svg\" viewBox=\"0 0 18 32\"><path fill=\"#3b5998\" d=\"M17.1 0.2v4.7h-2.8q-1.5 0-2.1 0.6t-0.5 1.9v3.4h5.2l-0.7 5.3h-4.5v13.6h-5.5v-13.6h-4.5v-5.3h4.5v-3.9q0-3.3 1.9-5.2t5-1.8q2.6 0 4.1 0.2z\"\/><\/svg><\/span><span class=\"shariff-text\">teilen<\/span>&nbsp;<\/a><\/li><li class=\"shariff-button linkedin shariff-nocustomcolor\" style=\"background-color:#1488bf\"><a href=\"https:\/\/www.linkedin.com\/sharing\/share-offsite\/?url=https%3A%2F%2Farchiv.schmalspurbahn.de%2F%3Fp%3D21597\" title=\"Bei LinkedIn teilen\" aria-label=\"Bei LinkedIn teilen\" role=\"button\" rel=\"noopener nofollow\" class=\"shariff-link\" style=\"; background-color:#0077b5; color:#fff\" target=\"_blank\"><span class=\"shariff-icon\" style=\"\"><svg width=\"32px\" height=\"20px\" xmlns=\"http:\/\/www.w3.org\/2000\/svg\" viewBox=\"0 0 27 32\"><path fill=\"#0077b5\" d=\"M6.2 11.2v17.7h-5.9v-17.7h5.9zM6.6 5.7q0 1.3-0.9 2.2t-2.4 0.9h0q-1.5 0-2.4-0.9t-0.9-2.2 0.9-2.2 2.4-0.9 2.4 0.9 0.9 2.2zM27.4 18.7v10.1h-5.9v-9.5q0-1.9-0.7-2.9t-2.3-1.1q-1.1 0-1.9 0.6t-1.2 1.5q-0.2 0.5-0.2 1.4v9.9h-5.9q0-7.1 0-11.6t0-5.3l0-0.9h5.9v2.6h0q0.4-0.6 0.7-1t1-0.9 1.6-0.8 2-0.3q3 0 4.9 2t1.9 6z\"\/><\/svg><\/span><span class=\"shariff-text\">teilen<\/span>&nbsp;<\/a><\/li><li class=\"shariff-button mailto shariff-nocustomcolor\" style=\"background-color:#a8a8a8\"><a href=\"mailto:?body=https%3A%2F%2Farchiv.schmalspurbahn.de%2F%3Fp%3D21597&subject=Volles%20Programm%20auf%20schmaler%20Spur%20im%20Jahr%202023%2C%20Schmalspurbahnen%20im%20VVO%20mit%20%C3%BCber%20130%20Sonderfahrten%20und%20Veranstaltungen%2C%20aus%20VVO\" title=\"Per E-Mail versenden\" aria-label=\"Per E-Mail versenden\" role=\"button\" rel=\"noopener nofollow\" class=\"shariff-link\" style=\"; background-color:#999; color:#fff\"><span class=\"shariff-icon\" style=\"\"><svg width=\"32px\" height=\"20px\" xmlns=\"http:\/\/www.w3.org\/2000\/svg\" viewBox=\"0 0 32 32\"><path fill=\"#999\" d=\"M32 12.7v14.2q0 1.2-0.8 2t-2 0.9h-26.3q-1.2 0-2-0.9t-0.8-2v-14.2q0.8 0.9 1.8 1.6 6.5 4.4 8.9 6.1 1 0.8 1.6 1.2t1.7 0.9 2 0.4h0.1q0.9 0 2-0.4t1.7-0.9 1.6-1.2q3-2.2 8.9-6.1 1-0.7 1.8-1.6zM32 7.4q0 1.4-0.9 2.7t-2.2 2.2q-6.7 4.7-8.4 5.8-0.2 0.1-0.7 0.5t-1 0.7-0.9 0.6-1.1 0.5-0.9 0.2h-0.1q-0.4 0-0.9-0.2t-1.1-0.5-0.9-0.6-1-0.7-0.7-0.5q-1.6-1.1-4.7-3.2t-3.6-2.6q-1.1-0.7-2.1-2t-1-2.5q0-1.4 0.7-2.3t2.1-0.9h26.3q1.2 0 2 0.8t0.9 2z\"\/><\/svg><\/span><span class=\"shariff-text\">E-Mail<\/span>&nbsp;<\/a><\/li><li class=\"shariff-button pocket shariff-nocustomcolor\" style=\"background-color:#444\"><a href=\"https:\/\/getpocket.com\/save?url=https%3A%2F%2Farchiv.schmalspurbahn.de%2F%3Fp%3D21597&title=Volles%20Programm%20auf%20schmaler%20Spur%20im%20Jahr%202023%2C%20Schmalspurbahnen%20im%20VVO%20mit%20%C3%BCber%20130%20Sonderfahrten%20und%20Veranstaltungen%2C%20aus%20VVO\" title=\"Bei Pocket speichern\" aria-label=\"Bei Pocket speichern\" role=\"button\" rel=\"noopener nofollow\" class=\"shariff-link\" style=\"; background-color:#ff0000; color:#fff\" target=\"_blank\"><span class=\"shariff-icon\" style=\"\"><svg width=\"32px\" height=\"20px\" xmlns=\"http:\/\/www.w3.org\/2000\/svg\" viewBox=\"0 0 27 28\"><path fill=\"#ff0000\" d=\"M24.5 2q1 0 1.7 0.7t0.7 1.7v8.1q0 2.8-1.1 5.3t-2.9 4.3-4.3 2.9-5.2 1.1q-2.7 0-5.2-1.1t-4.3-2.9-2.9-4.3-1.1-5.2v-8.1q0-1 0.7-1.7t1.7-0.7h22zM13.5 18.6q0.7 0 1.3-0.5l6.3-6.1q0.6-0.5 0.6-1.3 0-0.8-0.5-1.3t-1.3-0.5q-0.7 0-1.3 0.5l-5 4.8-5-4.8q-0.5-0.5-1.3-0.5-0.8 0-1.3 0.5t-0.5 1.3q0 0.8 0.6 1.3l6.3 6.1q0.5 0.5 1.3 0.5z\"\/><\/svg><\/span><span class=\"shariff-text\">Pocket<\/span>&nbsp;<\/a><\/li><li class=\"shariff-button rss shariff-nocustomcolor\" style=\"background-color:#ff8c00\"><a href=\"https:\/\/archiv.schmalspurbahn.de\/?feed=rss\" title=\"RSS-feed\" aria-label=\"RSS-feed\" role=\"button\" class=\"shariff-link\" style=\"; background-color:#fe9312; color:#fff\" target=\"_blank\"><span class=\"shariff-icon\" style=\"\"><svg width=\"32px\" height=\"20px\" xmlns=\"http:\/\/www.w3.org\/2000\/svg\" viewBox=\"0 0 32 32\"><path fill=\"#fe9312\" d=\"M4.3 23.5c-2.3 0-4.3 1.9-4.3 4.3 0 2.3 1.9 4.2 4.3 4.2 2.4 0 4.3-1.9 4.3-4.2 0-2.3-1.9-4.3-4.3-4.3zM0 10.9v6.1c4 0 7.7 1.6 10.6 4.4 2.8 2.8 4.4 6.6 4.4 10.6h6.2c0-11.7-9.5-21.1-21.1-21.1zM0 0v6.1c14.2 0 25.8 11.6 25.8 25.9h6.2c0-17.6-14.4-32-32-32z\"\/><\/svg><\/span><span class=\"shariff-text\">RSS-feed<\/span>&nbsp;<\/a><\/li><li class=\"shariff-button tumblr shariff-nocustomcolor\" style=\"background-color:#529ecc\"><a href=\"https:\/\/www.tumblr.com\/widgets\/share\/tool?posttype=link&canonicalUrl=https%3A%2F%2Farchiv.schmalspurbahn.de%2F%3Fp%3D21597&tags=archiv.schmalspurbahn.de\" title=\"Bei tumblr teilen\" aria-label=\"Bei tumblr teilen\" role=\"button\" rel=\"noopener nofollow\" class=\"shariff-link\" style=\"; background-color:#36465d; color:#fff\" target=\"_blank\"><span class=\"shariff-icon\" style=\"\"><svg width=\"32px\" height=\"20px\" xmlns=\"http:\/\/www.w3.org\/2000\/svg\" viewBox=\"0 0 32 32\"><path fill=\"#36465d\" d=\"M18 14l0 7.3c0 1.9 0 2.9 0.2 3.5 0.2 0.5 0.7 1.1 1.2 1.4 0.7 0.4 1.5 0.6 2.4 0.6 1.6 0 2.6-0.2 4.2-1.3v4.8c-1.4 0.6-2.6 1-3.7 1.3-1.1 0.3-2.3 0.4-3.6 0.4-1.5 0-2.3-0.2-3.4-0.6-1.1-0.4-2.1-0.9-2.9-1.6-0.8-0.7-1.3-1.4-1.7-2.2s-0.5-1.9-0.5-3.4v-11.2h-4.3v-4.5c1.3-0.4 2.7-1 3.6-1.8 0.9-0.8 1.6-1.7 2.2-2.7 0.5-1.1 0.9-2.4 1.1-4.1h5.2l0 8h8v6h-8z\"\/><\/svg><\/span><span class=\"shariff-text\">teilen<\/span>&nbsp;<\/a><\/li><li class=\"shariff-button twitter shariff-nocustomcolor\" style=\"background-color:#595959\"><a href=\"https:\/\/twitter.com\/share?url=https%3A%2F%2Farchiv.schmalspurbahn.de%2F%3Fp%3D21597&text=Volles%20Programm%20auf%20schmaler%20Spur%20im%20Jahr%202023%2C%20Schmalspurbahnen%20im%20VVO%20mit%20%C3%BCber%20130%20Sonderfahrten%20und%20Veranstaltungen%2C%20aus%20VVO\" title=\"Bei X teilen\" aria-label=\"Bei X teilen\" role=\"button\" rel=\"noopener nofollow\" class=\"shariff-link\" style=\"; background-color:#000; color:#fff\" target=\"_blank\"><span class=\"shariff-icon\" style=\"\"><svg width=\"32px\" height=\"20px\" xmlns=\"http:\/\/www.w3.org\/2000\/svg\" viewBox=\"0 0 24 24\"><path fill=\"#000\" d=\"M14.258 10.152L23.176 0h-2.113l-7.747 8.813L7.133 0H0l9.352 13.328L0 23.973h2.113l8.176-9.309 6.531 9.309h7.133zm-2.895 3.293l-.949-1.328L2.875 1.56h3.246l6.086 8.523.945 1.328 7.91 11.078h-3.246zm0 0\"\/><\/svg><\/span><span class=\"shariff-text\">teilen<\/span>&nbsp;<\/a><\/li><li class=\"shariff-button whatsapp shariff-nocustomcolor\" style=\"background-color:#5cbe4a\"><a href=\"https:\/\/api.whatsapp.com\/send?text=https%3A%2F%2Farchiv.schmalspurbahn.de%2F%3Fp%3D21597%20Volles%20Programm%20auf%20schmaler%20Spur%20im%20Jahr%202023%2C%20Schmalspurbahnen%20im%20VVO%20mit%20%C3%BCber%20130%20Sonderfahrten%20und%20Veranstaltungen%2C%20aus%20VVO\" title=\"Bei Whatsapp teilen\" aria-label=\"Bei Whatsapp teilen\" role=\"button\" rel=\"noopener nofollow\" class=\"shariff-link\" style=\"; background-color:#34af23; color:#fff\" target=\"_blank\"><span class=\"shariff-icon\" style=\"\"><svg width=\"32px\" height=\"20px\" xmlns=\"http:\/\/www.w3.org\/2000\/svg\" viewBox=\"0 0 32 32\"><path fill=\"#34af23\" d=\"M17.6 17.4q0.2 0 1.7 0.8t1.6 0.9q0 0.1 0 0.3 0 0.6-0.3 1.4-0.3 0.7-1.3 1.2t-1.8 0.5q-1 0-3.4-1.1-1.7-0.8-3-2.1t-2.6-3.3q-1.3-1.9-1.3-3.5v-0.1q0.1-1.6 1.3-2.8 0.4-0.4 0.9-0.4 0.1 0 0.3 0t0.3 0q0.3 0 0.5 0.1t0.3 0.5q0.1 0.4 0.6 1.6t0.4 1.3q0 0.4-0.6 1t-0.6 0.8q0 0.1 0.1 0.3 0.6 1.3 1.8 2.4 1 0.9 2.7 1.8 0.2 0.1 0.4 0.1 0.3 0 1-0.9t0.9-0.9zM14 26.9q2.3 0 4.3-0.9t3.6-2.4 2.4-3.6 0.9-4.3-0.9-4.3-2.4-3.6-3.6-2.4-4.3-0.9-4.3 0.9-3.6 2.4-2.4 3.6-0.9 4.3q0 3.6 2.1 6.6l-1.4 4.2 4.3-1.4q2.8 1.9 6.2 1.9zM14 2.2q2.7 0 5.2 1.1t4.3 2.9 2.9 4.3 1.1 5.2-1.1 5.2-2.9 4.3-4.3 2.9-5.2 1.1q-3.5 0-6.5-1.7l-7.4 2.4 2.4-7.2q-1.9-3.2-1.9-6.9 0-2.7 1.1-5.2t2.9-4.3 4.3-2.9 5.2-1.1z\"\/><\/svg><\/span><span class=\"shariff-text\">teilen<\/span>&nbsp;<\/a><\/li><li class=\"shariff-button xing shariff-nocustomcolor\" style=\"background-color:#29888a\"><a href=\"https:\/\/www.xing.com\/spi\/shares\/new?url=https%3A%2F%2Farchiv.schmalspurbahn.de%2F%3Fp%3D21597\" title=\"Bei XING teilen\" aria-label=\"Bei XING teilen\" role=\"button\" rel=\"noopener nofollow\" class=\"shariff-link\" style=\"; background-color:#126567; color:#fff\" target=\"_blank\"><span class=\"shariff-icon\" style=\"\"><svg width=\"32px\" height=\"20px\" xmlns=\"http:\/\/www.w3.org\/2000\/svg\" viewBox=\"0 0 25 32\"><path fill=\"#126567\" d=\"M10.7 11.9q-0.2 0.3-4.6 8.2-0.5 0.8-1.2 0.8h-4.3q-0.4 0-0.5-0.3t0-0.6l4.5-8q0 0 0 0l-2.9-5q-0.2-0.4 0-0.7 0.2-0.3 0.5-0.3h4.3q0.7 0 1.2 0.8zM25.1 0.4q0.2 0.3 0 0.7l-9.4 16.7 6 11q0.2 0.4 0 0.6-0.2 0.3-0.6 0.3h-4.3q-0.7 0-1.2-0.8l-6-11.1q0.3-0.6 9.5-16.8 0.4-0.8 1.2-0.8h4.3q0.4 0 0.5 0.3z\"\/><\/svg><\/span><span class=\"shariff-text\">teilen<\/span>&nbsp;<\/a><\/li><\/ul><\/div>\n<p class=\"wp-block-paragraph\">23.03.2023<\/p>\n\n\n\n<p class=\"wp-block-paragraph\"><a href=\"https:\/\/www.vvo-online.de\/doc\/pm\/230323_PI_Schmalspurbahnen%20im%20VVO.pdf\">https:\/\/www.vvo-online.de\/doc\/pm\/230323_PI_Schmalspurbahnen%20im%20VVO.pdf<\/a><\/p>\n\n\n\n<p class=\"wp-block-paragraph\">Die beiden<span class=\"hashtag\"> #<a href=\"https:\/\/archiv.schmalspurbahn.de?s=%23Schmalspurbahnen\">Schmalspurbahnen<\/a><\/span> im<span class=\"hashtag\"> #<a href=\"https:\/\/archiv.schmalspurbahn.de?s=%23Verkehrsverbund\">Verkehrsverbund<\/a><\/span><span class=\"hashtag\"> #<a href=\"https:\/\/archiv.schmalspurbahn.de?s=%23Oberelbe\">Oberelbe<\/a><\/span> (<a href=\"https:\/\/archiv.schmalspurbahn.de\/?tag=vvo\">#VVO<\/a>) zogen heute Bilanz f\u00fcr das Jahr 2022 und stellten das Programm f\u00fcr dieses Jahr vor. \u201eMit \u00fcber 480.000 Fahrg\u00e4sten auf der<span class=\"hashtag\"> #<a href=\"https:\/\/archiv.schmalspurbahn.de?s=%23Wei\u00dferitztalbahn\">Wei\u00dferitztalbahn<\/a><\/span> und der<span class=\"hashtag\"> #<a href=\"https:\/\/archiv.schmalspurbahn.de?s=%23L\u00f6\u00dfnitzgrundbahn\">L\u00f6\u00dfnitzgrundbahn<\/a><\/span> sind wir sehr \u00a0zufrieden\u201c, \u00a0unterstrich Mirko<span class=\"hashtag\"> #<a href=\"https:\/\/archiv.schmalspurbahn.de?s=%23Fro\u00df,\">Fro\u00df,<\/a><\/span> Eisenbahnbetriebsleiter der<span class=\"hashtag\"> #<a href=\"https:\/\/archiv.schmalspurbahn.de?s=%23SDG\">SDG<\/a><\/span> S\u00e4chsische<span class=\"hashtag\"> #<a href=\"https:\/\/archiv.schmalspurbahn.de?s=%23Dampfeisenbahngesellschaft\">Dampfeisenbahngesellschaft<\/a><\/span> das Ergebnis. \u201eMit dieser soliden Bilanz starten wir jetzt in die neue Saison.\u201c Auf den beiden Bahnen sind in den kommenden neun Monaten \u00fcber 130 Veranstaltungen und Themenfahrten geplant.<\/p>\n\n\n\n<!--more-->\n\n\n\n<p class=\"wp-block-paragraph\"><strong>Bilan<\/strong><strong>z<\/strong><strong> <\/strong><strong>und<\/strong><strong> <\/strong><strong>Ausb<\/strong><strong>lic<\/strong><strong>k<\/strong><\/p>\n\n\n\n<p class=\"wp-block-paragraph\">Die L\u00f6\u00dfnitzgrundbahn konnte rund 265.000 Fahrg\u00e4ste begr\u00fc\u00dfen. Das ist eine Steigerung um 45 Prozent gegen\u00fcber dem Vorjahr. \u201eDie<span class=\"hashtag\"> #<a href=\"https:\/\/archiv.schmalspurbahn.de?s=%23Schmalspurbahn\">Schmalspurbahn<\/a><\/span> wurde in den Sommermonaten stark von den Nutzern des\u00a0 9-Euro-Tickets\u00a0 nachgefragt\u201c, betont Mirko Fro\u00df.\u00a0 \u201eInsbesondere Ende August nutzten viele Reisende die Bahn f\u00fcr einen Tagesausflug.\u201c Neben dem<span class=\"hashtag\"> #<a href=\"https:\/\/archiv.schmalspurbahn.de?s=%23Schmalspurbahn-Festival\">Schmalspurbahn-Festival<\/a><\/span> im September wurden auch die von der<span class=\"hashtag\"> #<a href=\"https:\/\/archiv.schmalspurbahn.de?s=%23Traditionsbahn\">Traditionsbahn<\/a><\/span><span class=\"hashtag\"> #<a href=\"https:\/\/archiv.schmalspurbahn.de?s=%23Radebeul\">Radebeul<\/a><\/span> und der SDG angebotenen Sonder- und Themenfahrten rege genutzt.<\/p>\n\n\n\n<p class=\"wp-block-paragraph\">Auf der Wei\u00dferitztalbahn waren im vergangenen Jahr 221.000 Fahrg\u00e4ste unterwegs. Die Besucherzahlen auf Deutschlands<span class=\"hashtag\"> #<a href=\"https:\/\/archiv.schmalspurbahn.de?s=%23dienst\u00e4ltester\">dienst\u00e4ltester<\/a><\/span> Schmalspurbahn legten damit \u00a0gegen\u00fcber 2021 deutlich um 67 Prozent zu. \u201eDas 9-Euro-Ticket hat zu einem kaum zu bew\u00e4ltigendem Ansturm auf die Bahn gef\u00fchrt und sie wurde intensiv f\u00fcr die An- und Abreise zur<span class=\"hashtag\"> #<a href=\"https:\/\/archiv.schmalspurbahn.de?s=%23Talsperre\">Talsperre<\/a><\/span><span class=\"hashtag\"> #<a href=\"https:\/\/archiv.schmalspurbahn.de?s=%23Malter\">Malter<\/a><\/span> und Wandertouren durch das Osterzgebirge genutzt\u201c, erl\u00e4utert Mirko Fro\u00df. \u201eVor diesem Hintergrund blicken wir mit gro\u00dfem Interesse auf die Zeit ab 1. Mai: F\u00fcr die Inhaber des Deutschlandtickets ist ein<span class=\"hashtag\"> #<a href=\"https:\/\/archiv.schmalspurbahn.de?s=%23Historik-Zuschlag\">Historik-Zuschlag<\/a><\/span> geplant, mit dem f\u00fcr acht Euro pro Tag alle Bahnen der SDG genutzt werden k\u00f6nnen.\u201c<\/p>\n\n\n\n<p class=\"wp-block-paragraph\"><strong>Progr<\/strong><strong>a<\/strong><strong>mm<\/strong><strong>-H\u00f6he<\/strong><strong>punkte<\/strong><strong> <\/strong><strong>2023<\/strong><\/p>\n\n\n\n<p class=\"wp-block-paragraph\">Die<span class=\"hashtag\"> #<a href=\"https:\/\/archiv.schmalspurbahn.de?s=%23Schmalspurbahn-Festivals\">Schmalspurbahn-Festivals<\/a><\/span> und zahlreiche<span class=\"hashtag\"> #<a href=\"https:\/\/archiv.schmalspurbahn.de?s=%23Sonderfahrten\">Sonderfahrten<\/a><\/span> zu Feiertagen, in Verbindung mit Wanderungen und Programmen bilden auch 2023 die H\u00f6hepunkte in den Veranstaltungskalendern. Insgesamt finden sich in der aktuellen Brosch\u00fcre \u201e#Kursbuch\u201c 131 Veranstaltungen rund um und mit den Schmalspurbahnen, die in den kommenden neun Monaten auf dem Programm stehen. \u201eDie Wei\u00dferitztalbahn feiert traditionell im Sommer ihr Festival, in diesem Jahr am 15. und \u00a016. \u00a0Juli\u201c, \u00a0z\u00e4hlt \u00a0Gabriele \u00a0Clauss, \u00a0Marketingleiterin \u00a0im VVO, auf. \u201eDie L\u00f6\u00dfnitzgrundbahn steht am 16. und 17. September im Mittelpunkt.\u201c Auf der Wei\u00dferitztalbahn steht zum Jahresende Deutschlands l\u00e4ngster<span class=\"hashtag\"> #<a href=\"https:\/\/archiv.schmalspurbahn.de?s=%23Weihnachtsmarkt\">Weihnachtsmarkt<\/a><\/span> unter dem Titel \u00a0\u201e#Bimmelbahn \u00a0&amp; \u00a0<a href=\"https:\/\/archiv.schmalspurbahn.de\/?tag=lichterglanz\">#Lichterglanz<\/a>\u201c \u00a0auf \u00a0dem \u00a0Programm, \u00a0den \u00a0die \u00a0SDG \u00a0und \u00a0der \u00a0Verbund gemeinsam mit dem Tourismusverband Erzgebirge, den Kommunen entlang der Strecke und vielen Vereinen organisieren.<\/p>\n\n\n\n<p class=\"wp-block-paragraph\">Neben den gro\u00dfen Veranstaltungen bieten die beiden Bahnen ein Programm f\u00fcr jeden Geschmack. Unterst\u00fctzt wird die SDG von den beiden<span class=\"hashtag\"> #<a href=\"https:\/\/archiv.schmalspurbahn.de?s=%23Vereinen\">Vereinen<\/a><\/span> IG Wei\u00dferitztalbahn e. V. und der Traditionsbahn Radebeul e. V. sowie von vielen Partnern. \u201eVon den Klassikern wie den Osterhasen- oder Zuckert\u00fctenfahrten \u00fcber gef\u00fchrte Wanderungen entlang der Strecken bis hin zu Touren mit musikalischem oder kulinarischem Programm ist f\u00fcr jeden etwas dabei\u201c, so Gabriele Clauss. \u201eBei Ausfl\u00fcgen wie der<span class=\"hashtag\"> #<a href=\"https:\/\/archiv.schmalspurbahn.de?s=%23Whisky-Nostalgie-Tour\">Whisky-Nostalgie-Tour<\/a><\/span> oder dem<span class=\"hashtag\"> #<a href=\"https:\/\/archiv.schmalspurbahn.de?s=%23Federwei\u00dferzug\">Federwei\u00dferzug<\/a><\/span> auf der L\u00f6\u00dfnitzgrundbahn sowie dem Programm \u201e#Werkstatt mit<span class=\"hashtag\"> #<a href=\"https:\/\/archiv.schmalspurbahn.de?s=%23Volldampf\u201c\">Volldampf\u201c<\/a><\/span> auf der Wei\u00dferitztalbahn empfehlen wir eine fr\u00fche Anmeldung \u2013 da sie sich auch als Geschenk anbieten, waren sie im letzten Jahr recht fr\u00fch ausgebucht.\u201c<\/p>\n\n\n\n<p class=\"wp-block-paragraph\"><strong>Bauma\u00dfna<\/strong><strong>hmen<\/strong><strong> 2023<\/strong><\/p>\n\n\n\n<p class=\"wp-block-paragraph\">Auf beiden Bahnen finden noch bis 24. M\u00e4rz sowie vom 1. bis 19. November regul\u00e4re<span class=\"hashtag\"> #<a href=\"https:\/\/archiv.schmalspurbahn.de?s=%23Wartungsarbeiten\">Wartungsarbeiten<\/a><\/span> \u00a0statt. \u00a0\u201eDie \u00a0<a href=\"https:\/\/archiv.schmalspurbahn.de\/?tag=betriebspausen\">#Betriebspausen<\/a> \u00a0finden \u00a0traditionell \u00a0in \u00a0schwach\u00a0 \u00a0nachgefragten Zeiten statt\u201c, erl\u00e4utert Mirko Fro\u00df. \u201eNeben den Arbeiten an der Strecke investieren wir zudem in die Fahrzeuge und die neue Werkstatt in Radebeul-Ost.\u201c Im Zuge der Hauptuntersuchungen erhalten die Wagen schrittweise eine dunkelgr\u00fcne Lackierung mit neuem Logo. Die vom Freistaat Sachsen und VVO mitfinanzierte neue \u00a0<a href=\"https:\/\/archiv.schmalspurbahn.de\/?tag=instandhaltungs\">#Instandhaltungs<\/a>-Werkstatt \u00a0f\u00fcr \u00a0die L\u00f6\u00dfnitzgrundbahn in Radebeul Ost wird voraussichtlich im Fr\u00fchling \u00a0in \u00a0Betrieb \u00a0gehen \u00a0und bietet dann moderne Arbeitsbedingungen f\u00fcr die Pflege der historischen Fahrzeuge.<\/p>\n\n\n\n<p class=\"wp-block-paragraph\">Einen \u00dcberblick \u00fcber alle Termine und Veranstaltungen gibt es unter <a href=\"http:\/\/www.loessnitzgrundbahn.de\/\"><strong>www.loessnitzgrundbahn.de<\/strong><\/a><strong> <\/strong>und <a href=\"http:\/\/www.traditionsbahn-radebeul.de\/\"><strong>www.tr<\/strong><strong>aditions<\/strong><strong>ba<\/strong><strong>hn<\/strong><strong>&#8211;<\/strong><strong>r<\/strong><strong>ad<\/strong><strong>eb<\/strong><strong>eul.de<\/strong><\/a><strong> <\/strong>sowie auf <a href=\"http:\/\/www.weisseritztalbahn.com\/\"><strong>www.we<\/strong><strong>isseritzt<\/strong><strong>albahn.c<\/strong><strong>om<\/strong><\/a><strong> <\/strong>und <a href=\"http:\/\/www.weisseritztalbahn.de\/\"><strong>www.weisseritztalbahn.de<\/strong>.<\/a> Sachsentr\u00e4ume, der Kooperationspartner des VVO, ist online unter <a href=\"http:\/\/www.sachsen-traeume.de\/\"><strong>www.sa<\/strong><strong>chsen-tr<\/strong><strong>aeume.<\/strong><strong>d<\/strong><strong>e<\/strong><\/a><strong> <\/strong>zu erreichen.<\/p>\n\n\n\n<p class=\"wp-block-paragraph\">Weitere Informationen erhalten Sie bei:<\/p>\n\n\n\n<p class=\"wp-block-paragraph\"><strong>Mirko Fro\u00df&nbsp;&nbsp;&nbsp;&nbsp;&nbsp;&nbsp;&nbsp;&nbsp;&nbsp;&nbsp;&nbsp;&nbsp;&nbsp;&nbsp;&nbsp;&nbsp;&nbsp;&nbsp;&nbsp;&nbsp;&nbsp;&nbsp;&nbsp;&nbsp;&nbsp;&nbsp;&nbsp;&nbsp;&nbsp;&nbsp;&nbsp;&nbsp;&nbsp;&nbsp;&nbsp;&nbsp;&nbsp;&nbsp;&nbsp;&nbsp;&nbsp;&nbsp;&nbsp;&nbsp;&nbsp;&nbsp;&nbsp;&nbsp;&nbsp;&nbsp;&nbsp;&nbsp;&nbsp; Christian Schlemper<\/strong><\/p>\n\n\n\n<p class=\"wp-block-paragraph\">Eisenbahnbetriebsleiter&nbsp;&nbsp;&nbsp;&nbsp;&nbsp;&nbsp;&nbsp;&nbsp;&nbsp;&nbsp;&nbsp;&nbsp;&nbsp;&nbsp;&nbsp;&nbsp;&nbsp;&nbsp;&nbsp;&nbsp;&nbsp;&nbsp;&nbsp;&nbsp;&nbsp;&nbsp;&nbsp;&nbsp;&nbsp;&nbsp;&nbsp;&nbsp;&nbsp;&nbsp;&nbsp;&nbsp;&nbsp;&nbsp;&nbsp;&nbsp;&nbsp;&nbsp;&nbsp;&nbsp;&nbsp;&nbsp;&nbsp;&nbsp;&nbsp;&nbsp; Pressesprecher &nbsp;&nbsp;&nbsp;&nbsp;&nbsp;&nbsp;&nbsp;&nbsp;&nbsp;&nbsp;&nbsp;&nbsp;&nbsp;&nbsp;&nbsp;&nbsp;&nbsp;S\u00e4chsische Dampfeisenbahngesellschaft GmbH&nbsp;&nbsp;&nbsp;&nbsp;&nbsp;&nbsp;&nbsp;&nbsp;&nbsp; Verkehrsverbund Oberelbe GmbH (SDG)&nbsp;&nbsp;&nbsp;&nbsp;&nbsp;&nbsp;&nbsp;&nbsp;&nbsp;&nbsp;&nbsp;&nbsp;&nbsp;&nbsp;&nbsp;&nbsp;&nbsp;&nbsp;&nbsp;&nbsp;&nbsp;&nbsp;&nbsp;&nbsp;&nbsp;&nbsp;&nbsp;&nbsp;&nbsp;&nbsp;&nbsp;&nbsp;&nbsp;&nbsp;&nbsp;&nbsp;&nbsp;&nbsp;&nbsp;&nbsp;&nbsp;&nbsp;&nbsp;&nbsp;&nbsp;&nbsp;&nbsp;&nbsp;&nbsp;&nbsp; (VVO)<\/p>\n\n\n\n<p class=\"wp-block-paragraph\">Telefon:&nbsp; 035207 &nbsp;89290&nbsp;&nbsp;&nbsp;&nbsp;&nbsp;&nbsp;&nbsp;&nbsp;&nbsp;&nbsp;&nbsp;&nbsp;&nbsp;&nbsp;&nbsp;&nbsp;&nbsp;&nbsp;&nbsp;&nbsp;&nbsp;&nbsp;&nbsp;&nbsp;&nbsp;&nbsp;&nbsp;&nbsp;&nbsp;&nbsp;&nbsp;&nbsp;&nbsp;&nbsp;&nbsp;&nbsp;&nbsp;&nbsp;&nbsp;&nbsp;&nbsp;&nbsp;&nbsp;&nbsp;&nbsp;&nbsp;&nbsp; Telefon:&nbsp; 0351&nbsp; 8526512 <a href=\"mailto:presse@vvo-online.de\">presse@vvo-online.de<\/a><\/p>\n\n\n\n<p class=\"wp-block-paragraph\"><a href=\"http:\/\/www.loessnitzgrundbahn.de\/\">www.loessnitzgrundbahn.de<\/a>&nbsp;&nbsp;&nbsp;&nbsp;&nbsp;&nbsp;&nbsp;&nbsp;&nbsp;&nbsp;&nbsp;&nbsp;&nbsp;&nbsp;&nbsp;&nbsp;&nbsp;&nbsp;&nbsp;&nbsp;&nbsp;&nbsp;&nbsp;&nbsp;&nbsp;&nbsp;&nbsp;&nbsp;&nbsp;&nbsp;&nbsp;&nbsp;&nbsp;&nbsp;&nbsp;&nbsp;&nbsp;&nbsp;&nbsp;&nbsp;&nbsp; <a href=\"http:\/\/www.vvo-online.de\/\">www.vvo-online.de<\/a><\/p>\n\n\n\n<p class=\"wp-block-paragraph\"><a href=\"http:\/\/www.weisseritztalbahn.com\/\">www.weisseritztalbahn.com<\/a>&nbsp;&nbsp;&nbsp;&nbsp;&nbsp;&nbsp;&nbsp;&nbsp;&nbsp;&nbsp;&nbsp;&nbsp;&nbsp;&nbsp;&nbsp;&nbsp;&nbsp;&nbsp;&nbsp;&nbsp;&nbsp;&nbsp;&nbsp;&nbsp;&nbsp;&nbsp;&nbsp;&nbsp;&nbsp;&nbsp;&nbsp;&nbsp;&nbsp;&nbsp;&nbsp;&nbsp;&nbsp;&nbsp;&nbsp;&nbsp;&nbsp;&nbsp; <a href=\"http:\/\/www.twitter.com\/vvo_presse\">www.twitter.com\/vvo_presse<\/a><\/p>\n","protected":false},"excerpt":{"rendered":"<p>23.03.2023 https:\/\/www.vvo-online.de\/doc\/pm\/230323_PI_Schmalspurbahnen%20im%20VVO.pdf Die beiden #Schmalspurbahnen im #Verkehrsverbund #Oberelbe (#VVO) zogen heute Bilanz f\u00fcr das Jahr 2022 und stellten das Programm f\u00fcr dieses Jahr vor. \u201eMit \u00fcber 480.000 Fahrg\u00e4sten auf der #Wei\u00dferitztalbahn und der #L\u00f6\u00dfnitzgrundbahn sind wir sehr \u00a0zufrieden\u201c, \u00a0unterstrich Mirko #Fro\u00df, Eisenbahnbetriebsleiter der #SDG S\u00e4chsische #Dampfeisenbahngesellschaft das Ergebnis. \u201eMit dieser soliden Bilanz starten wir jetzt &hellip; <a href=\"https:\/\/archiv.schmalspurbahn.de\/?p=21597\" class=\"more-link\"><span class=\"screen-reader-text\">\u201eVolles Programm auf schmaler Spur im Jahr 2023, Schmalspurbahnen im VVO mit \u00fcber 130 Sonderfahrten und Veranstaltungen, aus VVO\u201c <\/span>weiterlesen<\/a><\/p>\n","protected":false},"author":1,"featured_media":0,"comment_status":"closed","ping_status":"open","sticky":false,"template":"","format":"standard","meta":{"_crdt_document":"","_jetpack_memberships_contains_paid_content":false,"footnotes":"","_share_on_mastodon":"0"},"categories":[48,7,47],"tags":[4047,256,4041,4045,309,345,4048,438,205,506,2383,439,142,102,258,1012,4042,294,4043,260,108,308,4046,503,206,4044],"class_list":["post-21597","post","type-post","status-publish","format-standard","hentry","category-loessnitzgrundbahn","category-sachsen","category-weisseritztalbahn","tag-betriebspausen","tag-dampfeisenbahngesellschaft","tag-dienstaeltester","tag-federweisserzug","tag-fross","tag-historik","tag-instandhaltungs","tag-lichterglanz","tag-loessnitzgrundbahn","tag-malter","tag-oberelbe","tag-radebeul","tag-schmalspurbahn","tag-schmalspurbahnen","tag-sdg","tag-sonderfahrten","tag-talsperre","tag-traditionsbahn","tag-vereinen","tag-verkehrsverbund","tag-volldampf","tag-vvo","tag-wartungsarbeiten","tag-weihnachtsmarkt","tag-weisseritztalbahn","tag-whisky"],"share_on_mastodon":{"url":"","error":""},"jetpack_featured_media_url":"","jetpack_sharing_enabled":true,"amp_enabled":true,"_links":{"self":[{"href":"https:\/\/archiv.schmalspurbahn.de\/index.php?rest_route=\/wp\/v2\/posts\/21597","targetHints":{"allow":["GET"]}}],"collection":[{"href":"https:\/\/archiv.schmalspurbahn.de\/index.php?rest_route=\/wp\/v2\/posts"}],"about":[{"href":"https:\/\/archiv.schmalspurbahn.de\/index.php?rest_route=\/wp\/v2\/types\/post"}],"author":[{"embeddable":true,"href":"https:\/\/archiv.schmalspurbahn.de\/index.php?rest_route=\/wp\/v2\/users\/1"}],"replies":[{"embeddable":true,"href":"https:\/\/archiv.schmalspurbahn.de\/index.php?rest_route=%2Fwp%2Fv2%2Fcomments&post=21597"}],"version-history":[{"count":1,"href":"https:\/\/archiv.schmalspurbahn.de\/index.php?rest_route=\/wp\/v2\/posts\/21597\/revisions"}],"predecessor-version":[{"id":21598,"href":"https:\/\/archiv.schmalspurbahn.de\/index.php?rest_route=\/wp\/v2\/posts\/21597\/revisions\/21598"}],"wp:attachment":[{"href":"https:\/\/archiv.schmalspurbahn.de\/index.php?rest_route=%2Fwp%2Fv2%2Fmedia&parent=21597"}],"wp:term":[{"taxonomy":"category","embeddable":true,"href":"https:\/\/archiv.schmalspurbahn.de\/index.php?rest_route=%2Fwp%2Fv2%2Fcategories&post=21597"},{"taxonomy":"post_tag","embeddable":true,"href":"https:\/\/archiv.schmalspurbahn.de\/index.php?rest_route=%2Fwp%2Fv2%2Ftags&post=21597"}],"curies":[{"name":"wp","href":"https:\/\/api.w.org\/{rel}","templated":true}]}}