{"id":21609,"date":"2023-03-30T19:56:00","date_gmt":"2023-03-30T17:56:00","guid":{"rendered":"https:\/\/archiv.schmalspurbahn.de\/?p=21609"},"modified":"2023-04-15T18:01:50","modified_gmt":"2023-04-15T16:01:50","slug":"ab-1-april-gilt-bei-den-harzer-schmalspurbahnen-der-sommerfahrplan-aus-hsb","status":"publish","type":"post","link":"https:\/\/archiv.schmalspurbahn.de\/?p=21609","title":{"rendered":"Ab 1. April gilt bei den Harzer Schmalspurbahnen der Sommerfahrplan, aus HSB"},"content":{"rendered":"<div class=\"shariff\"><ul class=\"shariff-buttons theme-default orientation-horizontal buttonsize-medium\"><li class=\"shariff-button facebook shariff-nocustomcolor\" style=\"background-color:#4273c8\"><a href=\"https:\/\/www.facebook.com\/sharer\/sharer.php?u=https%3A%2F%2Farchiv.schmalspurbahn.de%2F%3Fp%3D21609\" title=\"Bei Facebook teilen\" aria-label=\"Bei Facebook teilen\" role=\"button\" rel=\"nofollow\" class=\"shariff-link\" style=\"; background-color:#3b5998; color:#fff\" target=\"_blank\"><span class=\"shariff-icon\" style=\"\"><svg width=\"32px\" height=\"20px\" xmlns=\"http:\/\/www.w3.org\/2000\/svg\" viewBox=\"0 0 18 32\"><path fill=\"#3b5998\" d=\"M17.1 0.2v4.7h-2.8q-1.5 0-2.1 0.6t-0.5 1.9v3.4h5.2l-0.7 5.3h-4.5v13.6h-5.5v-13.6h-4.5v-5.3h4.5v-3.9q0-3.3 1.9-5.2t5-1.8q2.6 0 4.1 0.2z\"\/><\/svg><\/span><span class=\"shariff-text\">teilen<\/span>&nbsp;<\/a><\/li><li class=\"shariff-button linkedin shariff-nocustomcolor\" style=\"background-color:#1488bf\"><a href=\"https:\/\/www.linkedin.com\/sharing\/share-offsite\/?url=https%3A%2F%2Farchiv.schmalspurbahn.de%2F%3Fp%3D21609\" title=\"Bei LinkedIn teilen\" aria-label=\"Bei LinkedIn teilen\" role=\"button\" rel=\"noopener nofollow\" class=\"shariff-link\" style=\"; background-color:#0077b5; color:#fff\" target=\"_blank\"><span class=\"shariff-icon\" style=\"\"><svg width=\"32px\" height=\"20px\" xmlns=\"http:\/\/www.w3.org\/2000\/svg\" viewBox=\"0 0 27 32\"><path fill=\"#0077b5\" d=\"M6.2 11.2v17.7h-5.9v-17.7h5.9zM6.6 5.7q0 1.3-0.9 2.2t-2.4 0.9h0q-1.5 0-2.4-0.9t-0.9-2.2 0.9-2.2 2.4-0.9 2.4 0.9 0.9 2.2zM27.4 18.7v10.1h-5.9v-9.5q0-1.9-0.7-2.9t-2.3-1.1q-1.1 0-1.9 0.6t-1.2 1.5q-0.2 0.5-0.2 1.4v9.9h-5.9q0-7.1 0-11.6t0-5.3l0-0.9h5.9v2.6h0q0.4-0.6 0.7-1t1-0.9 1.6-0.8 2-0.3q3 0 4.9 2t1.9 6z\"\/><\/svg><\/span><span class=\"shariff-text\">teilen<\/span>&nbsp;<\/a><\/li><li class=\"shariff-button mailto shariff-nocustomcolor\" style=\"background-color:#a8a8a8\"><a href=\"mailto:?body=https%3A%2F%2Farchiv.schmalspurbahn.de%2F%3Fp%3D21609&subject=Ab%201.%20April%20gilt%20bei%20den%20Harzer%20Schmalspurbahnen%20der%20Sommerfahrplan%2C%20aus%20HSB\" title=\"Per E-Mail versenden\" aria-label=\"Per E-Mail versenden\" role=\"button\" rel=\"noopener nofollow\" class=\"shariff-link\" style=\"; background-color:#999; color:#fff\"><span class=\"shariff-icon\" style=\"\"><svg width=\"32px\" height=\"20px\" xmlns=\"http:\/\/www.w3.org\/2000\/svg\" viewBox=\"0 0 32 32\"><path fill=\"#999\" d=\"M32 12.7v14.2q0 1.2-0.8 2t-2 0.9h-26.3q-1.2 0-2-0.9t-0.8-2v-14.2q0.8 0.9 1.8 1.6 6.5 4.4 8.9 6.1 1 0.8 1.6 1.2t1.7 0.9 2 0.4h0.1q0.9 0 2-0.4t1.7-0.9 1.6-1.2q3-2.2 8.9-6.1 1-0.7 1.8-1.6zM32 7.4q0 1.4-0.9 2.7t-2.2 2.2q-6.7 4.7-8.4 5.8-0.2 0.1-0.7 0.5t-1 0.7-0.9 0.6-1.1 0.5-0.9 0.2h-0.1q-0.4 0-0.9-0.2t-1.1-0.5-0.9-0.6-1-0.7-0.7-0.5q-1.6-1.1-4.7-3.2t-3.6-2.6q-1.1-0.7-2.1-2t-1-2.5q0-1.4 0.7-2.3t2.1-0.9h26.3q1.2 0 2 0.8t0.9 2z\"\/><\/svg><\/span><span class=\"shariff-text\">E-Mail<\/span>&nbsp;<\/a><\/li><li class=\"shariff-button pocket shariff-nocustomcolor\" style=\"background-color:#444\"><a href=\"https:\/\/getpocket.com\/save?url=https%3A%2F%2Farchiv.schmalspurbahn.de%2F%3Fp%3D21609&title=Ab%201.%20April%20gilt%20bei%20den%20Harzer%20Schmalspurbahnen%20der%20Sommerfahrplan%2C%20aus%20HSB\" title=\"Bei Pocket speichern\" aria-label=\"Bei Pocket speichern\" role=\"button\" rel=\"noopener nofollow\" class=\"shariff-link\" style=\"; background-color:#ff0000; color:#fff\" target=\"_blank\"><span class=\"shariff-icon\" style=\"\"><svg width=\"32px\" height=\"20px\" xmlns=\"http:\/\/www.w3.org\/2000\/svg\" viewBox=\"0 0 27 28\"><path fill=\"#ff0000\" d=\"M24.5 2q1 0 1.7 0.7t0.7 1.7v8.1q0 2.8-1.1 5.3t-2.9 4.3-4.3 2.9-5.2 1.1q-2.7 0-5.2-1.1t-4.3-2.9-2.9-4.3-1.1-5.2v-8.1q0-1 0.7-1.7t1.7-0.7h22zM13.5 18.6q0.7 0 1.3-0.5l6.3-6.1q0.6-0.5 0.6-1.3 0-0.8-0.5-1.3t-1.3-0.5q-0.7 0-1.3 0.5l-5 4.8-5-4.8q-0.5-0.5-1.3-0.5-0.8 0-1.3 0.5t-0.5 1.3q0 0.8 0.6 1.3l6.3 6.1q0.5 0.5 1.3 0.5z\"\/><\/svg><\/span><span class=\"shariff-text\">Pocket<\/span>&nbsp;<\/a><\/li><li class=\"shariff-button rss shariff-nocustomcolor\" style=\"background-color:#ff8c00\"><a href=\"https:\/\/archiv.schmalspurbahn.de\/?feed=rss\" title=\"RSS-feed\" aria-label=\"RSS-feed\" role=\"button\" class=\"shariff-link\" style=\"; background-color:#fe9312; color:#fff\" target=\"_blank\"><span class=\"shariff-icon\" style=\"\"><svg width=\"32px\" height=\"20px\" xmlns=\"http:\/\/www.w3.org\/2000\/svg\" viewBox=\"0 0 32 32\"><path fill=\"#fe9312\" d=\"M4.3 23.5c-2.3 0-4.3 1.9-4.3 4.3 0 2.3 1.9 4.2 4.3 4.2 2.4 0 4.3-1.9 4.3-4.2 0-2.3-1.9-4.3-4.3-4.3zM0 10.9v6.1c4 0 7.7 1.6 10.6 4.4 2.8 2.8 4.4 6.6 4.4 10.6h6.2c0-11.7-9.5-21.1-21.1-21.1zM0 0v6.1c14.2 0 25.8 11.6 25.8 25.9h6.2c0-17.6-14.4-32-32-32z\"\/><\/svg><\/span><span class=\"shariff-text\">RSS-feed<\/span>&nbsp;<\/a><\/li><li class=\"shariff-button tumblr shariff-nocustomcolor\" style=\"background-color:#529ecc\"><a href=\"https:\/\/www.tumblr.com\/widgets\/share\/tool?posttype=link&canonicalUrl=https%3A%2F%2Farchiv.schmalspurbahn.de%2F%3Fp%3D21609&tags=archiv.schmalspurbahn.de\" title=\"Bei tumblr teilen\" aria-label=\"Bei tumblr teilen\" role=\"button\" rel=\"noopener nofollow\" class=\"shariff-link\" style=\"; background-color:#36465d; color:#fff\" target=\"_blank\"><span class=\"shariff-icon\" style=\"\"><svg width=\"32px\" height=\"20px\" xmlns=\"http:\/\/www.w3.org\/2000\/svg\" viewBox=\"0 0 32 32\"><path fill=\"#36465d\" d=\"M18 14l0 7.3c0 1.9 0 2.9 0.2 3.5 0.2 0.5 0.7 1.1 1.2 1.4 0.7 0.4 1.5 0.6 2.4 0.6 1.6 0 2.6-0.2 4.2-1.3v4.8c-1.4 0.6-2.6 1-3.7 1.3-1.1 0.3-2.3 0.4-3.6 0.4-1.5 0-2.3-0.2-3.4-0.6-1.1-0.4-2.1-0.9-2.9-1.6-0.8-0.7-1.3-1.4-1.7-2.2s-0.5-1.9-0.5-3.4v-11.2h-4.3v-4.5c1.3-0.4 2.7-1 3.6-1.8 0.9-0.8 1.6-1.7 2.2-2.7 0.5-1.1 0.9-2.4 1.1-4.1h5.2l0 8h8v6h-8z\"\/><\/svg><\/span><span class=\"shariff-text\">teilen<\/span>&nbsp;<\/a><\/li><li class=\"shariff-button twitter shariff-nocustomcolor\" style=\"background-color:#595959\"><a href=\"https:\/\/twitter.com\/share?url=https%3A%2F%2Farchiv.schmalspurbahn.de%2F%3Fp%3D21609&text=Ab%201.%20April%20gilt%20bei%20den%20Harzer%20Schmalspurbahnen%20der%20Sommerfahrplan%2C%20aus%20HSB\" title=\"Bei X teilen\" aria-label=\"Bei X teilen\" role=\"button\" rel=\"noopener nofollow\" class=\"shariff-link\" style=\"; background-color:#000; color:#fff\" target=\"_blank\"><span class=\"shariff-icon\" style=\"\"><svg width=\"32px\" height=\"20px\" xmlns=\"http:\/\/www.w3.org\/2000\/svg\" viewBox=\"0 0 24 24\"><path fill=\"#000\" d=\"M14.258 10.152L23.176 0h-2.113l-7.747 8.813L7.133 0H0l9.352 13.328L0 23.973h2.113l8.176-9.309 6.531 9.309h7.133zm-2.895 3.293l-.949-1.328L2.875 1.56h3.246l6.086 8.523.945 1.328 7.91 11.078h-3.246zm0 0\"\/><\/svg><\/span><span class=\"shariff-text\">teilen<\/span>&nbsp;<\/a><\/li><li class=\"shariff-button whatsapp shariff-nocustomcolor\" style=\"background-color:#5cbe4a\"><a href=\"https:\/\/api.whatsapp.com\/send?text=https%3A%2F%2Farchiv.schmalspurbahn.de%2F%3Fp%3D21609%20Ab%201.%20April%20gilt%20bei%20den%20Harzer%20Schmalspurbahnen%20der%20Sommerfahrplan%2C%20aus%20HSB\" title=\"Bei Whatsapp teilen\" aria-label=\"Bei Whatsapp teilen\" role=\"button\" rel=\"noopener nofollow\" class=\"shariff-link\" style=\"; background-color:#34af23; color:#fff\" target=\"_blank\"><span class=\"shariff-icon\" style=\"\"><svg width=\"32px\" height=\"20px\" xmlns=\"http:\/\/www.w3.org\/2000\/svg\" viewBox=\"0 0 32 32\"><path fill=\"#34af23\" d=\"M17.6 17.4q0.2 0 1.7 0.8t1.6 0.9q0 0.1 0 0.3 0 0.6-0.3 1.4-0.3 0.7-1.3 1.2t-1.8 0.5q-1 0-3.4-1.1-1.7-0.8-3-2.1t-2.6-3.3q-1.3-1.9-1.3-3.5v-0.1q0.1-1.6 1.3-2.8 0.4-0.4 0.9-0.4 0.1 0 0.3 0t0.3 0q0.3 0 0.5 0.1t0.3 0.5q0.1 0.4 0.6 1.6t0.4 1.3q0 0.4-0.6 1t-0.6 0.8q0 0.1 0.1 0.3 0.6 1.3 1.8 2.4 1 0.9 2.7 1.8 0.2 0.1 0.4 0.1 0.3 0 1-0.9t0.9-0.9zM14 26.9q2.3 0 4.3-0.9t3.6-2.4 2.4-3.6 0.9-4.3-0.9-4.3-2.4-3.6-3.6-2.4-4.3-0.9-4.3 0.9-3.6 2.4-2.4 3.6-0.9 4.3q0 3.6 2.1 6.6l-1.4 4.2 4.3-1.4q2.8 1.9 6.2 1.9zM14 2.2q2.7 0 5.2 1.1t4.3 2.9 2.9 4.3 1.1 5.2-1.1 5.2-2.9 4.3-4.3 2.9-5.2 1.1q-3.5 0-6.5-1.7l-7.4 2.4 2.4-7.2q-1.9-3.2-1.9-6.9 0-2.7 1.1-5.2t2.9-4.3 4.3-2.9 5.2-1.1z\"\/><\/svg><\/span><span class=\"shariff-text\">teilen<\/span>&nbsp;<\/a><\/li><li class=\"shariff-button xing shariff-nocustomcolor\" style=\"background-color:#29888a\"><a href=\"https:\/\/www.xing.com\/spi\/shares\/new?url=https%3A%2F%2Farchiv.schmalspurbahn.de%2F%3Fp%3D21609\" title=\"Bei XING teilen\" aria-label=\"Bei XING teilen\" role=\"button\" rel=\"noopener nofollow\" class=\"shariff-link\" style=\"; background-color:#126567; color:#fff\" target=\"_blank\"><span class=\"shariff-icon\" style=\"\"><svg width=\"32px\" height=\"20px\" xmlns=\"http:\/\/www.w3.org\/2000\/svg\" viewBox=\"0 0 25 32\"><path fill=\"#126567\" d=\"M10.7 11.9q-0.2 0.3-4.6 8.2-0.5 0.8-1.2 0.8h-4.3q-0.4 0-0.5-0.3t0-0.6l4.5-8q0 0 0 0l-2.9-5q-0.2-0.4 0-0.7 0.2-0.3 0.5-0.3h4.3q0.7 0 1.2 0.8zM25.1 0.4q0.2 0.3 0 0.7l-9.4 16.7 6 11q0.2 0.4 0 0.6-0.2 0.3-0.6 0.3h-4.3q-0.7 0-1.2-0.8l-6-11.1q0.3-0.6 9.5-16.8 0.4-0.8 1.2-0.8h4.3q0.4 0 0.5 0.3z\"\/><\/svg><\/span><span class=\"shariff-text\">teilen<\/span>&nbsp;<\/a><\/li><\/ul><\/div>\n<p class=\"wp-block-paragraph\">30.03.2023<\/p>\n\n\n\n<p class=\"wp-block-paragraph\"><span class=\"hashtag\"> #<a href=\"https:\/\/archiv.schmalspurbahn.de?s=%23Wernigerode\">Wernigerode<\/a><\/span> \u2013 Die Harzer<span class=\"hashtag\"> #<a href=\"https:\/\/archiv.schmalspurbahn.de?s=%23Schmalspurbahnen\">Schmalspurbahnen<\/a><\/span> GmbH (<a href=\"https:\/\/archiv.schmalspurbahn.de\/?tag=hsb\">#HSB<\/a>) startet auch in diesem Jahr wieder fr\u00fch in den Sommer. Bereits ab dem 1. April gilt der neue<span class=\"hashtag\"> #<a href=\"https:\/\/archiv.schmalspurbahn.de?s=%23Sommerfahrplan.\">Sommerfahrplan.<\/a><\/span> Er ist bis zum 31. Oktober g\u00fcltig und umfasst auf Grundlage der Verkehrsvertr\u00e4ge mit den L\u00e4ndern Sachsen-Anhalt und Th\u00fcringen wieder ein umfangreiches<span class=\"hashtag\"> #<a href=\"https:\/\/archiv.schmalspurbahn.de?s=%23Fahrtenangebot\">Fahrtenangebot<\/a><\/span> auf dem 140,4 km langen<span class=\"hashtag\"> #<a href=\"https:\/\/archiv.schmalspurbahn.de?s=%23Streckennetz.\">Streckennetz.<\/a><\/span> Dabei kehrt an einzelnen Tagen wieder ein zweiter<span class=\"hashtag\"> #<a href=\"https:\/\/archiv.schmalspurbahn.de?s=%23Dampfzug\">Dampfzug<\/a><\/span> auf die<span class=\"hashtag\"> #<a href=\"https:\/\/archiv.schmalspurbahn.de?s=%23Selketalbahn\">Selketalbahn<\/a><\/span> zur\u00fcck. Ab dem 1. Mai gilt mit Ausnahme der<span class=\"hashtag\"> #<a href=\"https:\/\/archiv.schmalspurbahn.de?s=%23Brockenbahn\">Brockenbahn<\/a><\/span> auch das neue \u201eDeutschlandticket\u201c in den Z\u00fcgen der HSB.<br>Wie gewohnt verkehren ab dem 1. April wieder elf t\u00e4gliche Z\u00fcge je Fahrtrichtung auf der stark frequentierten Brockenbahn von Drei Annen Hohne zum Brocken. <\/p>\n\n\n\n<!--more-->\n\n\n\n<p class=\"wp-block-paragraph\">Ab Wernigerode, wo Anschluss an die Z\u00fcge aus Richtung Halle (Saale), Magdeburg und Hannover besteht, ist der h\u00f6chste<span class=\"hashtag\"> #<a href=\"https:\/\/archiv.schmalspurbahn.de?s=%23Harzgipfel\">Harzgipfel<\/a><\/span> dabei sieben Mal pro Tag erreichbar. Freitags bis dienstags kommt bei zwei nachmitt\u00e4glichen Fahrten zum Brocken erneut eine<span class=\"hashtag\"> #<a href=\"https:\/\/archiv.schmalspurbahn.de?s=%23Diesellok\">Diesellok<\/a><\/span> (\u201e#Harzkamel\u201c) anstelle der \u00fcblichen<span class=\"hashtag\"> #<a href=\"https:\/\/archiv.schmalspurbahn.de?s=%23Dampflok\">Dampflok<\/a><\/span> zum Einsatz. Das Zugangebot von Wernigerode zum Brocken wird an ausgew\u00e4hlten Tagen noch durch den historischen<span class=\"hashtag\"> #<a href=\"https:\/\/archiv.schmalspurbahn.de?s=%23Traditionszug\">Traditionszug<\/a><\/span> erg\u00e4nzt, wobei hier neben der Sitzplatzgarantie auch eine Reiseleitung im Reisepreis enthalten ist. Weitere Sonderfahrten finden dar\u00fcber hinaus auf dem gesamten Streckennetz statt.<br>Auf der Harzquerbahn enth\u00e4lt der neue Sommerfahrplan neben<span class=\"hashtag\"> #<a href=\"https:\/\/archiv.schmalspurbahn.de?s=%23Triebwagenverbindungen\">Triebwagenverbindungen<\/a><\/span> auch weiterhin den t\u00e4glichen Dampfzug von Wernigerode \u00fcber<span class=\"hashtag\"> #<a href=\"https:\/\/archiv.schmalspurbahn.de?s=%23Elend,\">Elend,<\/a><\/span><span class=\"hashtag\"> #<a href=\"https:\/\/archiv.schmalspurbahn.de?s=%23Sorge\">Sorge<\/a><\/span> und<span class=\"hashtag\"> #<a href=\"https:\/\/archiv.schmalspurbahn.de?s=%23Benneckenstein\">Benneckenstein<\/a><\/span> nach<span class=\"hashtag\"> #<a href=\"https:\/\/archiv.schmalspurbahn.de?s=%23Eisfelder\">Eisfelder<\/a><\/span> Talm\u00fchle und zur\u00fcck. Ebenfalls t\u00e4glich startet um 10:33 Uhr im th\u00fcringischen<span class=\"hashtag\"> #<a href=\"https:\/\/archiv.schmalspurbahn.de?s=%23Nordhausen\">Nordhausen<\/a><\/span> wieder der durchgehende Dampfzug zum Brocken, wobei hier die Zuganschl\u00fcsse aus Richtung Erfurt, Kassel und Halle (Saale) ber\u00fccksichtigt werden. Die R\u00fcckkehr des Dampfzuges nach Nordhausen erfolgt nach einem \u00fcber einst\u00fcndigen Gipfelaufenthalt um 17:51 Uhr. F\u00fcr Fahrg\u00e4ste aus dem<span class=\"hashtag\"> #<a href=\"https:\/\/archiv.schmalspurbahn.de?s=%23S\u00fcdharz,\">S\u00fcdharz,<\/a><\/span> die einen l\u00e4ngeren Brockenaufenthalt w\u00fcnschen, gibt es pro Fahrtrichtung jeweils eine weitere Verbindung mit Umstieg in<span class=\"hashtag\"> #<a href=\"https:\/\/archiv.schmalspurbahn.de?s=%23Drei\">Drei<\/a><\/span> Annen Hohne. Dabei verl\u00e4sst ein<span class=\"hashtag\"> #<a href=\"https:\/\/archiv.schmalspurbahn.de?s=%23Triebwagen\">Triebwagen<\/a><\/span> um 8:33 Uhr in Nordhausen, die R\u00fcckkehr erfolgt um 19:52 Uhr. Hierdurch sowie durch die m\u00f6gliche Kombination mit dem Nordh\u00e4user Dampfzug sind f\u00fcr Fahrg\u00e4ste aus dem S\u00fcdharz flexible Gipfelaufenthalte von ein, zwei oder f\u00fcnf Stunden m\u00f6glich.<br>F\u00fcr eine Tagestour aus Nordhausen und Wernigerode in die jeweils andere Stadt enth\u00e4lt der neue Sommerfahrplan am fr\u00fchen Vormittag auch weiterhin eine umsteigefreie Triebwagenfahrt. Am sp\u00e4ten Nachmittag geht es dann jeweils wieder direkt zum jeweiligen Ausgangspunkt der Reise zur\u00fcck. Von Nordhausen aus bestehen dar\u00fcber hinaus zwei t\u00e4gliche Direktverbindungen mit Triebwagen in Richtung<span class=\"hashtag\"> #<a href=\"https:\/\/archiv.schmalspurbahn.de?s=%23Selketal.\">Selketal.<\/a><\/span> F\u00fcr den Sch\u00fcler- und Berufsverkehr wird zwischen Nordhausen und<span class=\"hashtag\"> #<a href=\"https:\/\/archiv.schmalspurbahn.de?s=%23Ilfeld\">Ilfeld<\/a><\/span> auch weiterhin ein dichter<span class=\"hashtag\"> #<a href=\"https:\/\/archiv.schmalspurbahn.de?s=%23Taktfahrplan\">Taktfahrplan<\/a><\/span> mit Triebwagen und Zweisystem-Stadtbahnen der Verkehrsbetriebe Nordhausen (<a href=\"https:\/\/archiv.schmalspurbahn.de\/?tag=vbn\">#VBN<\/a>) angeboten. Aufgrund von Fahrzeugengp\u00e4ssen muss w\u00e4hrend des gesamten Sommerfahrplans allerdings eine vormitt\u00e4gliche Triebwagenfahrt von Eisfelder Talm\u00fchle nach Nordhausen durch einen Bus ersetzt werden. Die Haltestellen des Ersatzverkehrs werden durch Aush\u00e4nge an den Stationen bekanntgegeben.<br>Auf den Strecken der Selketalbahn mit den Eckpunkten in der Welterbestadt<span class=\"hashtag\"> #<a href=\"https:\/\/archiv.schmalspurbahn.de?s=%23Quedlinburg,\">Quedlinburg,<\/a><\/span> wo Anschluss an die Z\u00fcge aus Richtung Magdeburg und Thale besteht, in<span class=\"hashtag\"> #<a href=\"https:\/\/archiv.schmalspurbahn.de?s=%23Alexisbad,\">Alexisbad,<\/a><\/span><span class=\"hashtag\"> #<a href=\"https:\/\/archiv.schmalspurbahn.de?s=%23Harzgerode,\">Harzgerode,<\/a><\/span><span class=\"hashtag\"> #<a href=\"https:\/\/archiv.schmalspurbahn.de?s=%23Stiege,\">Stiege,<\/a><\/span><span class=\"hashtag\"> #<a href=\"https:\/\/archiv.schmalspurbahn.de?s=%23Hasselfelde\">Hasselfelde<\/a><\/span> und Eisfelder Talm\u00fchle weitet die HSB ihr Dampfzugangebot ab dem 1. April aus. So kehrt nach mehrj\u00e4hriger Unterbrechung von Donnerstag bis Samstag wieder ein zweiter Dampfzug ins Selketal zur\u00fcck. Dieser f\u00e4hrt nach vorheriger Zuf\u00fchrung von Gernrode (Harz) jeweils um 9:40 Uhr von Quedlinburg nach<span class=\"hashtag\"> #<a href=\"https:\/\/archiv.schmalspurbahn.de?s=%23Hasselfelde,\">Hasselfelde,<\/a><\/span> von dort anschlie\u00dfend weiter nach Harzgerode und kehrt dann um 15:15 Uhr nach Quedlinburg bzw. um 15:45 Uhr nach Gernrode (Harz) zur\u00fcck. Dar\u00fcber hinaus verkehrt auch weiterhin der gewohnte t\u00e4gliche Dampfzug auf den Strecken der Selketalbahn. Seine erste Tour startet um 7:36 Uhr in Gernrode (Harz) nach Harzgerode. Bei der zweiten Tour geht es um 10:30 Uhr von Quedlinburg nach<span class=\"hashtag\"> #<a href=\"https:\/\/archiv.schmalspurbahn.de?s=%23Alexisbad.\">Alexisbad.<\/a><\/span> Und am Nachmittag startet er dann um 14:42 Uhr erneut in der<span class=\"hashtag\"> #<a href=\"https:\/\/archiv.schmalspurbahn.de?s=%23Welterbestadt\">Welterbestadt<\/a><\/span> und begibt sich anschlie\u00dfend auf die lange Tour \u00fcber Stiege nach Eisfelder Talm\u00fchle und zur\u00fcck. Auch der Brocken ist aus dem Selketal nach wie vor t\u00e4glich per Zug erreichbar. Die Tour beginnt jeweils um 8:30 Uhr mit einem Triebwagen in Quedlinburg und f\u00fchrt \u00fcber Eisfelder Talm\u00fchle, wo Anschluss an den Nordh\u00e4user Dampfzug zum h\u00f6chsten Harzgipfel besteht. Nach \u00fcber einer Stunde Aufenthalt geht es von dort dann mit einem Umstieg in Eisfelder Talm\u00fchle mit Dampfz\u00fcgen wieder zur\u00fcck in Richtung Quedlinburg.<br>Ab dem 1. Mai gilt auf den Strecken der Harzer Schmalspurbahnen auch das neue \u201eDeutschlandticket\u201c in allen fahrplanm\u00e4\u00dfig verkehrenden Z\u00fcgen. Ausgenommen hiervon ist der Abschnitt zwischen Drei Annen Hohne und dem Brocken. Das neue Ticket wird ab dem 3. April auch \u00fcber die HSB-Homepage unter www.hsb-wr.de erh\u00e4ltlich sein. Jeder, der das Abonnement hier abschlie\u00dft, erh\u00e4lt einmalig einen Gutschein f\u00fcr eine einfache Fahrt zum Brocken. Auf seinen Onlineseiten h\u00e4lt das Unternehmen ebenfalls n\u00e4here Informationen zum neuen Sommerfahrplan, allen weiteren Angeboten sowie eine elektronische Fahrplanauskunft bereit. Informationen gibt es auch telefonisch unter 03943\/ 558-0 sowie in allen Verkaufsstellen der HSB.<\/p>\n\n\n\n<p class=\"wp-block-paragraph\">Herausgeber:<br>Harzer Schmalspurbahnen GmbH<br>Friedrichstra\u00dfe 151<br>38855 Wernigerode<br>Tel. 03943 558 117<br>Fax 03943 558 112<br>pressestelle@hsb-wr.de<br>www.hsb-wr.de<br>info@hsb-wr.de<\/p>\n","protected":false},"excerpt":{"rendered":"<p>30.03.2023 #Wernigerode \u2013 Die Harzer #Schmalspurbahnen GmbH (#HSB) startet auch in diesem Jahr wieder fr\u00fch in den Sommer. Bereits ab dem 1. April gilt der neue #Sommerfahrplan. Er ist bis zum 31. Oktober g\u00fcltig und umfasst auf Grundlage der Verkehrsvertr\u00e4ge mit den L\u00e4ndern Sachsen-Anhalt und Th\u00fcringen wieder ein umfangreiches #Fahrtenangebot auf dem 140,4 km langen &hellip; <a href=\"https:\/\/archiv.schmalspurbahn.de\/?p=21609\" class=\"more-link\"><span class=\"screen-reader-text\">\u201eAb 1. April gilt bei den Harzer Schmalspurbahnen der Sommerfahrplan, aus HSB\u201c <\/span>weiterlesen<\/a><\/p>\n","protected":false},"author":1,"featured_media":0,"comment_status":"closed","ping_status":"open","sticky":false,"template":"","format":"standard","meta":{"_crdt_document":"","_jetpack_memberships_contains_paid_content":false,"footnotes":"","_share_on_mastodon":"0"},"categories":[5,53,4,3],"tags":[249,4065,476,90,214,281,244,251,2906,2810,250,2855,253,103,327,245,252,102,336,248,334,2905,342,589,335,4066,341,137,4064,4067,2048,101],"class_list":["post-21609","post","type-post","status-publish","format-standard","hentry","category-harz","category-harzer-schmalspurbahnen","category-sachsen-anhalt","category-thueringen","tag-alexisbad","tag-benneckenstein","tag-brockenbahn","tag-dampflok","tag-dampfzug","tag-diesellok","tag-drei","tag-eisfelder","tag-elend","tag-fahrtenangebot","tag-harzgerode","tag-harzgipfel","tag-hasselfelde","tag-hsb","tag-ilfeld","tag-nordhausen","tag-quedlinburg","tag-schmalspurbahnen","tag-selketal","tag-selketalbahn","tag-sommerfahrplan","tag-sorge","tag-stiege","tag-streckennetz","tag-suedharz","tag-taktfahrplan","tag-traditionszug","tag-triebwagen","tag-triebwagenverbindungen","tag-vbn","tag-welterbestadt","tag-wernigerode"],"share_on_mastodon":{"url":"","error":""},"jetpack_featured_media_url":"","jetpack_sharing_enabled":true,"amp_enabled":true,"_links":{"self":[{"href":"https:\/\/archiv.schmalspurbahn.de\/index.php?rest_route=\/wp\/v2\/posts\/21609","targetHints":{"allow":["GET"]}}],"collection":[{"href":"https:\/\/archiv.schmalspurbahn.de\/index.php?rest_route=\/wp\/v2\/posts"}],"about":[{"href":"https:\/\/archiv.schmalspurbahn.de\/index.php?rest_route=\/wp\/v2\/types\/post"}],"author":[{"embeddable":true,"href":"https:\/\/archiv.schmalspurbahn.de\/index.php?rest_route=\/wp\/v2\/users\/1"}],"replies":[{"embeddable":true,"href":"https:\/\/archiv.schmalspurbahn.de\/index.php?rest_route=%2Fwp%2Fv2%2Fcomments&post=21609"}],"version-history":[{"count":1,"href":"https:\/\/archiv.schmalspurbahn.de\/index.php?rest_route=\/wp\/v2\/posts\/21609\/revisions"}],"predecessor-version":[{"id":21610,"href":"https:\/\/archiv.schmalspurbahn.de\/index.php?rest_route=\/wp\/v2\/posts\/21609\/revisions\/21610"}],"wp:attachment":[{"href":"https:\/\/archiv.schmalspurbahn.de\/index.php?rest_route=%2Fwp%2Fv2%2Fmedia&parent=21609"}],"wp:term":[{"taxonomy":"category","embeddable":true,"href":"https:\/\/archiv.schmalspurbahn.de\/index.php?rest_route=%2Fwp%2Fv2%2Fcategories&post=21609"},{"taxonomy":"post_tag","embeddable":true,"href":"https:\/\/archiv.schmalspurbahn.de\/index.php?rest_route=%2Fwp%2Fv2%2Ftags&post=21609"}],"curies":[{"name":"wp","href":"https:\/\/api.w.org\/{rel}","templated":true}]}}