{"id":21738,"date":"2023-05-23T18:29:00","date_gmt":"2023-05-23T16:29:00","guid":{"rendered":"https:\/\/archiv.schmalspurbahn.de\/?p=21738"},"modified":"2023-06-15T07:04:47","modified_gmt":"2023-06-15T05:04:47","slug":"die-kirnitzschtalbahn-125-jahre-sanfte-mobilitaet-im-kirnitzschtal-aus-landratsamt-pirna","status":"publish","type":"post","link":"https:\/\/archiv.schmalspurbahn.de\/?p=21738","title":{"rendered":"Die Kirnitzschtalbahn &#8211; 125 Jahre sanfte Mobilit\u00e4t im Kirnitzschtal, aus Landratsamt Pirna"},"content":{"rendered":"<div class=\"shariff\"><ul class=\"shariff-buttons theme-default orientation-horizontal buttonsize-medium\"><li class=\"shariff-button facebook shariff-nocustomcolor\" style=\"background-color:#4273c8\"><a href=\"https:\/\/www.facebook.com\/sharer\/sharer.php?u=https%3A%2F%2Farchiv.schmalspurbahn.de%2F%3Fp%3D21738\" title=\"Bei Facebook teilen\" aria-label=\"Bei Facebook teilen\" role=\"button\" rel=\"nofollow\" class=\"shariff-link\" style=\"; background-color:#3b5998; color:#fff\" target=\"_blank\"><span class=\"shariff-icon\" style=\"\"><svg width=\"32px\" height=\"20px\" xmlns=\"http:\/\/www.w3.org\/2000\/svg\" viewBox=\"0 0 18 32\"><path fill=\"#3b5998\" d=\"M17.1 0.2v4.7h-2.8q-1.5 0-2.1 0.6t-0.5 1.9v3.4h5.2l-0.7 5.3h-4.5v13.6h-5.5v-13.6h-4.5v-5.3h4.5v-3.9q0-3.3 1.9-5.2t5-1.8q2.6 0 4.1 0.2z\"\/><\/svg><\/span><span class=\"shariff-text\">teilen<\/span>&nbsp;<\/a><\/li><li class=\"shariff-button linkedin shariff-nocustomcolor\" style=\"background-color:#1488bf\"><a href=\"https:\/\/www.linkedin.com\/sharing\/share-offsite\/?url=https%3A%2F%2Farchiv.schmalspurbahn.de%2F%3Fp%3D21738\" title=\"Bei LinkedIn teilen\" aria-label=\"Bei LinkedIn teilen\" role=\"button\" rel=\"noopener nofollow\" class=\"shariff-link\" style=\"; background-color:#0077b5; color:#fff\" target=\"_blank\"><span class=\"shariff-icon\" style=\"\"><svg width=\"32px\" height=\"20px\" xmlns=\"http:\/\/www.w3.org\/2000\/svg\" viewBox=\"0 0 27 32\"><path fill=\"#0077b5\" d=\"M6.2 11.2v17.7h-5.9v-17.7h5.9zM6.6 5.7q0 1.3-0.9 2.2t-2.4 0.9h0q-1.5 0-2.4-0.9t-0.9-2.2 0.9-2.2 2.4-0.9 2.4 0.9 0.9 2.2zM27.4 18.7v10.1h-5.9v-9.5q0-1.9-0.7-2.9t-2.3-1.1q-1.1 0-1.9 0.6t-1.2 1.5q-0.2 0.5-0.2 1.4v9.9h-5.9q0-7.1 0-11.6t0-5.3l0-0.9h5.9v2.6h0q0.4-0.6 0.7-1t1-0.9 1.6-0.8 2-0.3q3 0 4.9 2t1.9 6z\"\/><\/svg><\/span><span class=\"shariff-text\">teilen<\/span>&nbsp;<\/a><\/li><li class=\"shariff-button mailto shariff-nocustomcolor\" style=\"background-color:#a8a8a8\"><a href=\"mailto:?body=https%3A%2F%2Farchiv.schmalspurbahn.de%2F%3Fp%3D21738&subject=Die%20Kirnitzschtalbahn%20%E2%80%93%20125%20Jahre%20sanfte%20Mobilit%C3%A4t%20im%20Kirnitzschtal%2C%20aus%20Landratsamt%20Pirna\" title=\"Per E-Mail versenden\" aria-label=\"Per E-Mail versenden\" role=\"button\" rel=\"noopener nofollow\" class=\"shariff-link\" style=\"; background-color:#999; color:#fff\"><span class=\"shariff-icon\" style=\"\"><svg width=\"32px\" height=\"20px\" xmlns=\"http:\/\/www.w3.org\/2000\/svg\" viewBox=\"0 0 32 32\"><path fill=\"#999\" d=\"M32 12.7v14.2q0 1.2-0.8 2t-2 0.9h-26.3q-1.2 0-2-0.9t-0.8-2v-14.2q0.8 0.9 1.8 1.6 6.5 4.4 8.9 6.1 1 0.8 1.6 1.2t1.7 0.9 2 0.4h0.1q0.9 0 2-0.4t1.7-0.9 1.6-1.2q3-2.2 8.9-6.1 1-0.7 1.8-1.6zM32 7.4q0 1.4-0.9 2.7t-2.2 2.2q-6.7 4.7-8.4 5.8-0.2 0.1-0.7 0.5t-1 0.7-0.9 0.6-1.1 0.5-0.9 0.2h-0.1q-0.4 0-0.9-0.2t-1.1-0.5-0.9-0.6-1-0.7-0.7-0.5q-1.6-1.1-4.7-3.2t-3.6-2.6q-1.1-0.7-2.1-2t-1-2.5q0-1.4 0.7-2.3t2.1-0.9h26.3q1.2 0 2 0.8t0.9 2z\"\/><\/svg><\/span><span class=\"shariff-text\">E-Mail<\/span>&nbsp;<\/a><\/li><li class=\"shariff-button pocket shariff-nocustomcolor\" style=\"background-color:#444\"><a href=\"https:\/\/getpocket.com\/save?url=https%3A%2F%2Farchiv.schmalspurbahn.de%2F%3Fp%3D21738&title=Die%20Kirnitzschtalbahn%20%E2%80%93%20125%20Jahre%20sanfte%20Mobilit%C3%A4t%20im%20Kirnitzschtal%2C%20aus%20Landratsamt%20Pirna\" title=\"Bei Pocket speichern\" aria-label=\"Bei Pocket speichern\" role=\"button\" rel=\"noopener nofollow\" class=\"shariff-link\" style=\"; background-color:#ff0000; color:#fff\" target=\"_blank\"><span class=\"shariff-icon\" style=\"\"><svg width=\"32px\" height=\"20px\" xmlns=\"http:\/\/www.w3.org\/2000\/svg\" viewBox=\"0 0 27 28\"><path fill=\"#ff0000\" d=\"M24.5 2q1 0 1.7 0.7t0.7 1.7v8.1q0 2.8-1.1 5.3t-2.9 4.3-4.3 2.9-5.2 1.1q-2.7 0-5.2-1.1t-4.3-2.9-2.9-4.3-1.1-5.2v-8.1q0-1 0.7-1.7t1.7-0.7h22zM13.5 18.6q0.7 0 1.3-0.5l6.3-6.1q0.6-0.5 0.6-1.3 0-0.8-0.5-1.3t-1.3-0.5q-0.7 0-1.3 0.5l-5 4.8-5-4.8q-0.5-0.5-1.3-0.5-0.8 0-1.3 0.5t-0.5 1.3q0 0.8 0.6 1.3l6.3 6.1q0.5 0.5 1.3 0.5z\"\/><\/svg><\/span><span class=\"shariff-text\">Pocket<\/span>&nbsp;<\/a><\/li><li class=\"shariff-button rss shariff-nocustomcolor\" style=\"background-color:#ff8c00\"><a href=\"https:\/\/archiv.schmalspurbahn.de\/?feed=rss\" title=\"RSS-feed\" aria-label=\"RSS-feed\" role=\"button\" class=\"shariff-link\" style=\"; background-color:#fe9312; color:#fff\" target=\"_blank\"><span class=\"shariff-icon\" style=\"\"><svg width=\"32px\" height=\"20px\" xmlns=\"http:\/\/www.w3.org\/2000\/svg\" viewBox=\"0 0 32 32\"><path fill=\"#fe9312\" d=\"M4.3 23.5c-2.3 0-4.3 1.9-4.3 4.3 0 2.3 1.9 4.2 4.3 4.2 2.4 0 4.3-1.9 4.3-4.2 0-2.3-1.9-4.3-4.3-4.3zM0 10.9v6.1c4 0 7.7 1.6 10.6 4.4 2.8 2.8 4.4 6.6 4.4 10.6h6.2c0-11.7-9.5-21.1-21.1-21.1zM0 0v6.1c14.2 0 25.8 11.6 25.8 25.9h6.2c0-17.6-14.4-32-32-32z\"\/><\/svg><\/span><span class=\"shariff-text\">RSS-feed<\/span>&nbsp;<\/a><\/li><li class=\"shariff-button tumblr shariff-nocustomcolor\" style=\"background-color:#529ecc\"><a href=\"https:\/\/www.tumblr.com\/widgets\/share\/tool?posttype=link&canonicalUrl=https%3A%2F%2Farchiv.schmalspurbahn.de%2F%3Fp%3D21738&tags=archiv.schmalspurbahn.de\" title=\"Bei tumblr teilen\" aria-label=\"Bei tumblr teilen\" role=\"button\" rel=\"noopener nofollow\" class=\"shariff-link\" style=\"; background-color:#36465d; color:#fff\" target=\"_blank\"><span class=\"shariff-icon\" style=\"\"><svg width=\"32px\" height=\"20px\" xmlns=\"http:\/\/www.w3.org\/2000\/svg\" viewBox=\"0 0 32 32\"><path fill=\"#36465d\" d=\"M18 14l0 7.3c0 1.9 0 2.9 0.2 3.5 0.2 0.5 0.7 1.1 1.2 1.4 0.7 0.4 1.5 0.6 2.4 0.6 1.6 0 2.6-0.2 4.2-1.3v4.8c-1.4 0.6-2.6 1-3.7 1.3-1.1 0.3-2.3 0.4-3.6 0.4-1.5 0-2.3-0.2-3.4-0.6-1.1-0.4-2.1-0.9-2.9-1.6-0.8-0.7-1.3-1.4-1.7-2.2s-0.5-1.9-0.5-3.4v-11.2h-4.3v-4.5c1.3-0.4 2.7-1 3.6-1.8 0.9-0.8 1.6-1.7 2.2-2.7 0.5-1.1 0.9-2.4 1.1-4.1h5.2l0 8h8v6h-8z\"\/><\/svg><\/span><span class=\"shariff-text\">teilen<\/span>&nbsp;<\/a><\/li><li class=\"shariff-button twitter shariff-nocustomcolor\" style=\"background-color:#595959\"><a href=\"https:\/\/twitter.com\/share?url=https%3A%2F%2Farchiv.schmalspurbahn.de%2F%3Fp%3D21738&text=Die%20Kirnitzschtalbahn%20%E2%80%93%20125%20Jahre%20sanfte%20Mobilit%C3%A4t%20im%20Kirnitzschtal%2C%20aus%20Landratsamt%20Pirna\" title=\"Bei X teilen\" aria-label=\"Bei X teilen\" role=\"button\" rel=\"noopener nofollow\" class=\"shariff-link\" style=\"; background-color:#000; color:#fff\" target=\"_blank\"><span class=\"shariff-icon\" style=\"\"><svg width=\"32px\" height=\"20px\" xmlns=\"http:\/\/www.w3.org\/2000\/svg\" viewBox=\"0 0 24 24\"><path fill=\"#000\" d=\"M14.258 10.152L23.176 0h-2.113l-7.747 8.813L7.133 0H0l9.352 13.328L0 23.973h2.113l8.176-9.309 6.531 9.309h7.133zm-2.895 3.293l-.949-1.328L2.875 1.56h3.246l6.086 8.523.945 1.328 7.91 11.078h-3.246zm0 0\"\/><\/svg><\/span><span class=\"shariff-text\">teilen<\/span>&nbsp;<\/a><\/li><li class=\"shariff-button whatsapp shariff-nocustomcolor\" style=\"background-color:#5cbe4a\"><a href=\"https:\/\/api.whatsapp.com\/send?text=https%3A%2F%2Farchiv.schmalspurbahn.de%2F%3Fp%3D21738%20Die%20Kirnitzschtalbahn%20%E2%80%93%20125%20Jahre%20sanfte%20Mobilit%C3%A4t%20im%20Kirnitzschtal%2C%20aus%20Landratsamt%20Pirna\" title=\"Bei Whatsapp teilen\" aria-label=\"Bei Whatsapp teilen\" role=\"button\" rel=\"noopener nofollow\" class=\"shariff-link\" style=\"; background-color:#34af23; color:#fff\" target=\"_blank\"><span class=\"shariff-icon\" style=\"\"><svg width=\"32px\" height=\"20px\" xmlns=\"http:\/\/www.w3.org\/2000\/svg\" viewBox=\"0 0 32 32\"><path fill=\"#34af23\" d=\"M17.6 17.4q0.2 0 1.7 0.8t1.6 0.9q0 0.1 0 0.3 0 0.6-0.3 1.4-0.3 0.7-1.3 1.2t-1.8 0.5q-1 0-3.4-1.1-1.7-0.8-3-2.1t-2.6-3.3q-1.3-1.9-1.3-3.5v-0.1q0.1-1.6 1.3-2.8 0.4-0.4 0.9-0.4 0.1 0 0.3 0t0.3 0q0.3 0 0.5 0.1t0.3 0.5q0.1 0.4 0.6 1.6t0.4 1.3q0 0.4-0.6 1t-0.6 0.8q0 0.1 0.1 0.3 0.6 1.3 1.8 2.4 1 0.9 2.7 1.8 0.2 0.1 0.4 0.1 0.3 0 1-0.9t0.9-0.9zM14 26.9q2.3 0 4.3-0.9t3.6-2.4 2.4-3.6 0.9-4.3-0.9-4.3-2.4-3.6-3.6-2.4-4.3-0.9-4.3 0.9-3.6 2.4-2.4 3.6-0.9 4.3q0 3.6 2.1 6.6l-1.4 4.2 4.3-1.4q2.8 1.9 6.2 1.9zM14 2.2q2.7 0 5.2 1.1t4.3 2.9 2.9 4.3 1.1 5.2-1.1 5.2-2.9 4.3-4.3 2.9-5.2 1.1q-3.5 0-6.5-1.7l-7.4 2.4 2.4-7.2q-1.9-3.2-1.9-6.9 0-2.7 1.1-5.2t2.9-4.3 4.3-2.9 5.2-1.1z\"\/><\/svg><\/span><span class=\"shariff-text\">teilen<\/span>&nbsp;<\/a><\/li><li class=\"shariff-button xing shariff-nocustomcolor\" style=\"background-color:#29888a\"><a href=\"https:\/\/www.xing.com\/spi\/shares\/new?url=https%3A%2F%2Farchiv.schmalspurbahn.de%2F%3Fp%3D21738\" title=\"Bei XING teilen\" aria-label=\"Bei XING teilen\" role=\"button\" rel=\"noopener nofollow\" class=\"shariff-link\" style=\"; background-color:#126567; color:#fff\" target=\"_blank\"><span class=\"shariff-icon\" style=\"\"><svg width=\"32px\" height=\"20px\" xmlns=\"http:\/\/www.w3.org\/2000\/svg\" viewBox=\"0 0 25 32\"><path fill=\"#126567\" d=\"M10.7 11.9q-0.2 0.3-4.6 8.2-0.5 0.8-1.2 0.8h-4.3q-0.4 0-0.5-0.3t0-0.6l4.5-8q0 0 0 0l-2.9-5q-0.2-0.4 0-0.7 0.2-0.3 0.5-0.3h4.3q0.7 0 1.2 0.8zM25.1 0.4q0.2 0.3 0 0.7l-9.4 16.7 6 11q0.2 0.4 0 0.6-0.2 0.3-0.6 0.3h-4.3q-0.7 0-1.2-0.8l-6-11.1q0.3-0.6 9.5-16.8 0.4-0.8 1.2-0.8h4.3q0.4 0 0.5 0.3z\"\/><\/svg><\/span><span class=\"shariff-text\">teilen<\/span>&nbsp;<\/a><\/li><\/ul><\/div>\n<p class=\"wp-block-paragraph\">23.05.2023<\/p>\n\n\n\n<p class=\"wp-block-paragraph\"><a href=\"https:\/\/www.landratsamt-pirna.de\/kirnitzschtalbahn-125-jahre-29277.html\">https:\/\/www.landratsamt-pirna.de\/kirnitzschtalbahn-125-jahre-29277.html<\/a><\/p>\n\n\n\n<p class=\"wp-block-paragraph\">Am Pfingst-Wochenende vom 27. bis 29. Mai 2023 j\u00e4hrt sich der Dienstbeginn der<span class=\"hashtag\"> #<a href=\"https:\/\/archiv.schmalspurbahn.de?s=%23Kirnitzschtalbahn\">Kirnitzschtalbahn<\/a><\/span> zum 125. Mal. Anl\u00e4sslich dieses<span class=\"hashtag\"> #<a href=\"https:\/\/archiv.schmalspurbahn.de?s=%23Jubil\u00e4ums\">Jubil\u00e4ums<\/a><\/span> freuen wir uns am 28. Mai \u00fcber alle Fahrg\u00e4ste im<span class=\"hashtag\"> #<a href=\"https:\/\/archiv.schmalspurbahn.de?s=%23Dress-Code\">Dress-Code<\/a><\/span> der 1900er bis 1920er Jahre und gew\u00e4hren denjenigen Fahrg\u00e4sten freie Fahrt mit der Kirnitzschtalbahn.<\/p>\n\n\n\n<!--more-->\n\n\n\n<p class=\"wp-block-paragraph\">An allen Pfingsttagen werden die<span class=\"hashtag\"> #<a href=\"https:\/\/archiv.schmalspurbahn.de?s=%23Museumswagen\">Museumswagen<\/a><\/span> aus den Jahren 1926, 1928 und 1938 im<span class=\"hashtag\"> #<a href=\"https:\/\/archiv.schmalspurbahn.de?s=%23Traditionsverkehr\">Traditionsverkehr<\/a><\/span> zu Fahrten einladen. Zus\u00e4tzlich zum t\u00e4glich angebotenen<span class=\"hashtag\"> #<a href=\"https:\/\/archiv.schmalspurbahn.de?s=%23Linienverkehr\">Linienverkehr<\/a><\/span> der Kirnitzschtalbahn werden diese<span class=\"hashtag\"> #<a href=\"https:\/\/archiv.schmalspurbahn.de?s=%23Schmuckst\u00fccke\">Schmuckst\u00fccke<\/a><\/span> aus l\u00e4ngst vergangenen Zeiten in der Zeit von 10 Uhr bis 17 Uhr ebenfalls auf der Schiene sein. Als besondere \u00dcberraschung f\u00fcr alle Liebhaber historischer Stra\u00dfenbahnen ist der<span class=\"hashtag\"> #<a href=\"https:\/\/archiv.schmalspurbahn.de?s=%23Triebwagen\">Triebwagen<\/a><\/span> 23 aus<span class=\"hashtag\"> #<a href=\"https:\/\/archiv.schmalspurbahn.de?s=%23G\u00f6rlitz\">G\u00f6rlitz<\/a><\/span> im Kirnitzschtal zu Besuch. Dieser historische Wagen entspricht den beiden am 27. Juli 1927 verbrannten Triebwagen 8 und 9, die 1926 von der Waggonfabrik<span class=\"hashtag\"> #<a href=\"https:\/\/archiv.schmalspurbahn.de?s=%23WUMAG\">WUMAG<\/a><\/span> G\u00f6rlitz f\u00fcr die Kirnitzschtalbahn gebaut wurden.<\/p>\n\n\n\n<p class=\"wp-block-paragraph\">Der Beginn der<span class=\"hashtag\"> #<a href=\"https:\/\/archiv.schmalspurbahn.de?s=%23Dampfschifffahrt\">Dampfschifffahrt<\/a><\/span> im Jahre 1837 wie auch die Verl\u00e4ngerung der<span class=\"hashtag\"> #<a href=\"https:\/\/archiv.schmalspurbahn.de?s=%23Eisenbahnstrecke\">Eisenbahnstrecke<\/a><\/span> Dresden &#8211;<span class=\"hashtag\"> #<a href=\"https:\/\/archiv.schmalspurbahn.de?s=%23K\u00f6nigstein\">K\u00f6nigstein<\/a><\/span> bis<span class=\"hashtag\"> #<a href=\"https:\/\/archiv.schmalspurbahn.de?s=%23Schandau\">Schandau<\/a><\/span> (1850) und weiter bis Bodenbach (1851) schufen die Voraussetzung, das<span class=\"hashtag\"> #<a href=\"https:\/\/archiv.schmalspurbahn.de?s=%23Elbsandsteingebirge\">Elbsandsteingebirge<\/a><\/span> erst f\u00fcr die wohlhabende Bev\u00f6lkerung und weiterf\u00fchrend f\u00fcr jedermann zug\u00e4nglich zu machen. Auch die Er\u00f6ffnung der Eisenbahnstrecke Schandau &#8211;<span class=\"hashtag\"> #<a href=\"https:\/\/archiv.schmalspurbahn.de?s=%23Sebnitz\">Sebnitz<\/a><\/span> &#8211;<span class=\"hashtag\"> #<a href=\"https:\/\/archiv.schmalspurbahn.de?s=%23Neustadt\">Neustadt<\/a><\/span> und des neuen Bahnhofs in Schandau (1877) trugen dazu bei, dass die Reiselust in der Bev\u00f6lkerung wuchs. 1870 gab es erste \u00dcberlegungen das Kirnitzschtal mit einem \u00f6ffentlichen Verkehrsmittel zu erschlie\u00dfen und damit Ausfl\u00fcge in das Elbsandsteingebirge zu erm\u00f6glichen. Damals ging man von einer<span class=\"hashtag\"> #<a href=\"https:\/\/archiv.schmalspurbahn.de?s=%23Pferdebahn\">Pferdebahn<\/a><\/span> aus. Die Entscheidung f\u00fcr eine<span class=\"hashtag\"> #<a href=\"https:\/\/archiv.schmalspurbahn.de?s=%23elektrisch\">elektrisch<\/a><\/span> betriebene Bahn dauerte noch bis 1898. Am Pfingstsamstag, dem 28. Mai 1898 wurde die Strecke \u201eSchandau &#8211; Grosser<span class=\"hashtag\"> #<a href=\"https:\/\/archiv.schmalspurbahn.de?s=%23Wasserfall\u201c\">Wasserfall\u201c<\/a><\/span> feierlich in Betrieb genommen.<\/p>\n\n\n\n<p class=\"wp-block-paragraph\">Heute ist die Kirnitzschtalbahn eines der beliebtesten<span class=\"hashtag\"> #<a href=\"https:\/\/archiv.schmalspurbahn.de?s=%23Sonderverkehrsmittel\">Sonderverkehrsmittel<\/a><\/span> im<span class=\"hashtag\"> #<a href=\"https:\/\/archiv.schmalspurbahn.de?s=%23Verkehrsverbund\">Verkehrsverbund<\/a><\/span><span class=\"hashtag\"> #<a href=\"https:\/\/archiv.schmalspurbahn.de?s=%23Oberelbe\">Oberelbe<\/a><\/span> und fester Bestandteil des<span class=\"hashtag\"> #<a href=\"https:\/\/archiv.schmalspurbahn.de?s=%23\u00d6PNV-Netzes\">\u00d6PNV-Netzes<\/a><\/span> in der S\u00e4chsischen Schweiz. Zudem ist sie europaweit die einzige<span class=\"hashtag\"> #<a href=\"https:\/\/archiv.schmalspurbahn.de?s=%23Stra\u00dfenbahn,\">Stra\u00dfenbahn,<\/a><\/span> die in einen<span class=\"hashtag\"> #<a href=\"https:\/\/archiv.schmalspurbahn.de?s=%23Nationalpark\">Nationalpark<\/a><\/span> einf\u00e4hrt.<\/p>\n\n\n\n<p class=\"wp-block-paragraph\">Die<span class=\"hashtag\"> #<a href=\"https:\/\/archiv.schmalspurbahn.de?s=%23meterspurige\">meterspurige<\/a><\/span> Bahn bedient das<span class=\"hashtag\"> #<a href=\"https:\/\/archiv.schmalspurbahn.de?s=%23wildromantische\">wildromantische<\/a><\/span> Kirnitzschtal zwischen dem Bad Schandauer Kurpark und dem<span class=\"hashtag\"> #<a href=\"https:\/\/archiv.schmalspurbahn.de?s=%23Lichtenhainer\">Lichtenhainer<\/a><\/span> Wasserfall auf eingleisiger Strecke und begleitet das namensgebende Fl\u00fcsschen auf 7,8 km. In der Sommersaison ist das Quietschen ihrer R\u00e4der t\u00e4glich im<span class=\"hashtag\"> #<a href=\"https:\/\/archiv.schmalspurbahn.de?s=%23Halbstundentakt\">Halbstundentakt<\/a><\/span> zu vernehmen. Im Winter wird es etwas ruhiger und die Bahn verkehrt t\u00e4glich alle 70 Minuten.<\/p>\n\n\n\n<p class=\"wp-block-paragraph\"><strong>Kontakt:<\/strong><br>Regionalverkehr S\u00e4chsische Schweiz-Osterzgebirge GmbH<br>Bahnhofstra\u00dfe 14 a, 01796 Pirna<br>Telefon: +49 3501 7111 161<br>E-Mail: solveig.grosser@rvsoe.de<br>Web: www.rvsoe.de<\/p>\n","protected":false},"excerpt":{"rendered":"<p>23.05.2023 https:\/\/www.landratsamt-pirna.de\/kirnitzschtalbahn-125-jahre-29277.html Am Pfingst-Wochenende vom 27. bis 29. Mai 2023 j\u00e4hrt sich der Dienstbeginn der #Kirnitzschtalbahn zum 125. Mal. Anl\u00e4sslich dieses #Jubil\u00e4ums freuen wir uns am 28. Mai \u00fcber alle Fahrg\u00e4ste im #Dress-Code der 1900er bis 1920er Jahre und gew\u00e4hren denjenigen Fahrg\u00e4sten freie Fahrt mit der Kirnitzschtalbahn.<\/p>\n","protected":false},"author":1,"featured_media":0,"comment_status":"closed","ping_status":"open","sticky":false,"template":"","format":"standard","meta":{"_crdt_document":"","_jetpack_memberships_contains_paid_content":false,"footnotes":"","_share_on_mastodon":"0"},"categories":[2622,7],"tags":[4248,4244,976,4250,4253,2301,4256,4243,1547,4249,2615,3666,1056,2683,2767,4252,2383,2121,2128,2961,4246,4251,4254,375,4245,137,260,2616,4255,4247],"class_list":["post-21738","post","type-post","status-publish","format-standard","hentry","category-kirnitzschtalbahn","category-sachsen","tag-dampfschifffahrt","tag-dress","tag-eisenbahnstrecke","tag-elbsandsteingebirge","tag-elektrisch","tag-goerlitz","tag-halbstundentakt","tag-jubilaeums","tag-kirnitzschtalbahn","tag-koenigstein","tag-lichtenhainer","tag-linienverkehr","tag-meterspurige","tag-museumswagen","tag-nationalpark","tag-neustadt","tag-oberelbe","tag-oepnv","tag-pferdebahn","tag-schandau","tag-schmuckstuecke","tag-sebnitz","tag-sonderverkehrsmittel","tag-strassenbahn","tag-traditionsverkehr","tag-triebwagen","tag-verkehrsverbund","tag-wasserfall","tag-wildromantische","tag-wumag"],"share_on_mastodon":{"url":"","error":""},"jetpack_featured_media_url":"","jetpack_sharing_enabled":true,"amp_enabled":true,"_links":{"self":[{"href":"https:\/\/archiv.schmalspurbahn.de\/index.php?rest_route=\/wp\/v2\/posts\/21738","targetHints":{"allow":["GET"]}}],"collection":[{"href":"https:\/\/archiv.schmalspurbahn.de\/index.php?rest_route=\/wp\/v2\/posts"}],"about":[{"href":"https:\/\/archiv.schmalspurbahn.de\/index.php?rest_route=\/wp\/v2\/types\/post"}],"author":[{"embeddable":true,"href":"https:\/\/archiv.schmalspurbahn.de\/index.php?rest_route=\/wp\/v2\/users\/1"}],"replies":[{"embeddable":true,"href":"https:\/\/archiv.schmalspurbahn.de\/index.php?rest_route=%2Fwp%2Fv2%2Fcomments&post=21738"}],"version-history":[{"count":1,"href":"https:\/\/archiv.schmalspurbahn.de\/index.php?rest_route=\/wp\/v2\/posts\/21738\/revisions"}],"predecessor-version":[{"id":21739,"href":"https:\/\/archiv.schmalspurbahn.de\/index.php?rest_route=\/wp\/v2\/posts\/21738\/revisions\/21739"}],"wp:attachment":[{"href":"https:\/\/archiv.schmalspurbahn.de\/index.php?rest_route=%2Fwp%2Fv2%2Fmedia&parent=21738"}],"wp:term":[{"taxonomy":"category","embeddable":true,"href":"https:\/\/archiv.schmalspurbahn.de\/index.php?rest_route=%2Fwp%2Fv2%2Fcategories&post=21738"},{"taxonomy":"post_tag","embeddable":true,"href":"https:\/\/archiv.schmalspurbahn.de\/index.php?rest_route=%2Fwp%2Fv2%2Ftags&post=21738"}],"curies":[{"name":"wp","href":"https:\/\/api.w.org\/{rel}","templated":true}]}}