{"id":21754,"date":"2023-05-31T18:09:00","date_gmt":"2023-05-31T16:09:00","guid":{"rendered":"https:\/\/archiv.schmalspurbahn.de\/?p=21754"},"modified":"2023-06-15T07:03:54","modified_gmt":"2023-06-15T05:03:54","slug":"bosnien-herzegowina-serbien-ciro-eroeffnete-offiziell-die-sommersaison-auf-der-schmalspurbahn","status":"publish","type":"post","link":"https:\/\/archiv.schmalspurbahn.de\/?p=21754","title":{"rendered":"Bosnien-Herzegowina\/Serbien: &#8222;\u0106iro&#8220; er\u00f6ffnete offiziell die Sommersaison auf der Schmalspurbahn"},"content":{"rendered":"<div class=\"shariff\"><ul class=\"shariff-buttons theme-default orientation-horizontal buttonsize-medium\"><li class=\"shariff-button facebook shariff-nocustomcolor\" style=\"background-color:#4273c8\"><a href=\"https:\/\/www.facebook.com\/sharer\/sharer.php?u=https%3A%2F%2Farchiv.schmalspurbahn.de%2F%3Fp%3D21754\" title=\"Bei Facebook teilen\" aria-label=\"Bei Facebook teilen\" role=\"button\" rel=\"nofollow\" class=\"shariff-link\" style=\"; background-color:#3b5998; color:#fff\" target=\"_blank\"><span class=\"shariff-icon\" style=\"\"><svg width=\"32px\" height=\"20px\" xmlns=\"http:\/\/www.w3.org\/2000\/svg\" viewBox=\"0 0 18 32\"><path fill=\"#3b5998\" d=\"M17.1 0.2v4.7h-2.8q-1.5 0-2.1 0.6t-0.5 1.9v3.4h5.2l-0.7 5.3h-4.5v13.6h-5.5v-13.6h-4.5v-5.3h4.5v-3.9q0-3.3 1.9-5.2t5-1.8q2.6 0 4.1 0.2z\"\/><\/svg><\/span><span class=\"shariff-text\">teilen<\/span>&nbsp;<\/a><\/li><li class=\"shariff-button linkedin shariff-nocustomcolor\" style=\"background-color:#1488bf\"><a href=\"https:\/\/www.linkedin.com\/sharing\/share-offsite\/?url=https%3A%2F%2Farchiv.schmalspurbahn.de%2F%3Fp%3D21754\" title=\"Bei LinkedIn teilen\" aria-label=\"Bei LinkedIn teilen\" role=\"button\" rel=\"noopener nofollow\" class=\"shariff-link\" style=\"; background-color:#0077b5; color:#fff\" target=\"_blank\"><span class=\"shariff-icon\" style=\"\"><svg width=\"32px\" height=\"20px\" xmlns=\"http:\/\/www.w3.org\/2000\/svg\" viewBox=\"0 0 27 32\"><path fill=\"#0077b5\" d=\"M6.2 11.2v17.7h-5.9v-17.7h5.9zM6.6 5.7q0 1.3-0.9 2.2t-2.4 0.9h0q-1.5 0-2.4-0.9t-0.9-2.2 0.9-2.2 2.4-0.9 2.4 0.9 0.9 2.2zM27.4 18.7v10.1h-5.9v-9.5q0-1.9-0.7-2.9t-2.3-1.1q-1.1 0-1.9 0.6t-1.2 1.5q-0.2 0.5-0.2 1.4v9.9h-5.9q0-7.1 0-11.6t0-5.3l0-0.9h5.9v2.6h0q0.4-0.6 0.7-1t1-0.9 1.6-0.8 2-0.3q3 0 4.9 2t1.9 6z\"\/><\/svg><\/span><span class=\"shariff-text\">teilen<\/span>&nbsp;<\/a><\/li><li class=\"shariff-button mailto shariff-nocustomcolor\" style=\"background-color:#a8a8a8\"><a href=\"mailto:?body=https%3A%2F%2Farchiv.schmalspurbahn.de%2F%3Fp%3D21754&subject=Bosnien-Herzegowina%2FSerbien%3A%20%E2%80%9E%C4%86iro%E2%80%9C%20er%C3%B6ffnete%20offiziell%20die%20Sommersaison%20auf%20der%20Schmalspurbahn\" title=\"Per E-Mail versenden\" aria-label=\"Per E-Mail versenden\" role=\"button\" rel=\"noopener nofollow\" class=\"shariff-link\" style=\"; background-color:#999; color:#fff\"><span class=\"shariff-icon\" style=\"\"><svg width=\"32px\" height=\"20px\" xmlns=\"http:\/\/www.w3.org\/2000\/svg\" viewBox=\"0 0 32 32\"><path fill=\"#999\" d=\"M32 12.7v14.2q0 1.2-0.8 2t-2 0.9h-26.3q-1.2 0-2-0.9t-0.8-2v-14.2q0.8 0.9 1.8 1.6 6.5 4.4 8.9 6.1 1 0.8 1.6 1.2t1.7 0.9 2 0.4h0.1q0.9 0 2-0.4t1.7-0.9 1.6-1.2q3-2.2 8.9-6.1 1-0.7 1.8-1.6zM32 7.4q0 1.4-0.9 2.7t-2.2 2.2q-6.7 4.7-8.4 5.8-0.2 0.1-0.7 0.5t-1 0.7-0.9 0.6-1.1 0.5-0.9 0.2h-0.1q-0.4 0-0.9-0.2t-1.1-0.5-0.9-0.6-1-0.7-0.7-0.5q-1.6-1.1-4.7-3.2t-3.6-2.6q-1.1-0.7-2.1-2t-1-2.5q0-1.4 0.7-2.3t2.1-0.9h26.3q1.2 0 2 0.8t0.9 2z\"\/><\/svg><\/span><span class=\"shariff-text\">E-Mail<\/span>&nbsp;<\/a><\/li><li class=\"shariff-button pocket shariff-nocustomcolor\" style=\"background-color:#444\"><a href=\"https:\/\/getpocket.com\/save?url=https%3A%2F%2Farchiv.schmalspurbahn.de%2F%3Fp%3D21754&title=Bosnien-Herzegowina%2FSerbien%3A%20%E2%80%9E%C4%86iro%E2%80%9C%20er%C3%B6ffnete%20offiziell%20die%20Sommersaison%20auf%20der%20Schmalspurbahn\" title=\"Bei Pocket speichern\" aria-label=\"Bei Pocket speichern\" role=\"button\" rel=\"noopener nofollow\" class=\"shariff-link\" style=\"; background-color:#ff0000; color:#fff\" target=\"_blank\"><span class=\"shariff-icon\" style=\"\"><svg width=\"32px\" height=\"20px\" xmlns=\"http:\/\/www.w3.org\/2000\/svg\" viewBox=\"0 0 27 28\"><path fill=\"#ff0000\" d=\"M24.5 2q1 0 1.7 0.7t0.7 1.7v8.1q0 2.8-1.1 5.3t-2.9 4.3-4.3 2.9-5.2 1.1q-2.7 0-5.2-1.1t-4.3-2.9-2.9-4.3-1.1-5.2v-8.1q0-1 0.7-1.7t1.7-0.7h22zM13.5 18.6q0.7 0 1.3-0.5l6.3-6.1q0.6-0.5 0.6-1.3 0-0.8-0.5-1.3t-1.3-0.5q-0.7 0-1.3 0.5l-5 4.8-5-4.8q-0.5-0.5-1.3-0.5-0.8 0-1.3 0.5t-0.5 1.3q0 0.8 0.6 1.3l6.3 6.1q0.5 0.5 1.3 0.5z\"\/><\/svg><\/span><span class=\"shariff-text\">Pocket<\/span>&nbsp;<\/a><\/li><li class=\"shariff-button rss shariff-nocustomcolor\" style=\"background-color:#ff8c00\"><a href=\"https:\/\/archiv.schmalspurbahn.de\/?feed=rss\" title=\"RSS-feed\" aria-label=\"RSS-feed\" role=\"button\" class=\"shariff-link\" style=\"; background-color:#fe9312; color:#fff\" target=\"_blank\"><span class=\"shariff-icon\" style=\"\"><svg width=\"32px\" height=\"20px\" xmlns=\"http:\/\/www.w3.org\/2000\/svg\" viewBox=\"0 0 32 32\"><path fill=\"#fe9312\" d=\"M4.3 23.5c-2.3 0-4.3 1.9-4.3 4.3 0 2.3 1.9 4.2 4.3 4.2 2.4 0 4.3-1.9 4.3-4.2 0-2.3-1.9-4.3-4.3-4.3zM0 10.9v6.1c4 0 7.7 1.6 10.6 4.4 2.8 2.8 4.4 6.6 4.4 10.6h6.2c0-11.7-9.5-21.1-21.1-21.1zM0 0v6.1c14.2 0 25.8 11.6 25.8 25.9h6.2c0-17.6-14.4-32-32-32z\"\/><\/svg><\/span><span class=\"shariff-text\">RSS-feed<\/span>&nbsp;<\/a><\/li><li class=\"shariff-button tumblr shariff-nocustomcolor\" style=\"background-color:#529ecc\"><a href=\"https:\/\/www.tumblr.com\/widgets\/share\/tool?posttype=link&canonicalUrl=https%3A%2F%2Farchiv.schmalspurbahn.de%2F%3Fp%3D21754&tags=archiv.schmalspurbahn.de\" title=\"Bei tumblr teilen\" aria-label=\"Bei tumblr teilen\" role=\"button\" rel=\"noopener nofollow\" class=\"shariff-link\" style=\"; background-color:#36465d; color:#fff\" target=\"_blank\"><span class=\"shariff-icon\" style=\"\"><svg width=\"32px\" height=\"20px\" xmlns=\"http:\/\/www.w3.org\/2000\/svg\" viewBox=\"0 0 32 32\"><path fill=\"#36465d\" d=\"M18 14l0 7.3c0 1.9 0 2.9 0.2 3.5 0.2 0.5 0.7 1.1 1.2 1.4 0.7 0.4 1.5 0.6 2.4 0.6 1.6 0 2.6-0.2 4.2-1.3v4.8c-1.4 0.6-2.6 1-3.7 1.3-1.1 0.3-2.3 0.4-3.6 0.4-1.5 0-2.3-0.2-3.4-0.6-1.1-0.4-2.1-0.9-2.9-1.6-0.8-0.7-1.3-1.4-1.7-2.2s-0.5-1.9-0.5-3.4v-11.2h-4.3v-4.5c1.3-0.4 2.7-1 3.6-1.8 0.9-0.8 1.6-1.7 2.2-2.7 0.5-1.1 0.9-2.4 1.1-4.1h5.2l0 8h8v6h-8z\"\/><\/svg><\/span><span class=\"shariff-text\">teilen<\/span>&nbsp;<\/a><\/li><li class=\"shariff-button twitter shariff-nocustomcolor\" style=\"background-color:#595959\"><a href=\"https:\/\/twitter.com\/share?url=https%3A%2F%2Farchiv.schmalspurbahn.de%2F%3Fp%3D21754&text=Bosnien-Herzegowina%2FSerbien%3A%20%E2%80%9E%C4%86iro%E2%80%9C%20er%C3%B6ffnete%20offiziell%20die%20Sommersaison%20auf%20der%20Schmalspurbahn\" title=\"Bei X teilen\" aria-label=\"Bei X teilen\" role=\"button\" rel=\"noopener nofollow\" class=\"shariff-link\" style=\"; background-color:#000; color:#fff\" target=\"_blank\"><span class=\"shariff-icon\" style=\"\"><svg width=\"32px\" height=\"20px\" xmlns=\"http:\/\/www.w3.org\/2000\/svg\" viewBox=\"0 0 24 24\"><path fill=\"#000\" d=\"M14.258 10.152L23.176 0h-2.113l-7.747 8.813L7.133 0H0l9.352 13.328L0 23.973h2.113l8.176-9.309 6.531 9.309h7.133zm-2.895 3.293l-.949-1.328L2.875 1.56h3.246l6.086 8.523.945 1.328 7.91 11.078h-3.246zm0 0\"\/><\/svg><\/span><span class=\"shariff-text\">teilen<\/span>&nbsp;<\/a><\/li><li class=\"shariff-button whatsapp shariff-nocustomcolor\" style=\"background-color:#5cbe4a\"><a href=\"https:\/\/api.whatsapp.com\/send?text=https%3A%2F%2Farchiv.schmalspurbahn.de%2F%3Fp%3D21754%20Bosnien-Herzegowina%2FSerbien%3A%20%E2%80%9E%C4%86iro%E2%80%9C%20er%C3%B6ffnete%20offiziell%20die%20Sommersaison%20auf%20der%20Schmalspurbahn\" title=\"Bei Whatsapp teilen\" aria-label=\"Bei Whatsapp teilen\" role=\"button\" rel=\"noopener nofollow\" class=\"shariff-link\" style=\"; background-color:#34af23; color:#fff\" target=\"_blank\"><span class=\"shariff-icon\" style=\"\"><svg width=\"32px\" height=\"20px\" xmlns=\"http:\/\/www.w3.org\/2000\/svg\" viewBox=\"0 0 32 32\"><path fill=\"#34af23\" d=\"M17.6 17.4q0.2 0 1.7 0.8t1.6 0.9q0 0.1 0 0.3 0 0.6-0.3 1.4-0.3 0.7-1.3 1.2t-1.8 0.5q-1 0-3.4-1.1-1.7-0.8-3-2.1t-2.6-3.3q-1.3-1.9-1.3-3.5v-0.1q0.1-1.6 1.3-2.8 0.4-0.4 0.9-0.4 0.1 0 0.3 0t0.3 0q0.3 0 0.5 0.1t0.3 0.5q0.1 0.4 0.6 1.6t0.4 1.3q0 0.4-0.6 1t-0.6 0.8q0 0.1 0.1 0.3 0.6 1.3 1.8 2.4 1 0.9 2.7 1.8 0.2 0.1 0.4 0.1 0.3 0 1-0.9t0.9-0.9zM14 26.9q2.3 0 4.3-0.9t3.6-2.4 2.4-3.6 0.9-4.3-0.9-4.3-2.4-3.6-3.6-2.4-4.3-0.9-4.3 0.9-3.6 2.4-2.4 3.6-0.9 4.3q0 3.6 2.1 6.6l-1.4 4.2 4.3-1.4q2.8 1.9 6.2 1.9zM14 2.2q2.7 0 5.2 1.1t4.3 2.9 2.9 4.3 1.1 5.2-1.1 5.2-2.9 4.3-4.3 2.9-5.2 1.1q-3.5 0-6.5-1.7l-7.4 2.4 2.4-7.2q-1.9-3.2-1.9-6.9 0-2.7 1.1-5.2t2.9-4.3 4.3-2.9 5.2-1.1z\"\/><\/svg><\/span><span class=\"shariff-text\">teilen<\/span>&nbsp;<\/a><\/li><li class=\"shariff-button xing shariff-nocustomcolor\" style=\"background-color:#29888a\"><a href=\"https:\/\/www.xing.com\/spi\/shares\/new?url=https%3A%2F%2Farchiv.schmalspurbahn.de%2F%3Fp%3D21754\" title=\"Bei XING teilen\" aria-label=\"Bei XING teilen\" role=\"button\" rel=\"noopener nofollow\" class=\"shariff-link\" style=\"; background-color:#126567; color:#fff\" target=\"_blank\"><span class=\"shariff-icon\" style=\"\"><svg width=\"32px\" height=\"20px\" xmlns=\"http:\/\/www.w3.org\/2000\/svg\" viewBox=\"0 0 25 32\"><path fill=\"#126567\" d=\"M10.7 11.9q-0.2 0.3-4.6 8.2-0.5 0.8-1.2 0.8h-4.3q-0.4 0-0.5-0.3t0-0.6l4.5-8q0 0 0 0l-2.9-5q-0.2-0.4 0-0.7 0.2-0.3 0.5-0.3h4.3q0.7 0 1.2 0.8zM25.1 0.4q0.2 0.3 0 0.7l-9.4 16.7 6 11q0.2 0.4 0 0.6-0.2 0.3-0.6 0.3h-4.3q-0.7 0-1.2-0.8l-6-11.1q0.3-0.6 9.5-16.8 0.4-0.8 1.2-0.8h4.3q0.4 0 0.5 0.3z\"\/><\/svg><\/span><span class=\"shariff-text\">teilen<\/span>&nbsp;<\/a><\/li><\/ul><\/div>\n<p class=\"wp-block-paragraph\">31.05.2023<\/p>\n\n\n\n<p class=\"wp-block-paragraph\"><a href=\"https:\/\/www.lok-report.de\/news\/europa\/item\/41511-bosnien-herzegowina-serbien-ciro-eroeffnete-offiziell-die-sommersaison-auf-der-schmalspurbahn.html\">https:\/\/www.lok-report.de\/news\/europa\/item\/41511-bosnien-herzegowina-serbien-ciro-eroeffnete-offiziell-die-sommersaison-auf-der-schmalspurbahn.html<\/a><\/p>\n\n\n\n<p class=\"wp-block-paragraph\">Der<span class=\"hashtag\"> #<a href=\"https:\/\/archiv.schmalspurbahn.de?s=%23Touristenzug\">Touristenzug<\/a><\/span> &#8222;#Nostalgia&#8220; brachte am Samstag, den 20.05.2023, die ersten Touristen aus<span class=\"hashtag\"> #<a href=\"https:\/\/archiv.schmalspurbahn.de?s=%23Mokra\">Mokra<\/a><\/span> Gora zum Bahnhof in<span class=\"hashtag\"> #<a href=\"https:\/\/archiv.schmalspurbahn.de?s=%23Vi\u0161egrad\">Vi\u0161egrad<\/a><\/span> und er\u00f6ffnete damit offiziell die Sommersaison auf der<span class=\"hashtag\"> #<a href=\"https:\/\/archiv.schmalspurbahn.de?s=%23Schmalspurbahn.\">Schmalspurbahn.<\/a><\/span><\/p>\n\n\n\n<p class=\"wp-block-paragraph\">Die Zusammenarbeit zwischen den Eisenbahnen der Republik Srpska und Serbien erfolgt im Rahmen des unterzeichneten Abkommens zwischen den Eisenbahnen der Republik Srpska und den Eisenbahngesellschaften Infrastruktura \u017deleznica Srbije und &#8222;Srbija voz&#8220; \u00fcber die Regelung der gegenseitigen Beziehungen im Rahmen des Eisenbahnverkehrs auf dem 25 Kilometer langen Abschnitt der museal-touristischen Schmalspurbahn.<\/p>\n\n\n\n<!--more-->\n\n\n\n<p class=\"wp-block-paragraph\">Die Leiterin des museumstouristischen Komplexes &#8222;\u0160arganska osmica&#8220; Aleksandra Milutinovi\u0107 wies darauf hin, dass dies die erste Ankunft von &#8222;Nostalgia&#8220; in diesem Jahr ist und dass der Zug auf Initiative der Eisenbahnen der Republik Srpska und der Eisenbahnen Serbiens wieder in Betrieb genommen wurde. &#8222;Wir hatten eine gro\u00dfe Anzahl von G\u00e4sten, die von Mokra Gora nach Vi\u0161egrad gereist sind. Wir sind sicher angekommen und hatten eine angenehme Reise, mit einer Pause im<span class=\"hashtag\"> #<a href=\"https:\/\/archiv.schmalspurbahn.de?s=%23Kloster\">Kloster<\/a><\/span><span class=\"hashtag\"> #<a href=\"https:\/\/archiv.schmalspurbahn.de?s=%23Dobrun.&#8220;\">Dobrun.&#8220;<\/a><\/span><\/p>\n\n\n\n<p class=\"wp-block-paragraph\">Milutinovi\u0107 betonte, dass der &#8222;Magische Touristenring&#8220; &#8211; das wichtigste touristische Produkt &#8211; ins Leben gerufen wurde, der eine 130 km lange Tour durch die<span class=\"hashtag\"> #<a href=\"https:\/\/archiv.schmalspurbahn.de?s=%23Drina-Schlucht\">Drina-Schlucht<\/a><\/span> von Peru\u0107ac nach Vi\u0161egrad, eine Fahrt auf der \u0160arganska osmica und einen Besuch in Vi\u0161egrad, Andri\u0107grad, Drvengrad und dem Kloster Dobrun umfasst.<\/p>\n\n\n\n<p class=\"wp-block-paragraph\">W\u00e4hrend der 25 Kilometer langen Bahnfahrt von Mokra Gora nach Vi\u0161egrad haben die Fahrg\u00e4ste die M\u00f6glichkeit, den Reichtum und die Sch\u00f6nheit der Natur dieser Region zu sehen, von Waggons mit Holzb\u00e4nken und einer authentischen<span class=\"hashtag\"> #<a href=\"https:\/\/archiv.schmalspurbahn.de?s=%23Lokomotive\">Lokomotive<\/a><\/span> aus, aber auch Sehensw\u00fcrdigkeiten wie die<span class=\"hashtag\"> #<a href=\"https:\/\/archiv.schmalspurbahn.de?s=%23Drina-Br\u00fccke,\">Drina-Br\u00fccke,<\/a><\/span> das Kloster Dobrun und<span class=\"hashtag\"> #<a href=\"https:\/\/archiv.schmalspurbahn.de?s=%23Andri\u0107grad\">Andri\u0107grad<\/a><\/span> zu besuchen.<\/p>\n\n\n\n<p class=\"wp-block-paragraph\">Mehr als 70.000 Touristen werden j\u00e4hrlich mit dem &#8222;Nostalgie&#8220;-Zug bef\u00f6rdert, darunter eine gro\u00dfe Zahl von Ausl\u00e4ndern.<\/p>\n\n\n\n<p class=\"wp-block-paragraph\">Die Einrichtung des Eisenbahnverkehrs auf einer Schmalspurbahn von Mokra Gora nach Vi\u0161egrad ist sicherlich von gro\u00dfer touristischer Bedeutung und ein wichtiges Projekt im Rahmen der Einrichtung zuk\u00fcnftiger Eisenbahnverbindungen zwischen der Republik Srpska und der Republik Serbien.<\/p>\n\n\n\n<p class=\"wp-block-paragraph\">In der vergangenen Periode wurden bedeutende Aktivit\u00e4ten an der Schmalspurbahn durchgef\u00fchrt, um die notwendigen Voraussetzungen zu schaffen, die heute Visegrad mit Mokro Gora verbinden, jedoch sind weitere bedeutende finanzielle Investitionen in den Bahnabschnitt notwendig, der sowohl f\u00fcr die Republik Srpska als auch f\u00fcr die Republik Serbien von gemeinsamem Interesse ist.<\/p>\n\n\n\n<p class=\"wp-block-paragraph\">Ausgehend von der Bedeutung der Wiederbelebung des Entwicklungsprojekts der Wiederherstellung der Schmalspurbahn selbst, sowie der Wiederherstellung des Eisenbahnverkehrs, haben die Eisenbahnen der Republik Srpska feste und klare Absichten, in der kommenden Periode in Zusammenarbeit mit den lokalen Gemeinden in die Schmalspurbahn sowie die begleitenden Einrichtungen entsprechend ihrer M\u00f6glichkeiten zu investieren.<\/p>\n\n\n\n<p class=\"wp-block-paragraph\">WKZ, Quelle&nbsp;Eisenbahnen der Republika Srpska<\/p>\n","protected":false},"excerpt":{"rendered":"<p>31.05.2023 https:\/\/www.lok-report.de\/news\/europa\/item\/41511-bosnien-herzegowina-serbien-ciro-eroeffnete-offiziell-die-sommersaison-auf-der-schmalspurbahn.html Der #Touristenzug &#8222;#Nostalgia&#8220; brachte am Samstag, den 20.05.2023, die ersten Touristen aus #Mokra Gora zum Bahnhof in #Vi\u0161egrad und er\u00f6ffnete damit offiziell die Sommersaison auf der #Schmalspurbahn. Die Zusammenarbeit zwischen den Eisenbahnen der Republik Srpska und Serbien erfolgt im Rahmen des unterzeichneten Abkommens zwischen den Eisenbahnen der Republik Srpska und den Eisenbahngesellschaften Infrastruktura &hellip; <a href=\"https:\/\/archiv.schmalspurbahn.de\/?p=21754\" class=\"more-link\"><span class=\"screen-reader-text\">\u201eBosnien-Herzegowina\/Serbien: &#8222;\u0106iro&#8220; er\u00f6ffnete offiziell die Sommersaison auf der Schmalspurbahn\u201c <\/span>weiterlesen<\/a><\/p>\n","protected":false},"author":1,"featured_media":0,"comment_status":"closed","ping_status":"open","sticky":false,"template":"","format":"standard","meta":{"_crdt_document":"","_jetpack_memberships_contains_paid_content":false,"footnotes":"","_share_on_mastodon":"0"},"categories":[38],"tags":[4280,4278,4279,4277,594,2038,142,4275,4276],"class_list":["post-21754","post","type-post","status-publish","format-standard","hentry","category-bosnien","tag-andricgrad","tag-dobrun","tag-drina","tag-kloster","tag-lokomotive","tag-mokra","tag-schmalspurbahn","tag-touristenzug","tag-visegrad"],"share_on_mastodon":{"url":"","error":""},"jetpack_featured_media_url":"","jetpack_sharing_enabled":true,"amp_enabled":true,"_links":{"self":[{"href":"https:\/\/archiv.schmalspurbahn.de\/index.php?rest_route=\/wp\/v2\/posts\/21754","targetHints":{"allow":["GET"]}}],"collection":[{"href":"https:\/\/archiv.schmalspurbahn.de\/index.php?rest_route=\/wp\/v2\/posts"}],"about":[{"href":"https:\/\/archiv.schmalspurbahn.de\/index.php?rest_route=\/wp\/v2\/types\/post"}],"author":[{"embeddable":true,"href":"https:\/\/archiv.schmalspurbahn.de\/index.php?rest_route=\/wp\/v2\/users\/1"}],"replies":[{"embeddable":true,"href":"https:\/\/archiv.schmalspurbahn.de\/index.php?rest_route=%2Fwp%2Fv2%2Fcomments&post=21754"}],"version-history":[{"count":1,"href":"https:\/\/archiv.schmalspurbahn.de\/index.php?rest_route=\/wp\/v2\/posts\/21754\/revisions"}],"predecessor-version":[{"id":21755,"href":"https:\/\/archiv.schmalspurbahn.de\/index.php?rest_route=\/wp\/v2\/posts\/21754\/revisions\/21755"}],"wp:attachment":[{"href":"https:\/\/archiv.schmalspurbahn.de\/index.php?rest_route=%2Fwp%2Fv2%2Fmedia&parent=21754"}],"wp:term":[{"taxonomy":"category","embeddable":true,"href":"https:\/\/archiv.schmalspurbahn.de\/index.php?rest_route=%2Fwp%2Fv2%2Fcategories&post=21754"},{"taxonomy":"post_tag","embeddable":true,"href":"https:\/\/archiv.schmalspurbahn.de\/index.php?rest_route=%2Fwp%2Fv2%2Ftags&post=21754"}],"curies":[{"name":"wp","href":"https:\/\/api.w.org\/{rel}","templated":true}]}}