{"id":21833,"date":"2023-06-23T17:52:00","date_gmt":"2023-06-23T15:52:00","guid":{"rendered":"https:\/\/archiv.schmalspurbahn.de\/?p=21833"},"modified":"2023-09-10T12:55:13","modified_gmt":"2023-09-10T10:55:13","slug":"entspannt-unterwegs-zum-23-kirnitzschtalfest-aus-landratsamt-pirna","status":"publish","type":"post","link":"https:\/\/archiv.schmalspurbahn.de\/?p=21833","title":{"rendered":"Entspannt unterwegs zum 23. Kirnitzschtalfest, aus Landratsamt Pirna"},"content":{"rendered":"<div class=\"shariff\"><ul class=\"shariff-buttons theme-default orientation-horizontal buttonsize-medium\"><li class=\"shariff-button facebook shariff-nocustomcolor\" style=\"background-color:#4273c8\"><a href=\"https:\/\/www.facebook.com\/sharer\/sharer.php?u=https%3A%2F%2Farchiv.schmalspurbahn.de%2F%3Fp%3D21833\" title=\"Bei Facebook teilen\" aria-label=\"Bei Facebook teilen\" role=\"button\" rel=\"nofollow\" class=\"shariff-link\" style=\"; background-color:#3b5998; color:#fff\" target=\"_blank\"><span class=\"shariff-icon\" style=\"\"><svg width=\"32px\" height=\"20px\" xmlns=\"http:\/\/www.w3.org\/2000\/svg\" viewBox=\"0 0 18 32\"><path fill=\"#3b5998\" d=\"M17.1 0.2v4.7h-2.8q-1.5 0-2.1 0.6t-0.5 1.9v3.4h5.2l-0.7 5.3h-4.5v13.6h-5.5v-13.6h-4.5v-5.3h4.5v-3.9q0-3.3 1.9-5.2t5-1.8q2.6 0 4.1 0.2z\"\/><\/svg><\/span><span class=\"shariff-text\">teilen<\/span>&nbsp;<\/a><\/li><li class=\"shariff-button linkedin shariff-nocustomcolor\" style=\"background-color:#1488bf\"><a href=\"https:\/\/www.linkedin.com\/sharing\/share-offsite\/?url=https%3A%2F%2Farchiv.schmalspurbahn.de%2F%3Fp%3D21833\" title=\"Bei LinkedIn teilen\" aria-label=\"Bei LinkedIn teilen\" role=\"button\" rel=\"noopener nofollow\" class=\"shariff-link\" style=\"; background-color:#0077b5; color:#fff\" target=\"_blank\"><span class=\"shariff-icon\" style=\"\"><svg width=\"32px\" height=\"20px\" xmlns=\"http:\/\/www.w3.org\/2000\/svg\" viewBox=\"0 0 27 32\"><path fill=\"#0077b5\" d=\"M6.2 11.2v17.7h-5.9v-17.7h5.9zM6.6 5.7q0 1.3-0.9 2.2t-2.4 0.9h0q-1.5 0-2.4-0.9t-0.9-2.2 0.9-2.2 2.4-0.9 2.4 0.9 0.9 2.2zM27.4 18.7v10.1h-5.9v-9.5q0-1.9-0.7-2.9t-2.3-1.1q-1.1 0-1.9 0.6t-1.2 1.5q-0.2 0.5-0.2 1.4v9.9h-5.9q0-7.1 0-11.6t0-5.3l0-0.9h5.9v2.6h0q0.4-0.6 0.7-1t1-0.9 1.6-0.8 2-0.3q3 0 4.9 2t1.9 6z\"\/><\/svg><\/span><span class=\"shariff-text\">teilen<\/span>&nbsp;<\/a><\/li><li class=\"shariff-button mailto shariff-nocustomcolor\" style=\"background-color:#a8a8a8\"><a href=\"mailto:?body=https%3A%2F%2Farchiv.schmalspurbahn.de%2F%3Fp%3D21833&subject=Entspannt%20unterwegs%20zum%2023.%20Kirnitzschtalfest%2C%20aus%20Landratsamt%20Pirna\" title=\"Per E-Mail versenden\" aria-label=\"Per E-Mail versenden\" role=\"button\" rel=\"noopener nofollow\" class=\"shariff-link\" style=\"; background-color:#999; color:#fff\"><span class=\"shariff-icon\" style=\"\"><svg width=\"32px\" height=\"20px\" xmlns=\"http:\/\/www.w3.org\/2000\/svg\" viewBox=\"0 0 32 32\"><path fill=\"#999\" d=\"M32 12.7v14.2q0 1.2-0.8 2t-2 0.9h-26.3q-1.2 0-2-0.9t-0.8-2v-14.2q0.8 0.9 1.8 1.6 6.5 4.4 8.9 6.1 1 0.8 1.6 1.2t1.7 0.9 2 0.4h0.1q0.9 0 2-0.4t1.7-0.9 1.6-1.2q3-2.2 8.9-6.1 1-0.7 1.8-1.6zM32 7.4q0 1.4-0.9 2.7t-2.2 2.2q-6.7 4.7-8.4 5.8-0.2 0.1-0.7 0.5t-1 0.7-0.9 0.6-1.1 0.5-0.9 0.2h-0.1q-0.4 0-0.9-0.2t-1.1-0.5-0.9-0.6-1-0.7-0.7-0.5q-1.6-1.1-4.7-3.2t-3.6-2.6q-1.1-0.7-2.1-2t-1-2.5q0-1.4 0.7-2.3t2.1-0.9h26.3q1.2 0 2 0.8t0.9 2z\"\/><\/svg><\/span><span class=\"shariff-text\">E-Mail<\/span>&nbsp;<\/a><\/li><li class=\"shariff-button pocket shariff-nocustomcolor\" style=\"background-color:#444\"><a href=\"https:\/\/getpocket.com\/save?url=https%3A%2F%2Farchiv.schmalspurbahn.de%2F%3Fp%3D21833&title=Entspannt%20unterwegs%20zum%2023.%20Kirnitzschtalfest%2C%20aus%20Landratsamt%20Pirna\" title=\"Bei Pocket speichern\" aria-label=\"Bei Pocket speichern\" role=\"button\" rel=\"noopener nofollow\" class=\"shariff-link\" style=\"; background-color:#ff0000; color:#fff\" target=\"_blank\"><span class=\"shariff-icon\" style=\"\"><svg width=\"32px\" height=\"20px\" xmlns=\"http:\/\/www.w3.org\/2000\/svg\" viewBox=\"0 0 27 28\"><path fill=\"#ff0000\" d=\"M24.5 2q1 0 1.7 0.7t0.7 1.7v8.1q0 2.8-1.1 5.3t-2.9 4.3-4.3 2.9-5.2 1.1q-2.7 0-5.2-1.1t-4.3-2.9-2.9-4.3-1.1-5.2v-8.1q0-1 0.7-1.7t1.7-0.7h22zM13.5 18.6q0.7 0 1.3-0.5l6.3-6.1q0.6-0.5 0.6-1.3 0-0.8-0.5-1.3t-1.3-0.5q-0.7 0-1.3 0.5l-5 4.8-5-4.8q-0.5-0.5-1.3-0.5-0.8 0-1.3 0.5t-0.5 1.3q0 0.8 0.6 1.3l6.3 6.1q0.5 0.5 1.3 0.5z\"\/><\/svg><\/span><span class=\"shariff-text\">Pocket<\/span>&nbsp;<\/a><\/li><li class=\"shariff-button rss shariff-nocustomcolor\" style=\"background-color:#ff8c00\"><a href=\"https:\/\/archiv.schmalspurbahn.de\/?feed=rss\" title=\"RSS-feed\" aria-label=\"RSS-feed\" role=\"button\" class=\"shariff-link\" style=\"; background-color:#fe9312; color:#fff\" target=\"_blank\"><span class=\"shariff-icon\" style=\"\"><svg width=\"32px\" height=\"20px\" xmlns=\"http:\/\/www.w3.org\/2000\/svg\" viewBox=\"0 0 32 32\"><path fill=\"#fe9312\" d=\"M4.3 23.5c-2.3 0-4.3 1.9-4.3 4.3 0 2.3 1.9 4.2 4.3 4.2 2.4 0 4.3-1.9 4.3-4.2 0-2.3-1.9-4.3-4.3-4.3zM0 10.9v6.1c4 0 7.7 1.6 10.6 4.4 2.8 2.8 4.4 6.6 4.4 10.6h6.2c0-11.7-9.5-21.1-21.1-21.1zM0 0v6.1c14.2 0 25.8 11.6 25.8 25.9h6.2c0-17.6-14.4-32-32-32z\"\/><\/svg><\/span><span class=\"shariff-text\">RSS-feed<\/span>&nbsp;<\/a><\/li><li class=\"shariff-button tumblr shariff-nocustomcolor\" style=\"background-color:#529ecc\"><a href=\"https:\/\/www.tumblr.com\/widgets\/share\/tool?posttype=link&canonicalUrl=https%3A%2F%2Farchiv.schmalspurbahn.de%2F%3Fp%3D21833&tags=archiv.schmalspurbahn.de\" title=\"Bei tumblr teilen\" aria-label=\"Bei tumblr teilen\" role=\"button\" rel=\"noopener nofollow\" class=\"shariff-link\" style=\"; background-color:#36465d; color:#fff\" target=\"_blank\"><span class=\"shariff-icon\" style=\"\"><svg width=\"32px\" height=\"20px\" xmlns=\"http:\/\/www.w3.org\/2000\/svg\" viewBox=\"0 0 32 32\"><path fill=\"#36465d\" d=\"M18 14l0 7.3c0 1.9 0 2.9 0.2 3.5 0.2 0.5 0.7 1.1 1.2 1.4 0.7 0.4 1.5 0.6 2.4 0.6 1.6 0 2.6-0.2 4.2-1.3v4.8c-1.4 0.6-2.6 1-3.7 1.3-1.1 0.3-2.3 0.4-3.6 0.4-1.5 0-2.3-0.2-3.4-0.6-1.1-0.4-2.1-0.9-2.9-1.6-0.8-0.7-1.3-1.4-1.7-2.2s-0.5-1.9-0.5-3.4v-11.2h-4.3v-4.5c1.3-0.4 2.7-1 3.6-1.8 0.9-0.8 1.6-1.7 2.2-2.7 0.5-1.1 0.9-2.4 1.1-4.1h5.2l0 8h8v6h-8z\"\/><\/svg><\/span><span class=\"shariff-text\">teilen<\/span>&nbsp;<\/a><\/li><li class=\"shariff-button twitter shariff-nocustomcolor\" style=\"background-color:#595959\"><a href=\"https:\/\/twitter.com\/share?url=https%3A%2F%2Farchiv.schmalspurbahn.de%2F%3Fp%3D21833&text=Entspannt%20unterwegs%20zum%2023.%20Kirnitzschtalfest%2C%20aus%20Landratsamt%20Pirna\" title=\"Bei X teilen\" aria-label=\"Bei X teilen\" role=\"button\" rel=\"noopener nofollow\" class=\"shariff-link\" style=\"; background-color:#000; color:#fff\" target=\"_blank\"><span class=\"shariff-icon\" style=\"\"><svg width=\"32px\" height=\"20px\" xmlns=\"http:\/\/www.w3.org\/2000\/svg\" viewBox=\"0 0 24 24\"><path fill=\"#000\" d=\"M14.258 10.152L23.176 0h-2.113l-7.747 8.813L7.133 0H0l9.352 13.328L0 23.973h2.113l8.176-9.309 6.531 9.309h7.133zm-2.895 3.293l-.949-1.328L2.875 1.56h3.246l6.086 8.523.945 1.328 7.91 11.078h-3.246zm0 0\"\/><\/svg><\/span><span class=\"shariff-text\">teilen<\/span>&nbsp;<\/a><\/li><li class=\"shariff-button whatsapp shariff-nocustomcolor\" style=\"background-color:#5cbe4a\"><a href=\"https:\/\/api.whatsapp.com\/send?text=https%3A%2F%2Farchiv.schmalspurbahn.de%2F%3Fp%3D21833%20Entspannt%20unterwegs%20zum%2023.%20Kirnitzschtalfest%2C%20aus%20Landratsamt%20Pirna\" title=\"Bei Whatsapp teilen\" aria-label=\"Bei Whatsapp teilen\" role=\"button\" rel=\"noopener nofollow\" class=\"shariff-link\" style=\"; background-color:#34af23; color:#fff\" target=\"_blank\"><span class=\"shariff-icon\" style=\"\"><svg width=\"32px\" height=\"20px\" xmlns=\"http:\/\/www.w3.org\/2000\/svg\" viewBox=\"0 0 32 32\"><path fill=\"#34af23\" d=\"M17.6 17.4q0.2 0 1.7 0.8t1.6 0.9q0 0.1 0 0.3 0 0.6-0.3 1.4-0.3 0.7-1.3 1.2t-1.8 0.5q-1 0-3.4-1.1-1.7-0.8-3-2.1t-2.6-3.3q-1.3-1.9-1.3-3.5v-0.1q0.1-1.6 1.3-2.8 0.4-0.4 0.9-0.4 0.1 0 0.3 0t0.3 0q0.3 0 0.5 0.1t0.3 0.5q0.1 0.4 0.6 1.6t0.4 1.3q0 0.4-0.6 1t-0.6 0.8q0 0.1 0.1 0.3 0.6 1.3 1.8 2.4 1 0.9 2.7 1.8 0.2 0.1 0.4 0.1 0.3 0 1-0.9t0.9-0.9zM14 26.9q2.3 0 4.3-0.9t3.6-2.4 2.4-3.6 0.9-4.3-0.9-4.3-2.4-3.6-3.6-2.4-4.3-0.9-4.3 0.9-3.6 2.4-2.4 3.6-0.9 4.3q0 3.6 2.1 6.6l-1.4 4.2 4.3-1.4q2.8 1.9 6.2 1.9zM14 2.2q2.7 0 5.2 1.1t4.3 2.9 2.9 4.3 1.1 5.2-1.1 5.2-2.9 4.3-4.3 2.9-5.2 1.1q-3.5 0-6.5-1.7l-7.4 2.4 2.4-7.2q-1.9-3.2-1.9-6.9 0-2.7 1.1-5.2t2.9-4.3 4.3-2.9 5.2-1.1z\"\/><\/svg><\/span><span class=\"shariff-text\">teilen<\/span>&nbsp;<\/a><\/li><li class=\"shariff-button xing shariff-nocustomcolor\" style=\"background-color:#29888a\"><a href=\"https:\/\/www.xing.com\/spi\/shares\/new?url=https%3A%2F%2Farchiv.schmalspurbahn.de%2F%3Fp%3D21833\" title=\"Bei XING teilen\" aria-label=\"Bei XING teilen\" role=\"button\" rel=\"noopener nofollow\" class=\"shariff-link\" style=\"; background-color:#126567; color:#fff\" target=\"_blank\"><span class=\"shariff-icon\" style=\"\"><svg width=\"32px\" height=\"20px\" xmlns=\"http:\/\/www.w3.org\/2000\/svg\" viewBox=\"0 0 25 32\"><path fill=\"#126567\" d=\"M10.7 11.9q-0.2 0.3-4.6 8.2-0.5 0.8-1.2 0.8h-4.3q-0.4 0-0.5-0.3t0-0.6l4.5-8q0 0 0 0l-2.9-5q-0.2-0.4 0-0.7 0.2-0.3 0.5-0.3h4.3q0.7 0 1.2 0.8zM25.1 0.4q0.2 0.3 0 0.7l-9.4 16.7 6 11q0.2 0.4 0 0.6-0.2 0.3-0.6 0.3h-4.3q-0.7 0-1.2-0.8l-6-11.1q0.3-0.6 9.5-16.8 0.4-0.8 1.2-0.8h4.3q0.4 0 0.5 0.3z\"\/><\/svg><\/span><span class=\"shariff-text\">teilen<\/span>&nbsp;<\/a><\/li><\/ul><\/div>\n<p class=\"wp-block-paragraph\">23.06.2023<\/p>\n\n\n\n<p class=\"wp-block-paragraph\"><a href=\"https:\/\/www.landratsamt-pirna.de\/kirnitzschtalfest-29549.html\">https:\/\/www.landratsamt-pirna.de\/kirnitzschtalfest-29549.html<\/a><\/p>\n\n\n\n<p class=\"wp-block-paragraph\">Tag der offenen<span class=\"hashtag\"> #<a href=\"https:\/\/archiv.schmalspurbahn.de?s=%23T\u00fcr\">T\u00fcr<\/a><\/span> im<span class=\"hashtag\"> #<a href=\"https:\/\/archiv.schmalspurbahn.de?s=%23Stra\u00dfenbahndepot\">Stra\u00dfenbahndepot<\/a><\/span> am 24. und 25. Juni 2023<\/p>\n\n\n\n<p class=\"wp-block-paragraph\">Im 125. Dienstjahr der<span class=\"hashtag\"> #<a href=\"https:\/\/archiv.schmalspurbahn.de?s=%23Kirnitzschtalbahn\">Kirnitzschtalbahn<\/a><\/span> ist es nach drei Jahren Unterbrechung endlich wieder so weit &#8211; die Kirnitzschtalwirte laden gemeinsam mit den Stra\u00dfenbahnern der Kirnitzschtalbahn zum 23.<span class=\"hashtag\"> #<a href=\"https:\/\/archiv.schmalspurbahn.de?s=%23Kirnitzschtalfest\">Kirnitzschtalfest<\/a><\/span> ein.\u00a0<\/p>\n\n\n\n<p class=\"wp-block-paragraph\">Erleben Sie am 24. und 25. Juni 2023 das wohl sch\u00f6nste Tal der<span class=\"hashtag\"> #<a href=\"https:\/\/archiv.schmalspurbahn.de?s=%23S\u00e4chsischen\">S\u00e4chsischen<\/a><\/span> Schweiz in Feierlaune. Ob historischer<span class=\"hashtag\"> #<a href=\"https:\/\/archiv.schmalspurbahn.de?s=%23Stra\u00dfenbahnzug,\">Stra\u00dfenbahnzug,<\/a><\/span> Gaukler oder Gaumenfreuden \u2013 alle haben sich etwas Besonderes f\u00fcr Sie einfallen lassen und freuen sich darauf, Sie im Kirnitzschtal zu begr\u00fc\u00dfen.<\/p>\n\n\n\n<!--more-->\n\n\n\n<p class=\"wp-block-paragraph\">Im<span class=\"hashtag\"> #<a href=\"https:\/\/archiv.schmalspurbahn.de?s=%23Depot\">Depot<\/a><\/span> der Kirnitzschtalbahn\u00a0laden wir Sie mit einem bunten<span class=\"hashtag\"> #<a href=\"https:\/\/archiv.schmalspurbahn.de?s=%23Marktplatz\">Marktplatz<\/a><\/span> zum &#8222;Tag der offenen T\u00fcr&#8220; ein. W\u00e4hrend sich die Gro\u00dfen an den St\u00e4nden von<span class=\"hashtag\"> #<a href=\"https:\/\/archiv.schmalspurbahn.de?s=%23RVSOE,\">RVSOE,<\/a><\/span><span class=\"hashtag\"> #<a href=\"https:\/\/archiv.schmalspurbahn.de?s=%23VVO,\">VVO,<\/a><\/span><span class=\"hashtag\"> #<a href=\"https:\/\/archiv.schmalspurbahn.de?s=%23SDG\">SDG<\/a><\/span> und<span class=\"hashtag\"> #<a href=\"https:\/\/archiv.schmalspurbahn.de?s=%23Nationalpark\">Nationalpark<\/a><\/span> informieren, steht f\u00fcr die Kleinen die H\u00fcpfburg bereit.<\/p>\n\n\n\n<p class=\"wp-block-paragraph\">Ein Kletterturm l\u00e4dt zur Eroberung ein und beim kniffligen<span class=\"hashtag\"> #<a href=\"https:\/\/archiv.schmalspurbahn.de?s=%23Rangierspiel\">Rangierspiel<\/a><\/span> haben Gro\u00df und Klein die M\u00f6glichkeit K\u00f6pfchen zu beweisen. Eine Ausstellung von verschiedenen<span class=\"hashtag\"> #<a href=\"https:\/\/archiv.schmalspurbahn.de?s=%23Modellstra\u00dfenbahnanlagen\">Modellstra\u00dfenbahnanlagen<\/a><\/span> wartet mit<span class=\"hashtag\"> #<a href=\"https:\/\/archiv.schmalspurbahn.de?s=%23Miniaturbahnen\">Miniaturbahnen<\/a><\/span> auf. F\u00fcr das leibliche Wohl sorgen der \u201eLions Club\u201c, der Fischanbieter Gebauer sowie Gruners Eisbar.<\/p>\n\n\n\n<p class=\"wp-block-paragraph\"><span class=\"hashtag\"> #<a href=\"https:\/\/archiv.schmalspurbahn.de?s=%23Fahrangebote\u00a0mit\">Fahrangebote\u00a0mit<\/a><\/span> Bus &amp; Kirnitzschtalbahn am 24. und 25. Juni 2023<\/p>\n\n\n\n<p class=\"wp-block-paragraph\"><a href=\"https:\/\/www.rvsoe.de\/fileadmin\/user_upload\/01_fahrplan\/pdf\/_processed_\/23._Kirnitzschtalfest_Traditionsverkehr_K-Bahn.pdf\" rel=\"noreferrer noopener\" target=\"_blank\">Der planm\u00e4\u00dfige Linienverkehr der Kirnitzschtalbahn wird an beiden Tagen in der Zeit von 10 Uhr bis 17 Uhr<br>durch den Einsatz der Museumswagen aus den Jahren 1926, 1928 und 1938 verst\u00e4rkt<\/a>.&nbsp;<\/p>\n\n\n\n<p class=\"wp-block-paragraph\">Als besondere<span class=\"hashtag\"> #<a href=\"https:\/\/archiv.schmalspurbahn.de?s=%23\u00dcberraschung\">\u00dcberraschung<\/a><\/span> f\u00fcr alle Liebhaber historischer Stra\u00dfenbahnen ist der<span class=\"hashtag\"> #<a href=\"https:\/\/archiv.schmalspurbahn.de?s=%23Triebwagen\">Triebwagen<\/a><\/span> 23 aus<span class=\"hashtag\"> #<a href=\"https:\/\/archiv.schmalspurbahn.de?s=%23G\u00f6rlitz\">G\u00f6rlitz<\/a><\/span> im<span class=\"hashtag\"> #<a href=\"https:\/\/archiv.schmalspurbahn.de?s=%23Kirnitzschtal\">Kirnitzschtal<\/a><\/span> zu Besuch. Dieser historische Wagen entspricht den beiden am 27. Juli 1927 verbrannten Triebwagen 8 und 9, die 1926 von der Waggonfabrik<span class=\"hashtag\"> #<a href=\"https:\/\/archiv.schmalspurbahn.de?s=%23WUMAG\">WUMAG<\/a><\/span> G\u00f6rlitz f\u00fcr die Kirnitzschtalbahn gebaut wurden.<\/p>\n\n\n\n<p class=\"wp-block-paragraph\">F\u00fcr die Fahrten mit den Museumswagen geben die Schaffner Zuschlagfahrscheine (1,00 Euro\/ Erwachsener und 0,50 Euro\/ Kind) aus, die auf Originalen von 1928 basieren. Der Erl\u00f6s aus dem Verkauf der Traditionsfahrten dient dem Erhalt dieser historischen Wagen.<\/p>\n\n\n\n<p class=\"wp-block-paragraph\">Am Sonnabend, den 24. Mai 2023 verkehrt die letzte Fahrt der Kirnitzschtalbahn um 22:25 Uhr vom Kurpark zum Depot sowie 22:10 Uhr ab der Haltestelle Forsthaus zum Kurpark.<\/p>\n\n\n\n<p class=\"wp-block-paragraph\">Die Busse des&nbsp;<a href=\"https:\/\/www.rvsoe.de\/fileadmin\/user_upload\/01_fahrplan\/pdf\/_processed_\/23_Kirnitzschtalfest_Sonderfahrplan_Bus.pdf\" rel=\"noreferrer noopener\" target=\"_blank\">Sonderfahrplans zum 23. Kirnitzschtalfest&nbsp;<\/a>verbinden das Kirnitzschtal mit&nbsp;Bad Schandau und Sebnitz. In der Nacht vom 24. Mai zum 25. Mai fahren sie bis nach&nbsp;Mitternacht. Die Busse der Kirnitzschtal-Linie 241 fahren von Pirna \u00fcber K\u00f6nigstein und Bad Schandau direkt in das Kirnitzschtal bis Hinterhermsdorf und zur\u00fcck. In Verbindung mit der Linie 269 sind das hintere Kirnitzschtal, Saupsdorf und Sebnitz angebunden. Zwischen Ottendorf&nbsp;und Sebnitz pendelt ein Shuttlebus.<\/p>\n\n\n\n<p class=\"wp-block-paragraph\">Das Fahrausweisangebot&nbsp;zum 23. Kirnitzschtalfest<\/p>\n\n\n\n<ul class=\"wp-block-list\">\n<li>Familientageskarte &#8211;&nbsp;25,00 Euro (Preis f\u00fcr bis zu&nbsp;zwei Erwachsene und bis zu&nbsp;vier Sch\u00fcler bis zum 15. Geburtstag)<\/li>\n\n\n\n<li>Tageskarte &#8211;&nbsp;10,00 Euro<\/li>\n\n\n\n<li>erm\u00e4\u00dfigte Tageskarte &#8211;&nbsp;5,00 Euro (Preis f\u00fcr Sch\u00fcler&nbsp;bis zum 15. Geburtstag)<\/li>\n<\/ul>\n\n\n\n<p class=\"wp-block-paragraph\">Alle Tageskarten gelten ab&nbsp;Entwertung bis zum Betriebsschluss des Entwertungstages.<br><br>Am Fest-Wochenende gelten die Tageskarten der Kirnitzschtalbahn:<\/p>\n\n\n\n<ul class=\"wp-block-list\">\n<li>bei der Kirnitzschtalbahn<\/li>\n\n\n\n<li>auf der Bahnhofsf\u00e4hre F5:&nbsp;Bad Schandau Bahnhof &#8211;&nbsp;Bad Schandau, Elbkai<\/li>\n\n\n\n<li>auf allen Bussen des Sonderfahrplans zum 23. Kirnitzschtalfest&nbsp;auf der<br>Relation Bad Schandau, Nationalparkbahnhof \u2013 Kirnitzschtal \u2013&nbsp;Hinterhermsdorf \u2013 Saupsdorf &#8211; Sebnitz und zur\u00fcck<\/li>\n\n\n\n<li>im Shuttlebus zwischen&nbsp;Sebnitz und Ottendorf<\/li>\n<\/ul>\n\n\n\n<p class=\"wp-block-paragraph\">Sie erhalten das Tageskartensortiment der Kirnitzschtalbahn:<\/p>\n\n\n\n<ul class=\"wp-block-list\">\n<li>im RVSOE-Serviceb\u00fcro im Nationalparkbahnhof Bad Schandau<\/li>\n\n\n\n<li>vor Ort bei den Schaffnern der Kirnitzschtalbahn.<\/li>\n<\/ul>\n\n\n\n<p class=\"wp-block-paragraph\">Zudem wird am Festwochenende die G\u00e4stekarte mobil bei der Kirnitzschtalbahn anerkannt.<br>Das Deutschlandticket berechtigt ebenfalls zur Fahrt mit der Kirnitzschtalbahn.<\/p>\n\n\n\n<p class=\"wp-block-paragraph\">Ihre Anreise&nbsp;in das romantische Kirnitzschtal bei Bad Schandau<\/p>\n\n\n\n<p class=\"wp-block-paragraph\">Im Kirnitzschtal steht nur sehr wenig Parkraum zur Verf\u00fcgung. Deshalb bitten wir Sie, auf die Fahrtangebote mit Bus und F\u00e4hre umzusteigen.&nbsp;<\/p>\n\n\n\n<p class=\"wp-block-paragraph\">Sollten Sie mit dem Auto anreisen, stehen Ihnen am Nationalparkbahnhof Bad Schandau ausreichend Parkpl\u00e4tze auf dem P+R-Platz zur Verf\u00fcgung.<\/p>\n\n\n\n<p class=\"wp-block-paragraph\">Sie erreichen den Nationalparkbahnhof Bad Schandau bequem mit den Z\u00fcgen der S-Bahn S1, U 28, RE 20 und RE 50 sowie mit den Regionalbussen&nbsp;<a href=\"https:\/\/www.rvsoe.de\/fileadmin\/user_upload\/01_fahrplan\/pdf\/241.pdf\" rel=\"noreferrer noopener\" target=\"_blank\">241<\/a>,&nbsp;<a href=\"https:\/\/www.rvsoe.de\/fileadmin\/user_upload\/01_fahrplan\/pdf\/244.pdf\" rel=\"noreferrer noopener\" target=\"_blank\">244<\/a>,&nbsp;<a href=\"https:\/\/www.rvsoe.de\/fileadmin\/user_upload\/01_fahrplan\/pdf\/251.pdf\" rel=\"noreferrer noopener\" target=\"_blank\">251<\/a>,&nbsp;<a href=\"https:\/\/www.rvsoe.de\/fileadmin\/user_upload\/01_fahrplan\/pdf\/252.pdf\" rel=\"noreferrer noopener\" target=\"_blank\">252<\/a>,&nbsp;<a href=\"https:\/\/www.rvsoe.de\/fileadmin\/user_upload\/01_fahrplan\/pdf\/253.pdf\" rel=\"noreferrer noopener\" target=\"_blank\">253<\/a>,&nbsp;<a href=\"https:\/\/www.rvsoe.de\/fileadmin\/user_upload\/01_fahrplan\/pdf\/254.pdf\" rel=\"noreferrer noopener\" target=\"_blank\">254<\/a>&nbsp;und&nbsp;<a href=\"https:\/\/www.rvsoe.de\/fileadmin\/user_upload\/01_fahrplan\/pdf\/260.pdf\" rel=\"noreferrer noopener\" target=\"_blank\">260<\/a>.&nbsp;Mit den Bussen der Linie 241 gelangen Sie direkt zum Festgeschehen.<\/p>\n\n\n\n<p class=\"wp-block-paragraph\">Die&nbsp;<a href=\"https:\/\/www.rvsoe.de\/fileadmin\/user_upload\/01_fahrplan\/pdf\/f5.pdf\" rel=\"noreferrer noopener\" target=\"_blank\">Bahnhofsf\u00e4hre F5<\/a>&nbsp;ist ebenfalls eine gute Alternative,&nbsp;um zur Stadt Bad Schandau und ins Kirnitzschtal zu gelangen. Das F\u00e4hrschiff setzt alle 30 Minuten vom Bahnhof Bad Schandau zum Elbkai \u00fcber. Von dort sind es ca. 20 Minuten Fu\u00dfweg durch das sch\u00f6ne St\u00e4dtchen bis&nbsp;zum Kurpark. Hier erwartet Sie bereits die Kirnitzschtalbahn. Der moderne Gotha-Wagen TW 6 der Kirnitzschtalbahn pendelt f\u00fcr Sie an beiden Tagen kostenfrei zwischen dem Kurpark Bad Schandau und dem Stra\u00dfenbahndepot.<\/p>\n\n\n\n<p class=\"wp-block-paragraph\">Alle Fahrpl\u00e4ne stehen Ihnen unter&nbsp;<a href=\"http:\/\/www.rvsoe.de\/\" rel=\"noreferrer noopener\" target=\"_blank\">www.rvsoe.de<\/a>&nbsp;zur Verf\u00fcgung.<\/p>\n\n\n\n<p class=\"wp-block-paragraph\">Der Sonderfahrplan \u201e23. Kirnitzschtalfest\u201c wird zudem am Festwochenende an allen Haltestellen im Kirnitzschtal ausgehangen sein.&nbsp;<\/p>\n\n\n\n<p class=\"wp-block-paragraph\">Regionalverkehr S\u00e4chsische Schweiz-Osterzgebirge GmbH<br>Bahnhofstra\u00dfe 14 a, 01796 Pirna<br>Telefon: +49 3501 7111 161<br>E-Mail:&nbsp;<a href=\"mailto:solveig.grosser@rvsoe.de\">solveig.grosser@rvsoe.de<\/a><br>Web:&nbsp;<a href=\"http:\/\/www.rvsoe.de\/\" rel=\"noreferrer noopener\" target=\"_blank\">www.rvsoe.de<\/a><\/p>\n","protected":false},"excerpt":{"rendered":"<p>23.06.2023 https:\/\/www.landratsamt-pirna.de\/kirnitzschtalfest-29549.html Tag der offenen #T\u00fcr im #Stra\u00dfenbahndepot am 24. und 25. Juni 2023 Im 125. Dienstjahr der #Kirnitzschtalbahn ist es nach drei Jahren Unterbrechung endlich wieder so weit &#8211; die Kirnitzschtalwirte laden gemeinsam mit den Stra\u00dfenbahnern der Kirnitzschtalbahn zum 23. #Kirnitzschtalfest ein.\u00a0 Erleben Sie am 24. und 25. Juni 2023 das wohl sch\u00f6nste Tal &hellip; <a href=\"https:\/\/archiv.schmalspurbahn.de\/?p=21833\" class=\"more-link\"><span class=\"screen-reader-text\">\u201eEntspannt unterwegs zum 23. Kirnitzschtalfest, aus Landratsamt Pirna\u201c <\/span>weiterlesen<\/a><\/p>\n","protected":false},"author":1,"featured_media":0,"comment_status":"closed","ping_status":"open","sticky":false,"template":"","format":"standard","meta":{"_crdt_document":"","_jetpack_memberships_contains_paid_content":false,"footnotes":"","_share_on_mastodon":"0"},"categories":[2622,7],"tags":[3535,4379,2301,2629,1547,4374,4375,4377,4378,2767,4376,2634,279,258,4373,2922,137,4372,673,308,4247],"class_list":["post-21833","post","type-post","status-publish","format-standard","hentry","category-kirnitzschtalbahn","category-sachsen","tag-depot","tag-fahrangebote","tag-goerlitz","tag-kirnitzschtal","tag-kirnitzschtalbahn","tag-kirnitzschtalfest","tag-marktplatz","tag-miniaturbahnen","tag-modellstrassenbahnanlagen","tag-nationalpark","tag-rangierspiel","tag-rvsoe","tag-saechsischen","tag-sdg","tag-strassenbahndepot","tag-strassenbahnzug","tag-triebwagen","tag-tuer","tag-ueberraschung","tag-vvo","tag-wumag"],"share_on_mastodon":{"url":"","error":""},"jetpack_featured_media_url":"","jetpack_sharing_enabled":true,"amp_enabled":true,"_links":{"self":[{"href":"https:\/\/archiv.schmalspurbahn.de\/index.php?rest_route=\/wp\/v2\/posts\/21833","targetHints":{"allow":["GET"]}}],"collection":[{"href":"https:\/\/archiv.schmalspurbahn.de\/index.php?rest_route=\/wp\/v2\/posts"}],"about":[{"href":"https:\/\/archiv.schmalspurbahn.de\/index.php?rest_route=\/wp\/v2\/types\/post"}],"author":[{"embeddable":true,"href":"https:\/\/archiv.schmalspurbahn.de\/index.php?rest_route=\/wp\/v2\/users\/1"}],"replies":[{"embeddable":true,"href":"https:\/\/archiv.schmalspurbahn.de\/index.php?rest_route=%2Fwp%2Fv2%2Fcomments&post=21833"}],"version-history":[{"count":1,"href":"https:\/\/archiv.schmalspurbahn.de\/index.php?rest_route=\/wp\/v2\/posts\/21833\/revisions"}],"predecessor-version":[{"id":21834,"href":"https:\/\/archiv.schmalspurbahn.de\/index.php?rest_route=\/wp\/v2\/posts\/21833\/revisions\/21834"}],"wp:attachment":[{"href":"https:\/\/archiv.schmalspurbahn.de\/index.php?rest_route=%2Fwp%2Fv2%2Fmedia&parent=21833"}],"wp:term":[{"taxonomy":"category","embeddable":true,"href":"https:\/\/archiv.schmalspurbahn.de\/index.php?rest_route=%2Fwp%2Fv2%2Fcategories&post=21833"},{"taxonomy":"post_tag","embeddable":true,"href":"https:\/\/archiv.schmalspurbahn.de\/index.php?rest_route=%2Fwp%2Fv2%2Ftags&post=21833"}],"curies":[{"name":"wp","href":"https:\/\/api.w.org\/{rel}","templated":true}]}}