{"id":21867,"date":"2023-07-14T17:29:00","date_gmt":"2023-07-14T15:29:00","guid":{"rendered":"https:\/\/archiv.schmalspurbahn.de\/?p=21867"},"modified":"2023-09-13T17:50:44","modified_gmt":"2023-09-13T15:50:44","slug":"mit-dem-vulkan-express-vom-rhein-in-die-eifel-aus-vulkan-express","status":"publish","type":"post","link":"https:\/\/archiv.schmalspurbahn.de\/?p=21867","title":{"rendered":"Mit dem \u201eVulkan-Expre\u00df\u201c vom Rhein in die Eifel, aus Vulkan-Express"},"content":{"rendered":"<div class=\"shariff\"><ul class=\"shariff-buttons theme-default orientation-horizontal buttonsize-medium\"><li class=\"shariff-button facebook shariff-nocustomcolor\" style=\"background-color:#4273c8\"><a href=\"https:\/\/www.facebook.com\/sharer\/sharer.php?u=https%3A%2F%2Farchiv.schmalspurbahn.de%2F%3Fp%3D21867\" title=\"Bei Facebook teilen\" aria-label=\"Bei Facebook teilen\" role=\"button\" rel=\"nofollow\" class=\"shariff-link\" style=\"; background-color:#3b5998; color:#fff\" target=\"_blank\"><span class=\"shariff-icon\" style=\"\"><svg width=\"32px\" height=\"20px\" xmlns=\"http:\/\/www.w3.org\/2000\/svg\" viewBox=\"0 0 18 32\"><path fill=\"#3b5998\" d=\"M17.1 0.2v4.7h-2.8q-1.5 0-2.1 0.6t-0.5 1.9v3.4h5.2l-0.7 5.3h-4.5v13.6h-5.5v-13.6h-4.5v-5.3h4.5v-3.9q0-3.3 1.9-5.2t5-1.8q2.6 0 4.1 0.2z\"\/><\/svg><\/span><span class=\"shariff-text\">teilen<\/span>&nbsp;<\/a><\/li><li class=\"shariff-button linkedin shariff-nocustomcolor\" style=\"background-color:#1488bf\"><a href=\"https:\/\/www.linkedin.com\/sharing\/share-offsite\/?url=https%3A%2F%2Farchiv.schmalspurbahn.de%2F%3Fp%3D21867\" title=\"Bei LinkedIn teilen\" aria-label=\"Bei LinkedIn teilen\" role=\"button\" rel=\"noopener nofollow\" class=\"shariff-link\" style=\"; background-color:#0077b5; color:#fff\" target=\"_blank\"><span class=\"shariff-icon\" style=\"\"><svg width=\"32px\" height=\"20px\" xmlns=\"http:\/\/www.w3.org\/2000\/svg\" viewBox=\"0 0 27 32\"><path fill=\"#0077b5\" d=\"M6.2 11.2v17.7h-5.9v-17.7h5.9zM6.6 5.7q0 1.3-0.9 2.2t-2.4 0.9h0q-1.5 0-2.4-0.9t-0.9-2.2 0.9-2.2 2.4-0.9 2.4 0.9 0.9 2.2zM27.4 18.7v10.1h-5.9v-9.5q0-1.9-0.7-2.9t-2.3-1.1q-1.1 0-1.9 0.6t-1.2 1.5q-0.2 0.5-0.2 1.4v9.9h-5.9q0-7.1 0-11.6t0-5.3l0-0.9h5.9v2.6h0q0.4-0.6 0.7-1t1-0.9 1.6-0.8 2-0.3q3 0 4.9 2t1.9 6z\"\/><\/svg><\/span><span class=\"shariff-text\">teilen<\/span>&nbsp;<\/a><\/li><li class=\"shariff-button mailto shariff-nocustomcolor\" style=\"background-color:#a8a8a8\"><a href=\"mailto:?body=https%3A%2F%2Farchiv.schmalspurbahn.de%2F%3Fp%3D21867&subject=Mit%20dem%20%E2%80%9EVulkan-Expre%C3%9F%E2%80%9C%20vom%20Rhein%20in%20die%20Eifel%2C%20aus%20Vulkan-Express\" title=\"Per E-Mail versenden\" aria-label=\"Per E-Mail versenden\" role=\"button\" rel=\"noopener nofollow\" class=\"shariff-link\" style=\"; background-color:#999; color:#fff\"><span class=\"shariff-icon\" style=\"\"><svg width=\"32px\" height=\"20px\" xmlns=\"http:\/\/www.w3.org\/2000\/svg\" viewBox=\"0 0 32 32\"><path fill=\"#999\" d=\"M32 12.7v14.2q0 1.2-0.8 2t-2 0.9h-26.3q-1.2 0-2-0.9t-0.8-2v-14.2q0.8 0.9 1.8 1.6 6.5 4.4 8.9 6.1 1 0.8 1.6 1.2t1.7 0.9 2 0.4h0.1q0.9 0 2-0.4t1.7-0.9 1.6-1.2q3-2.2 8.9-6.1 1-0.7 1.8-1.6zM32 7.4q0 1.4-0.9 2.7t-2.2 2.2q-6.7 4.7-8.4 5.8-0.2 0.1-0.7 0.5t-1 0.7-0.9 0.6-1.1 0.5-0.9 0.2h-0.1q-0.4 0-0.9-0.2t-1.1-0.5-0.9-0.6-1-0.7-0.7-0.5q-1.6-1.1-4.7-3.2t-3.6-2.6q-1.1-0.7-2.1-2t-1-2.5q0-1.4 0.7-2.3t2.1-0.9h26.3q1.2 0 2 0.8t0.9 2z\"\/><\/svg><\/span><span class=\"shariff-text\">E-Mail<\/span>&nbsp;<\/a><\/li><li class=\"shariff-button pocket shariff-nocustomcolor\" style=\"background-color:#444\"><a href=\"https:\/\/getpocket.com\/save?url=https%3A%2F%2Farchiv.schmalspurbahn.de%2F%3Fp%3D21867&title=Mit%20dem%20%E2%80%9EVulkan-Expre%C3%9F%E2%80%9C%20vom%20Rhein%20in%20die%20Eifel%2C%20aus%20Vulkan-Express\" title=\"Bei Pocket speichern\" aria-label=\"Bei Pocket speichern\" role=\"button\" rel=\"noopener nofollow\" class=\"shariff-link\" style=\"; background-color:#ff0000; color:#fff\" target=\"_blank\"><span class=\"shariff-icon\" style=\"\"><svg width=\"32px\" height=\"20px\" xmlns=\"http:\/\/www.w3.org\/2000\/svg\" viewBox=\"0 0 27 28\"><path fill=\"#ff0000\" d=\"M24.5 2q1 0 1.7 0.7t0.7 1.7v8.1q0 2.8-1.1 5.3t-2.9 4.3-4.3 2.9-5.2 1.1q-2.7 0-5.2-1.1t-4.3-2.9-2.9-4.3-1.1-5.2v-8.1q0-1 0.7-1.7t1.7-0.7h22zM13.5 18.6q0.7 0 1.3-0.5l6.3-6.1q0.6-0.5 0.6-1.3 0-0.8-0.5-1.3t-1.3-0.5q-0.7 0-1.3 0.5l-5 4.8-5-4.8q-0.5-0.5-1.3-0.5-0.8 0-1.3 0.5t-0.5 1.3q0 0.8 0.6 1.3l6.3 6.1q0.5 0.5 1.3 0.5z\"\/><\/svg><\/span><span class=\"shariff-text\">Pocket<\/span>&nbsp;<\/a><\/li><li class=\"shariff-button rss shariff-nocustomcolor\" style=\"background-color:#ff8c00\"><a href=\"https:\/\/archiv.schmalspurbahn.de\/?feed=rss\" title=\"RSS-feed\" aria-label=\"RSS-feed\" role=\"button\" class=\"shariff-link\" style=\"; background-color:#fe9312; color:#fff\" target=\"_blank\"><span class=\"shariff-icon\" style=\"\"><svg width=\"32px\" height=\"20px\" xmlns=\"http:\/\/www.w3.org\/2000\/svg\" viewBox=\"0 0 32 32\"><path fill=\"#fe9312\" d=\"M4.3 23.5c-2.3 0-4.3 1.9-4.3 4.3 0 2.3 1.9 4.2 4.3 4.2 2.4 0 4.3-1.9 4.3-4.2 0-2.3-1.9-4.3-4.3-4.3zM0 10.9v6.1c4 0 7.7 1.6 10.6 4.4 2.8 2.8 4.4 6.6 4.4 10.6h6.2c0-11.7-9.5-21.1-21.1-21.1zM0 0v6.1c14.2 0 25.8 11.6 25.8 25.9h6.2c0-17.6-14.4-32-32-32z\"\/><\/svg><\/span><span class=\"shariff-text\">RSS-feed<\/span>&nbsp;<\/a><\/li><li class=\"shariff-button tumblr shariff-nocustomcolor\" style=\"background-color:#529ecc\"><a href=\"https:\/\/www.tumblr.com\/widgets\/share\/tool?posttype=link&canonicalUrl=https%3A%2F%2Farchiv.schmalspurbahn.de%2F%3Fp%3D21867&tags=archiv.schmalspurbahn.de\" title=\"Bei tumblr teilen\" aria-label=\"Bei tumblr teilen\" role=\"button\" rel=\"noopener nofollow\" class=\"shariff-link\" style=\"; background-color:#36465d; color:#fff\" target=\"_blank\"><span class=\"shariff-icon\" style=\"\"><svg width=\"32px\" height=\"20px\" xmlns=\"http:\/\/www.w3.org\/2000\/svg\" viewBox=\"0 0 32 32\"><path fill=\"#36465d\" d=\"M18 14l0 7.3c0 1.9 0 2.9 0.2 3.5 0.2 0.5 0.7 1.1 1.2 1.4 0.7 0.4 1.5 0.6 2.4 0.6 1.6 0 2.6-0.2 4.2-1.3v4.8c-1.4 0.6-2.6 1-3.7 1.3-1.1 0.3-2.3 0.4-3.6 0.4-1.5 0-2.3-0.2-3.4-0.6-1.1-0.4-2.1-0.9-2.9-1.6-0.8-0.7-1.3-1.4-1.7-2.2s-0.5-1.9-0.5-3.4v-11.2h-4.3v-4.5c1.3-0.4 2.7-1 3.6-1.8 0.9-0.8 1.6-1.7 2.2-2.7 0.5-1.1 0.9-2.4 1.1-4.1h5.2l0 8h8v6h-8z\"\/><\/svg><\/span><span class=\"shariff-text\">teilen<\/span>&nbsp;<\/a><\/li><li class=\"shariff-button twitter shariff-nocustomcolor\" style=\"background-color:#595959\"><a href=\"https:\/\/twitter.com\/share?url=https%3A%2F%2Farchiv.schmalspurbahn.de%2F%3Fp%3D21867&text=Mit%20dem%20%E2%80%9EVulkan-Expre%C3%9F%E2%80%9C%20vom%20Rhein%20in%20die%20Eifel%2C%20aus%20Vulkan-Express\" title=\"Bei X teilen\" aria-label=\"Bei X teilen\" role=\"button\" rel=\"noopener nofollow\" class=\"shariff-link\" style=\"; background-color:#000; color:#fff\" target=\"_blank\"><span class=\"shariff-icon\" style=\"\"><svg width=\"32px\" height=\"20px\" xmlns=\"http:\/\/www.w3.org\/2000\/svg\" viewBox=\"0 0 24 24\"><path fill=\"#000\" d=\"M14.258 10.152L23.176 0h-2.113l-7.747 8.813L7.133 0H0l9.352 13.328L0 23.973h2.113l8.176-9.309 6.531 9.309h7.133zm-2.895 3.293l-.949-1.328L2.875 1.56h3.246l6.086 8.523.945 1.328 7.91 11.078h-3.246zm0 0\"\/><\/svg><\/span><span class=\"shariff-text\">teilen<\/span>&nbsp;<\/a><\/li><li class=\"shariff-button whatsapp shariff-nocustomcolor\" style=\"background-color:#5cbe4a\"><a href=\"https:\/\/api.whatsapp.com\/send?text=https%3A%2F%2Farchiv.schmalspurbahn.de%2F%3Fp%3D21867%20Mit%20dem%20%E2%80%9EVulkan-Expre%C3%9F%E2%80%9C%20vom%20Rhein%20in%20die%20Eifel%2C%20aus%20Vulkan-Express\" title=\"Bei Whatsapp teilen\" aria-label=\"Bei Whatsapp teilen\" role=\"button\" rel=\"noopener nofollow\" class=\"shariff-link\" style=\"; background-color:#34af23; color:#fff\" target=\"_blank\"><span class=\"shariff-icon\" style=\"\"><svg width=\"32px\" height=\"20px\" xmlns=\"http:\/\/www.w3.org\/2000\/svg\" viewBox=\"0 0 32 32\"><path fill=\"#34af23\" d=\"M17.6 17.4q0.2 0 1.7 0.8t1.6 0.9q0 0.1 0 0.3 0 0.6-0.3 1.4-0.3 0.7-1.3 1.2t-1.8 0.5q-1 0-3.4-1.1-1.7-0.8-3-2.1t-2.6-3.3q-1.3-1.9-1.3-3.5v-0.1q0.1-1.6 1.3-2.8 0.4-0.4 0.9-0.4 0.1 0 0.3 0t0.3 0q0.3 0 0.5 0.1t0.3 0.5q0.1 0.4 0.6 1.6t0.4 1.3q0 0.4-0.6 1t-0.6 0.8q0 0.1 0.1 0.3 0.6 1.3 1.8 2.4 1 0.9 2.7 1.8 0.2 0.1 0.4 0.1 0.3 0 1-0.9t0.9-0.9zM14 26.9q2.3 0 4.3-0.9t3.6-2.4 2.4-3.6 0.9-4.3-0.9-4.3-2.4-3.6-3.6-2.4-4.3-0.9-4.3 0.9-3.6 2.4-2.4 3.6-0.9 4.3q0 3.6 2.1 6.6l-1.4 4.2 4.3-1.4q2.8 1.9 6.2 1.9zM14 2.2q2.7 0 5.2 1.1t4.3 2.9 2.9 4.3 1.1 5.2-1.1 5.2-2.9 4.3-4.3 2.9-5.2 1.1q-3.5 0-6.5-1.7l-7.4 2.4 2.4-7.2q-1.9-3.2-1.9-6.9 0-2.7 1.1-5.2t2.9-4.3 4.3-2.9 5.2-1.1z\"\/><\/svg><\/span><span class=\"shariff-text\">teilen<\/span>&nbsp;<\/a><\/li><li class=\"shariff-button xing shariff-nocustomcolor\" style=\"background-color:#29888a\"><a href=\"https:\/\/www.xing.com\/spi\/shares\/new?url=https%3A%2F%2Farchiv.schmalspurbahn.de%2F%3Fp%3D21867\" title=\"Bei XING teilen\" aria-label=\"Bei XING teilen\" role=\"button\" rel=\"noopener nofollow\" class=\"shariff-link\" style=\"; background-color:#126567; color:#fff\" target=\"_blank\"><span class=\"shariff-icon\" style=\"\"><svg width=\"32px\" height=\"20px\" xmlns=\"http:\/\/www.w3.org\/2000\/svg\" viewBox=\"0 0 25 32\"><path fill=\"#126567\" d=\"M10.7 11.9q-0.2 0.3-4.6 8.2-0.5 0.8-1.2 0.8h-4.3q-0.4 0-0.5-0.3t0-0.6l4.5-8q0 0 0 0l-2.9-5q-0.2-0.4 0-0.7 0.2-0.3 0.5-0.3h4.3q0.7 0 1.2 0.8zM25.1 0.4q0.2 0.3 0 0.7l-9.4 16.7 6 11q0.2 0.4 0 0.6-0.2 0.3-0.6 0.3h-4.3q-0.7 0-1.2-0.8l-6-11.1q0.3-0.6 9.5-16.8 0.4-0.8 1.2-0.8h4.3q0.4 0 0.5 0.3z\"\/><\/svg><\/span><span class=\"shariff-text\">teilen<\/span>&nbsp;<\/a><\/li><\/ul><\/div>\n<p class=\"wp-block-paragraph\">14.07.2023<\/p>\n\n\n\n<p class=\"wp-block-paragraph\"><a href=\"https:\/\/www.lok-report.de\/news\/deutschland\/museum\/item\/42626-mit-dem-vulkan-express-vom-rhein-in-die-eifel.html\">https:\/\/www.lok-report.de\/news\/deutschland\/museum\/item\/42626-mit-dem-vulkan-express-vom-rhein-in-die-eifel.html<\/a><\/p>\n\n\n\n<p class=\"wp-block-paragraph\">Der Sommer hat das Land wieder fest im Griff \u2013 Wer sehnt sich da nicht nach Abk\u00fchlung und<span class=\"hashtag\"> #<a href=\"https:\/\/archiv.schmalspurbahn.de?s=%23Cabrio\">Cabrio<\/a><\/span> fahren? Beides gibt es beim \u201e#Vulkan-Expre\u00df\u201c der<span class=\"hashtag\"> #<a href=\"https:\/\/archiv.schmalspurbahn.de?s=%23Brohltalbahn:\">Brohltalbahn:<\/a><\/span> Auf 18 km<span class=\"hashtag\"> #<a href=\"https:\/\/archiv.schmalspurbahn.de?s=%23Schmalspurstrecke\">Schmalspurstrecke<\/a><\/span> f\u00e4hrt der kleine Zug vom Rhein 400 H\u00f6henmeter hinauf in die Sommerfrische auf den Eifelh\u00f6hen! Dort locken k\u00fchle W\u00e4lder, ein Freibad und wundersch\u00f6ne Badeseen.<\/p>\n\n\n\n<p class=\"wp-block-paragraph\">Ja, richtig gelesen: Im \u201eVulkan-Expre\u00df\u201c wird ein echtes Cabrio eingesetzt! Das hat echten Seltenheitswert im<span class=\"hashtag\"> #<a href=\"https:\/\/archiv.schmalspurbahn.de?s=%23Eisenbahnverkehr.\">Eisenbahnverkehr.<\/a><\/span> Der kleine, gr\u00fcn\/beige lackierte Wagen h\u00f6rt auf die Nummer \u201e458\u201c und war fr\u00fcher einmal ein G\u00fcterwaggon. F\u00fcr den kleinen<span class=\"hashtag\"> #<a href=\"https:\/\/archiv.schmalspurbahn.de?s=%23Ausflugszug\">Ausflugszug<\/a><\/span> \u201eVulkan-Expre\u00df\u201c haben die Eisenbahner den Waggon umgebaut und mit Sitzb\u00e4nken ausgestattet \u2013 hier hat man einen<span class=\"hashtag\"> #<a href=\"https:\/\/archiv.schmalspurbahn.de?s=%23Panoramaplatz\">Panoramaplatz<\/a><\/span> auf der Fahrt durch eines der sch\u00f6nsten Seitent\u00e4ler des Rheines sicher!<\/p>\n\n\n\n<!--more-->\n\n\n\n<p class=\"wp-block-paragraph\">Dass die Fahrt spannend wird, zeigt schon ein Blick auf die Karte: Viele enge Kurven kennzeichnen den ersten Streckenabschnitt im unteren, tief eingeschnittenen<span class=\"hashtag\"> #<a href=\"https:\/\/archiv.schmalspurbahn.de?s=%23Brohltal.\">Brohltal.<\/a><\/span> Die Fahrt f\u00fchrt hier oft sch\u00f6n verschattet am Waldrand in Richtung Bad<span class=\"hashtag\"> #<a href=\"https:\/\/archiv.schmalspurbahn.de?s=%23T\u00f6nisstein\">T\u00f6nisstein<\/a><\/span> mit seinen k\u00fchlen Trassh\u00f6hlen und der<span class=\"hashtag\"> #<a href=\"https:\/\/archiv.schmalspurbahn.de?s=%23Wolfsschlucht\">Wolfsschlucht<\/a><\/span> mit Wasserfall. Kurz darauf geht es \u00fcber einen 120 Meter langen<span class=\"hashtag\"> #<a href=\"https:\/\/archiv.schmalspurbahn.de?s=%23Viadukt\">Viadukt<\/a><\/span> und gleich darauf in einen dunklen<span class=\"hashtag\"> #<a href=\"https:\/\/archiv.schmalspurbahn.de?s=%23Tunnel\">Tunnel<\/a><\/span> \u2013 hier ist das alte Mauerwerk zum Greifen nahe. Bald schon ist der idyllische<span class=\"hashtag\"> #<a href=\"https:\/\/archiv.schmalspurbahn.de?s=%23Fachwerkbahnhof\">Fachwerkbahnhof<\/a><\/span> von<span class=\"hashtag\"> #<a href=\"https:\/\/archiv.schmalspurbahn.de?s=%23Burgbrohl\">Burgbrohl<\/a><\/span> erreicht.<br><br>Ein paar Kilometer weiter wird es richtig steil: mit 50 Promille<span class=\"hashtag\"> #<a href=\"https:\/\/archiv.schmalspurbahn.de?s=%23Steigung\">Steigung<\/a><\/span> k\u00e4mpft sich der \u201eVulkan-Expre\u00df\u201c aus dem Tal hinauf auf die Eifelh\u00f6hen bei<span class=\"hashtag\"> #<a href=\"https:\/\/archiv.schmalspurbahn.de?s=%23Kempenich-Engeln.\">Kempenich-Engeln.<\/a><\/span> Vom Cabrio und von den zu \u00f6ffnenden Fenstern der \u00fcbrigen historischen Waggons bietet sich ein Panoramablick bis zum Rheintal! Bei maximal 20 km\/h Fahrtgeschwindigkeit bleibt genug Zeit, alles in Ruhe zu genie\u00dfen!<br><br>Am Endbahnhof angekommen, lockt ein ganz besonderer Spa\u00df: Mit dem Fahrrad geht es zur\u00fcck zum Rhein \u2013 k\u00fchlender Fahrtwind garantiert! Denn es geht fast nur bergab! Vier verschiedene Routen von 24 bis 55 km L\u00e4nge haben die Brohltalbahner auf ihrer Internetseite bereitgestellt. Wer sich lieber im k\u00fchlen Nass erfrischen will, ist auch richtig: Die st\u00fcndlichen Anschlussbusse bringen Schwimmfreunde direkt zum Campingplatz am Laacher See oder zum Freizeitbad Brohltal in Weibern und zum Riedener Waldsee!<br><br><strong>\u201eVulkan-Expre\u00df\u201c fast t\u00e4glich im Einsatz<\/strong><br><br>Erleben kann man die Fahrt mit der<span class=\"hashtag\"> #<a href=\"https:\/\/archiv.schmalspurbahn.de?s=%23Schmalspurbahn\">Schmalspurbahn<\/a><\/span> t\u00e4glich au\u00dfer montags. Um 09:30 Uhr und 14:15 Uhr startet der kleine Zug dienstags, donnerstags und an Wochenenden. Mittwochs und freitags ist die Abfahrt um 10:30 Uhr. Ausflugstipps &amp; Wandervorschl\u00e4ge hat die Brohltalbahn unter www.vulkan-express.de\/stationen-und-ausfluege zusammengestellt.<br><br>Tipp: An besonderen Terminen l\u00e4sst sich die Bahnfahrt auch im Paket mit einem Mittagessen auf dem Eifelh\u00f6hen oder mit einem Fr\u00fchst\u00fcck buchen! Auch gef\u00fchrte Radtouren werden vor Ort regelm\u00e4\u00dfig angeboten.<br><br><strong>Anreise auch per Schiff<\/strong><br><br>Erreichbar ist der Ausgangsbahnhof des \u201eVulkan-Expre\u00df\u201c in Brohl st\u00fcndlich umsteigefrei mit der<span class=\"hashtag\"> #<a href=\"https:\/\/archiv.schmalspurbahn.de?s=%23MittelrheinBahn\">MittelrheinBahn<\/a><\/span> (<a href=\"https:\/\/archiv.schmalspurbahn.de\/?tag=rb26\">#RB26<\/a>) von<span class=\"hashtag\"> #<a href=\"https:\/\/archiv.schmalspurbahn.de?s=%23K\u00f6ln\">K\u00f6ln<\/a><\/span> und<span class=\"hashtag\"> #<a href=\"https:\/\/archiv.schmalspurbahn.de?s=%23Bonn\">Bonn<\/a><\/span> bzw.<span class=\"hashtag\"> #<a href=\"https:\/\/archiv.schmalspurbahn.de?s=%23Koblenz\">Koblenz<\/a><\/span> und<span class=\"hashtag\"> #<a href=\"https:\/\/archiv.schmalspurbahn.de?s=%23Mainz.\">Mainz.<\/a><\/span><br><br>Eine ganz besondere Anreise ist an vielen Donnerstagen m\u00f6glich: dann f\u00e4hrt das<span class=\"hashtag\"> #<a href=\"https:\/\/archiv.schmalspurbahn.de?s=%23Fahrgastschiff\">Fahrgastschiff<\/a><\/span> \u201eMS<span class=\"hashtag\"> #<a href=\"https:\/\/archiv.schmalspurbahn.de?s=%23Beethoven\u201c\">Beethoven\u201c<\/a><\/span> von Bonn und Linz nach Brohl und der \u201eVulkan-Expre\u00df\u201c holt alle Umsteiger direkt am Schiffsanleger ab!<br><br>Pressemeldung Interessengemeinschaft Brohltal-Schmalspureisenbahn e.V.,\u00a0<a rel=\"noreferrer noopener\" href=\"https:\/\/www.vulkan-express.de\/\" target=\"_blank\">www.vulkan-express.de<\/a><\/p>\n","protected":false},"excerpt":{"rendered":"<p>14.07.2023 https:\/\/www.lok-report.de\/news\/deutschland\/museum\/item\/42626-mit-dem-vulkan-express-vom-rhein-in-die-eifel.html Der Sommer hat das Land wieder fest im Griff \u2013 Wer sehnt sich da nicht nach Abk\u00fchlung und #Cabrio fahren? Beides gibt es beim \u201e#Vulkan-Expre\u00df\u201c der #Brohltalbahn: Auf 18 km #Schmalspurstrecke f\u00e4hrt der kleine Zug vom Rhein 400 H\u00f6henmeter hinauf in die Sommerfrische auf den Eifelh\u00f6hen! Dort locken k\u00fchle W\u00e4lder, ein Freibad und &hellip; <a href=\"https:\/\/archiv.schmalspurbahn.de\/?p=21867\" class=\"more-link\"><span class=\"screen-reader-text\">\u201eMit dem \u201eVulkan-Expre\u00df\u201c vom Rhein in die Eifel, aus Vulkan-Express\u201c <\/span>weiterlesen<\/a><\/p>\n","protected":false},"author":1,"featured_media":0,"comment_status":"closed","ping_status":"open","sticky":false,"template":"","format":"standard","meta":{"_crdt_document":"","_jetpack_memberships_contains_paid_content":false,"footnotes":"","_share_on_mastodon":"0"},"categories":[10,78],"tags":[4421,4432,1826,1431,230,1436,1556,1942,4425,4430,236,4428,4431,4429,4427,4422,237,142,280,4426,4423,3011,3589,4424],"class_list":["post-21867","post","type-post","status-publish","format-standard","hentry","category-rheinland-pfalz","category-vulkan-express","tag-ausflugszug","tag-beethoven","tag-bonn","tag-brohltal","tag-brohltalbahn","tag-burgbrohl","tag-cabrio","tag-eisenbahnverkehr","tag-fachwerkbahnhof","tag-fahrgastschiff","tag-kempenich","tag-koblenz","tag-koeln","tag-mainz","tag-mittelrheinbahn","tag-panoramaplatz","tag-rb26","tag-schmalspurbahn","tag-schmalspurstrecke","tag-steigung","tag-toenisstein","tag-tunnel","tag-viadukt","tag-wolfsschlucht"],"share_on_mastodon":{"url":"","error":""},"jetpack_featured_media_url":"","jetpack_sharing_enabled":true,"amp_enabled":true,"_links":{"self":[{"href":"https:\/\/archiv.schmalspurbahn.de\/index.php?rest_route=\/wp\/v2\/posts\/21867","targetHints":{"allow":["GET"]}}],"collection":[{"href":"https:\/\/archiv.schmalspurbahn.de\/index.php?rest_route=\/wp\/v2\/posts"}],"about":[{"href":"https:\/\/archiv.schmalspurbahn.de\/index.php?rest_route=\/wp\/v2\/types\/post"}],"author":[{"embeddable":true,"href":"https:\/\/archiv.schmalspurbahn.de\/index.php?rest_route=\/wp\/v2\/users\/1"}],"replies":[{"embeddable":true,"href":"https:\/\/archiv.schmalspurbahn.de\/index.php?rest_route=%2Fwp%2Fv2%2Fcomments&post=21867"}],"version-history":[{"count":1,"href":"https:\/\/archiv.schmalspurbahn.de\/index.php?rest_route=\/wp\/v2\/posts\/21867\/revisions"}],"predecessor-version":[{"id":21868,"href":"https:\/\/archiv.schmalspurbahn.de\/index.php?rest_route=\/wp\/v2\/posts\/21867\/revisions\/21868"}],"wp:attachment":[{"href":"https:\/\/archiv.schmalspurbahn.de\/index.php?rest_route=%2Fwp%2Fv2%2Fmedia&parent=21867"}],"wp:term":[{"taxonomy":"category","embeddable":true,"href":"https:\/\/archiv.schmalspurbahn.de\/index.php?rest_route=%2Fwp%2Fv2%2Fcategories&post=21867"},{"taxonomy":"post_tag","embeddable":true,"href":"https:\/\/archiv.schmalspurbahn.de\/index.php?rest_route=%2Fwp%2Fv2%2Ftags&post=21867"}],"curies":[{"name":"wp","href":"https:\/\/api.w.org\/{rel}","templated":true}]}}