{"id":21949,"date":"2023-09-02T19:56:00","date_gmt":"2023-09-02T17:56:00","guid":{"rendered":"https:\/\/archiv.schmalspurbahn.de\/?p=21949"},"modified":"2023-09-28T09:58:57","modified_gmt":"2023-09-28T07:58:57","slug":"tag-der-schiene-hinter-den-kulissen-der-selfkantbahn-aus-selfkantbahn","status":"publish","type":"post","link":"https:\/\/archiv.schmalspurbahn.de\/?p=21949","title":{"rendered":"Tag der Schiene &#8211; Hinter den Kulissen der Selfkantbahn, aus Selfkantbahn"},"content":{"rendered":"<div class=\"shariff\"><ul class=\"shariff-buttons theme-default orientation-horizontal buttonsize-medium\"><li class=\"shariff-button facebook shariff-nocustomcolor\" style=\"background-color:#4273c8\"><a href=\"https:\/\/www.facebook.com\/sharer\/sharer.php?u=https%3A%2F%2Farchiv.schmalspurbahn.de%2F%3Fp%3D21949\" title=\"Bei Facebook teilen\" aria-label=\"Bei Facebook teilen\" role=\"button\" rel=\"nofollow\" class=\"shariff-link\" style=\"; background-color:#3b5998; color:#fff\" target=\"_blank\"><span class=\"shariff-icon\" style=\"\"><svg width=\"32px\" height=\"20px\" xmlns=\"http:\/\/www.w3.org\/2000\/svg\" viewBox=\"0 0 18 32\"><path fill=\"#3b5998\" d=\"M17.1 0.2v4.7h-2.8q-1.5 0-2.1 0.6t-0.5 1.9v3.4h5.2l-0.7 5.3h-4.5v13.6h-5.5v-13.6h-4.5v-5.3h4.5v-3.9q0-3.3 1.9-5.2t5-1.8q2.6 0 4.1 0.2z\"\/><\/svg><\/span><span class=\"shariff-text\">teilen<\/span>&nbsp;<\/a><\/li><li class=\"shariff-button linkedin shariff-nocustomcolor\" style=\"background-color:#1488bf\"><a href=\"https:\/\/www.linkedin.com\/sharing\/share-offsite\/?url=https%3A%2F%2Farchiv.schmalspurbahn.de%2F%3Fp%3D21949\" title=\"Bei LinkedIn teilen\" aria-label=\"Bei LinkedIn teilen\" role=\"button\" rel=\"noopener nofollow\" class=\"shariff-link\" style=\"; background-color:#0077b5; color:#fff\" target=\"_blank\"><span class=\"shariff-icon\" style=\"\"><svg width=\"32px\" height=\"20px\" xmlns=\"http:\/\/www.w3.org\/2000\/svg\" viewBox=\"0 0 27 32\"><path fill=\"#0077b5\" d=\"M6.2 11.2v17.7h-5.9v-17.7h5.9zM6.6 5.7q0 1.3-0.9 2.2t-2.4 0.9h0q-1.5 0-2.4-0.9t-0.9-2.2 0.9-2.2 2.4-0.9 2.4 0.9 0.9 2.2zM27.4 18.7v10.1h-5.9v-9.5q0-1.9-0.7-2.9t-2.3-1.1q-1.1 0-1.9 0.6t-1.2 1.5q-0.2 0.5-0.2 1.4v9.9h-5.9q0-7.1 0-11.6t0-5.3l0-0.9h5.9v2.6h0q0.4-0.6 0.7-1t1-0.9 1.6-0.8 2-0.3q3 0 4.9 2t1.9 6z\"\/><\/svg><\/span><span class=\"shariff-text\">teilen<\/span>&nbsp;<\/a><\/li><li class=\"shariff-button mailto shariff-nocustomcolor\" style=\"background-color:#a8a8a8\"><a href=\"mailto:?body=https%3A%2F%2Farchiv.schmalspurbahn.de%2F%3Fp%3D21949&subject=Tag%20der%20Schiene%20%E2%80%93%20Hinter%20den%20Kulissen%20der%20Selfkantbahn%2C%20aus%20Selfkantbahn\" title=\"Per E-Mail versenden\" aria-label=\"Per E-Mail versenden\" role=\"button\" rel=\"noopener nofollow\" class=\"shariff-link\" style=\"; background-color:#999; color:#fff\"><span class=\"shariff-icon\" style=\"\"><svg width=\"32px\" height=\"20px\" xmlns=\"http:\/\/www.w3.org\/2000\/svg\" viewBox=\"0 0 32 32\"><path fill=\"#999\" d=\"M32 12.7v14.2q0 1.2-0.8 2t-2 0.9h-26.3q-1.2 0-2-0.9t-0.8-2v-14.2q0.8 0.9 1.8 1.6 6.5 4.4 8.9 6.1 1 0.8 1.6 1.2t1.7 0.9 2 0.4h0.1q0.9 0 2-0.4t1.7-0.9 1.6-1.2q3-2.2 8.9-6.1 1-0.7 1.8-1.6zM32 7.4q0 1.4-0.9 2.7t-2.2 2.2q-6.7 4.7-8.4 5.8-0.2 0.1-0.7 0.5t-1 0.7-0.9 0.6-1.1 0.5-0.9 0.2h-0.1q-0.4 0-0.9-0.2t-1.1-0.5-0.9-0.6-1-0.7-0.7-0.5q-1.6-1.1-4.7-3.2t-3.6-2.6q-1.1-0.7-2.1-2t-1-2.5q0-1.4 0.7-2.3t2.1-0.9h26.3q1.2 0 2 0.8t0.9 2z\"\/><\/svg><\/span><span class=\"shariff-text\">E-Mail<\/span>&nbsp;<\/a><\/li><li class=\"shariff-button pocket shariff-nocustomcolor\" style=\"background-color:#444\"><a href=\"https:\/\/getpocket.com\/save?url=https%3A%2F%2Farchiv.schmalspurbahn.de%2F%3Fp%3D21949&title=Tag%20der%20Schiene%20%E2%80%93%20Hinter%20den%20Kulissen%20der%20Selfkantbahn%2C%20aus%20Selfkantbahn\" title=\"Bei Pocket speichern\" aria-label=\"Bei Pocket speichern\" role=\"button\" rel=\"noopener nofollow\" class=\"shariff-link\" style=\"; background-color:#ff0000; color:#fff\" target=\"_blank\"><span class=\"shariff-icon\" style=\"\"><svg width=\"32px\" height=\"20px\" xmlns=\"http:\/\/www.w3.org\/2000\/svg\" viewBox=\"0 0 27 28\"><path fill=\"#ff0000\" d=\"M24.5 2q1 0 1.7 0.7t0.7 1.7v8.1q0 2.8-1.1 5.3t-2.9 4.3-4.3 2.9-5.2 1.1q-2.7 0-5.2-1.1t-4.3-2.9-2.9-4.3-1.1-5.2v-8.1q0-1 0.7-1.7t1.7-0.7h22zM13.5 18.6q0.7 0 1.3-0.5l6.3-6.1q0.6-0.5 0.6-1.3 0-0.8-0.5-1.3t-1.3-0.5q-0.7 0-1.3 0.5l-5 4.8-5-4.8q-0.5-0.5-1.3-0.5-0.8 0-1.3 0.5t-0.5 1.3q0 0.8 0.6 1.3l6.3 6.1q0.5 0.5 1.3 0.5z\"\/><\/svg><\/span><span class=\"shariff-text\">Pocket<\/span>&nbsp;<\/a><\/li><li class=\"shariff-button rss shariff-nocustomcolor\" style=\"background-color:#ff8c00\"><a href=\"https:\/\/archiv.schmalspurbahn.de\/?feed=rss\" title=\"RSS-feed\" aria-label=\"RSS-feed\" role=\"button\" class=\"shariff-link\" style=\"; background-color:#fe9312; color:#fff\" target=\"_blank\"><span class=\"shariff-icon\" style=\"\"><svg width=\"32px\" height=\"20px\" xmlns=\"http:\/\/www.w3.org\/2000\/svg\" viewBox=\"0 0 32 32\"><path fill=\"#fe9312\" d=\"M4.3 23.5c-2.3 0-4.3 1.9-4.3 4.3 0 2.3 1.9 4.2 4.3 4.2 2.4 0 4.3-1.9 4.3-4.2 0-2.3-1.9-4.3-4.3-4.3zM0 10.9v6.1c4 0 7.7 1.6 10.6 4.4 2.8 2.8 4.4 6.6 4.4 10.6h6.2c0-11.7-9.5-21.1-21.1-21.1zM0 0v6.1c14.2 0 25.8 11.6 25.8 25.9h6.2c0-17.6-14.4-32-32-32z\"\/><\/svg><\/span><span class=\"shariff-text\">RSS-feed<\/span>&nbsp;<\/a><\/li><li class=\"shariff-button tumblr shariff-nocustomcolor\" style=\"background-color:#529ecc\"><a href=\"https:\/\/www.tumblr.com\/widgets\/share\/tool?posttype=link&canonicalUrl=https%3A%2F%2Farchiv.schmalspurbahn.de%2F%3Fp%3D21949&tags=archiv.schmalspurbahn.de\" title=\"Bei tumblr teilen\" aria-label=\"Bei tumblr teilen\" role=\"button\" rel=\"noopener nofollow\" class=\"shariff-link\" style=\"; background-color:#36465d; color:#fff\" target=\"_blank\"><span class=\"shariff-icon\" style=\"\"><svg width=\"32px\" height=\"20px\" xmlns=\"http:\/\/www.w3.org\/2000\/svg\" viewBox=\"0 0 32 32\"><path fill=\"#36465d\" d=\"M18 14l0 7.3c0 1.9 0 2.9 0.2 3.5 0.2 0.5 0.7 1.1 1.2 1.4 0.7 0.4 1.5 0.6 2.4 0.6 1.6 0 2.6-0.2 4.2-1.3v4.8c-1.4 0.6-2.6 1-3.7 1.3-1.1 0.3-2.3 0.4-3.6 0.4-1.5 0-2.3-0.2-3.4-0.6-1.1-0.4-2.1-0.9-2.9-1.6-0.8-0.7-1.3-1.4-1.7-2.2s-0.5-1.9-0.5-3.4v-11.2h-4.3v-4.5c1.3-0.4 2.7-1 3.6-1.8 0.9-0.8 1.6-1.7 2.2-2.7 0.5-1.1 0.9-2.4 1.1-4.1h5.2l0 8h8v6h-8z\"\/><\/svg><\/span><span class=\"shariff-text\">teilen<\/span>&nbsp;<\/a><\/li><li class=\"shariff-button twitter shariff-nocustomcolor\" style=\"background-color:#595959\"><a href=\"https:\/\/twitter.com\/share?url=https%3A%2F%2Farchiv.schmalspurbahn.de%2F%3Fp%3D21949&text=Tag%20der%20Schiene%20%E2%80%93%20Hinter%20den%20Kulissen%20der%20Selfkantbahn%2C%20aus%20Selfkantbahn\" title=\"Bei X teilen\" aria-label=\"Bei X teilen\" role=\"button\" rel=\"noopener nofollow\" class=\"shariff-link\" style=\"; background-color:#000; color:#fff\" target=\"_blank\"><span class=\"shariff-icon\" style=\"\"><svg width=\"32px\" height=\"20px\" xmlns=\"http:\/\/www.w3.org\/2000\/svg\" viewBox=\"0 0 24 24\"><path fill=\"#000\" d=\"M14.258 10.152L23.176 0h-2.113l-7.747 8.813L7.133 0H0l9.352 13.328L0 23.973h2.113l8.176-9.309 6.531 9.309h7.133zm-2.895 3.293l-.949-1.328L2.875 1.56h3.246l6.086 8.523.945 1.328 7.91 11.078h-3.246zm0 0\"\/><\/svg><\/span><span class=\"shariff-text\">teilen<\/span>&nbsp;<\/a><\/li><li class=\"shariff-button whatsapp shariff-nocustomcolor\" style=\"background-color:#5cbe4a\"><a href=\"https:\/\/api.whatsapp.com\/send?text=https%3A%2F%2Farchiv.schmalspurbahn.de%2F%3Fp%3D21949%20Tag%20der%20Schiene%20%E2%80%93%20Hinter%20den%20Kulissen%20der%20Selfkantbahn%2C%20aus%20Selfkantbahn\" title=\"Bei Whatsapp teilen\" aria-label=\"Bei Whatsapp teilen\" role=\"button\" rel=\"noopener nofollow\" class=\"shariff-link\" style=\"; background-color:#34af23; color:#fff\" target=\"_blank\"><span class=\"shariff-icon\" style=\"\"><svg width=\"32px\" height=\"20px\" xmlns=\"http:\/\/www.w3.org\/2000\/svg\" viewBox=\"0 0 32 32\"><path fill=\"#34af23\" d=\"M17.6 17.4q0.2 0 1.7 0.8t1.6 0.9q0 0.1 0 0.3 0 0.6-0.3 1.4-0.3 0.7-1.3 1.2t-1.8 0.5q-1 0-3.4-1.1-1.7-0.8-3-2.1t-2.6-3.3q-1.3-1.9-1.3-3.5v-0.1q0.1-1.6 1.3-2.8 0.4-0.4 0.9-0.4 0.1 0 0.3 0t0.3 0q0.3 0 0.5 0.1t0.3 0.5q0.1 0.4 0.6 1.6t0.4 1.3q0 0.4-0.6 1t-0.6 0.8q0 0.1 0.1 0.3 0.6 1.3 1.8 2.4 1 0.9 2.7 1.8 0.2 0.1 0.4 0.1 0.3 0 1-0.9t0.9-0.9zM14 26.9q2.3 0 4.3-0.9t3.6-2.4 2.4-3.6 0.9-4.3-0.9-4.3-2.4-3.6-3.6-2.4-4.3-0.9-4.3 0.9-3.6 2.4-2.4 3.6-0.9 4.3q0 3.6 2.1 6.6l-1.4 4.2 4.3-1.4q2.8 1.9 6.2 1.9zM14 2.2q2.7 0 5.2 1.1t4.3 2.9 2.9 4.3 1.1 5.2-1.1 5.2-2.9 4.3-4.3 2.9-5.2 1.1q-3.5 0-6.5-1.7l-7.4 2.4 2.4-7.2q-1.9-3.2-1.9-6.9 0-2.7 1.1-5.2t2.9-4.3 4.3-2.9 5.2-1.1z\"\/><\/svg><\/span><span class=\"shariff-text\">teilen<\/span>&nbsp;<\/a><\/li><li class=\"shariff-button xing shariff-nocustomcolor\" style=\"background-color:#29888a\"><a href=\"https:\/\/www.xing.com\/spi\/shares\/new?url=https%3A%2F%2Farchiv.schmalspurbahn.de%2F%3Fp%3D21949\" title=\"Bei XING teilen\" aria-label=\"Bei XING teilen\" role=\"button\" rel=\"noopener nofollow\" class=\"shariff-link\" style=\"; background-color:#126567; color:#fff\" target=\"_blank\"><span class=\"shariff-icon\" style=\"\"><svg width=\"32px\" height=\"20px\" xmlns=\"http:\/\/www.w3.org\/2000\/svg\" viewBox=\"0 0 25 32\"><path fill=\"#126567\" d=\"M10.7 11.9q-0.2 0.3-4.6 8.2-0.5 0.8-1.2 0.8h-4.3q-0.4 0-0.5-0.3t0-0.6l4.5-8q0 0 0 0l-2.9-5q-0.2-0.4 0-0.7 0.2-0.3 0.5-0.3h4.3q0.7 0 1.2 0.8zM25.1 0.4q0.2 0.3 0 0.7l-9.4 16.7 6 11q0.2 0.4 0 0.6-0.2 0.3-0.6 0.3h-4.3q-0.7 0-1.2-0.8l-6-11.1q0.3-0.6 9.5-16.8 0.4-0.8 1.2-0.8h4.3q0.4 0 0.5 0.3z\"\/><\/svg><\/span><span class=\"shariff-text\">teilen<\/span>&nbsp;<\/a><\/li><\/ul><\/div>\n<p class=\"wp-block-paragraph\">02.09.2023<\/p>\n\n\n\n<p class=\"wp-block-paragraph\">Zum bundesweiten Tag der<span class=\"hashtag\"> #<a href=\"https:\/\/archiv.schmalspurbahn.de?s=%23Schiene\">Schiene<\/a><\/span> am Samstag, den 16. September 2023, l\u00e4dt die<span class=\"hashtag\"> #<a href=\"https:\/\/archiv.schmalspurbahn.de?s=%23Selfkantbahn\">Selfkantbahn<\/a><\/span> alle Interessierten herzlich ein, einen Blick hinter die Kulissen zu werfen: Von Gleisbau \u00fcber<span class=\"hashtag\"> #<a href=\"https:\/\/archiv.schmalspurbahn.de?s=%23Werkstatt,\">Werkstatt,<\/a><\/span> dem<span class=\"hashtag\"> #<a href=\"https:\/\/archiv.schmalspurbahn.de?s=%23Betriebsdienst\">Betriebsdienst<\/a><\/span> auf der<span class=\"hashtag\"> #<a href=\"https:\/\/archiv.schmalspurbahn.de?s=%23Lok\">Lok<\/a><\/span> oder im<span class=\"hashtag\"> #<a href=\"https:\/\/archiv.schmalspurbahn.de?s=%23Zug\">Zug<\/a><\/span> bis zum Catering \u2013 alles steht offen, um die Selfkantbahn hautnah zu erleben. Dabei haben Besucher die Gelegenheit, nicht nur die historische Eisenbahn selbst zu erkunden, sondern auch die Menschen kennenzulernen, die sie am Laufen halten.<\/p>\n\n\n\n<!--more-->\n\n\n\n<p class=\"wp-block-paragraph\">Die Selfkantbahn \u2013 das sind knapp sechs Kilometer<span class=\"hashtag\"> #<a href=\"https:\/\/archiv.schmalspurbahn.de?s=%23Schmalspurromantik,\">Schmalspurromantik,<\/a><\/span> drei Bahnh\u00f6fe, 12<span class=\"hashtag\"> #<a href=\"https:\/\/archiv.schmalspurbahn.de?s=%23Lokomotiven,\">Lokomotiven,<\/a><\/span> f\u00fcnf<span class=\"hashtag\"> #<a href=\"https:\/\/archiv.schmalspurbahn.de?s=%23Triebwagen,\">Triebwagen,<\/a><\/span> 60 Personen- und<span class=\"hashtag\"> #<a href=\"https:\/\/archiv.schmalspurbahn.de?s=%23G\u00fcterwagen\">G\u00fcterwagen<\/a><\/span> sowie 60 engagierte Aktive. Gemeinsam sorgen sie daf\u00fcr, dass ein St\u00fcck<span class=\"hashtag\"> #<a href=\"https:\/\/archiv.schmalspurbahn.de?s=%23Eisenbahngeschichte\">Eisenbahngeschichte<\/a><\/span> im Kreis<span class=\"hashtag\"> #<a href=\"https:\/\/archiv.schmalspurbahn.de?s=%23Heinsberg\">Heinsberg<\/a><\/span> quicklebendig bleibt. Die Selfkantbahn ist nicht nur ein Anziehungspunkt f\u00fcr Touristen, Familien und Eisenbahnbegeisterte, sondern auch ein lebendiges Eisenbahnmuseum. Mit<span class=\"hashtag\"> #<a href=\"https:\/\/archiv.schmalspurbahn.de?s=%23Dampfzugfahrten\">Dampfzugfahrten<\/a><\/span> nach Fahrplan an allen Sonn- und Feiertagen zwischen Ostern und Ende September sowie vielen Sonderveranstaltungen bietet sie eine einzigartige M\u00f6glichkeit, die Welt der historischen Schmalspurbahn zu erleben.<\/p>\n\n\n\n<p class=\"wp-block-paragraph\">Die Veranstaltung am 16.9.23 beginnt um 11:00 Uhr und endet gegen Abend mit einem gem\u00fctlichen Grillen hinter dem Lokschuppen. Wer teilnehmen m\u00f6chte, kann sich gerne unter\u00a0<a href=\"mailto:info@selfkantbahn.de\">info@selfkantbahn.de<\/a>\u00a0mit dem Betreff &#8218;Tag der Schiene&#8216; anmelden, doch auch spontane Teilnehmer sind herzlich willkommen. Der Eintritt ist frei. Die Selfkantbahn verkehrt zwischen<span class=\"hashtag\"> #<a href=\"https:\/\/archiv.schmalspurbahn.de?s=%23Geilenkirchen-Gillrath\">Geilenkirchen-Gillrath<\/a><\/span> und<span class=\"hashtag\"> #<a href=\"https:\/\/archiv.schmalspurbahn.de?s=%23Gangelt-Schierwaldenrath.\">Gangelt-Schierwaldenrath.<\/a><\/span> Das Programm zum Tag der Schiene findet im Bahnhof<span class=\"hashtag\"> #<a href=\"https:\/\/archiv.schmalspurbahn.de?s=%23Schierwaldenrath\">Schierwaldenrath<\/a><\/span> statt: Am Bahnhof 13, 52538 Gangelt.<\/p>\n\n\n\n<p class=\"wp-block-paragraph\">70 Jahre lang diente die einst 38 km lange<span class=\"hashtag\"> #<a href=\"https:\/\/archiv.schmalspurbahn.de?s=%23Geilenkirchener\">Geilenkirchener<\/a><\/span> Kreisbahnen<span class=\"hashtag\"> #<a href=\"https:\/\/archiv.schmalspurbahn.de?s=%23GKB\">GKB<\/a><\/span> der Erschlie\u00dfung des vorwiegend l\u00e4ndlich gepr\u00e4gten Raumes in Deutschlands westlichster Region, dem Selfkant, und seiner Nachbargebiete. Das Ende dieser<span class=\"hashtag\"> #<a href=\"https:\/\/archiv.schmalspurbahn.de?s=%23meterspurigen\">meterspurigen<\/a><\/span><span class=\"hashtag\"> #<a href=\"https:\/\/archiv.schmalspurbahn.de?s=%23Kleinbahn\">Kleinbahn<\/a><\/span> schien im Jahre 1971, als die Stra\u00dfenkonkurrenz \u00fcberm\u00e4chtig wurde, unweigerlich gekommen, h\u00e4tten nicht zwei Jahre zuvor begeisterte Eisenbahnfreunde den Verein &#8218;Interessengemeinschaft Historischer Schienenverkehr e. V.&#8216; (<a href=\"https:\/\/archiv.schmalspurbahn.de\/?tag=ihs\">#IHS<\/a>) ins Leben gerufen und begonnen, historisch wertvolle<span class=\"hashtag\"> #<a href=\"https:\/\/archiv.schmalspurbahn.de?s=%23Schienenfahrzeuge\">Schienenfahrzeuge<\/a><\/span> \u00fcberall in Deutschland &#8211; oft in letzter Minute &#8211; vor der Verschrottung zu bewahren und auf den Gleisen dieser Bahn zu sammeln, f\u00fcr die damit ein zweites Leben begann. Der letzte noch verbliebene Abschnitt der Strecke von Geilenkirchen-Gillrath nach Gangelt-Schierwaldenrath mit einer L\u00e4nge von 5,5 km wird seit 1972 Museumsbahn unter dem mittlerweile zum Markenzeichen gewordenen Namen \u201eSelfkantbahn\u201c betrieben.<\/p>\n\n\n\n<p class=\"wp-block-paragraph\">Die Selfkantbahner und-Bahnerinnen engagieren sich ehrenamtlich in verschiedenen Bereichen: An erster Stelle beim Betrieb der Museumseisenbahn selbst. Die historische Bahn ist ein Anziehungspunkt f\u00fcr Tagestouristen, Familien und Eisenbahnbegeisterte. Als einzige Eisenbahn in der Region f\u00fchrt sie jedes Wochenende dampfgef\u00fchrte Fahrten nach Fahrplan durch \u2013 und zahlreiche, \u00fcber das Jahr verteilte Sonderveranstaltungen f\u00fcr verschiedene Zielgruppen. \u00dcber die Region hinaus ist die Selfkantbahn bekannt f\u00fcr die museale Sammlung, Aufbewahrung, Aufarbeitung und Pr\u00e4sentation historischer<span class=\"hashtag\"> #<a href=\"https:\/\/archiv.schmalspurbahn.de?s=%23schmalspuriger\">schmalspuriger<\/a><\/span> Eisenbahnfahrzeuge. Die Aufbereitung und Darstellung der Geschichte der<span class=\"hashtag\"> #<a href=\"https:\/\/archiv.schmalspurbahn.de?s=%23schmalspurigen\">schmalspurigen<\/a><\/span> Kleinbahnen ist ein weiterer Arbeitsschwerpunkt. Und die Selfkantbahn betreibt Nachwuchsf\u00f6rderung und die Aus- und Fortbildung der Mitarbeitenden im Betriebsdienst. Schlussendlich ist sie ein Teil der lokalen Vereinskultur und Tr\u00e4ger lokaler Geschichte.<\/p>\n\n\n\n<p class=\"wp-block-paragraph\">Den Mitgliedern bietet sie vielf\u00e4ltige M\u00f6glichkeiten sich einzubringen und die Selfkantbahn mitzugestalten. Sie sorgen in ganz unterschiedlichen Funktionen gemeinsam daf\u00fcr, dass auch in Zukunft Eisenbahnr\u00e4der durch den Selfkant rollen und ein St\u00fcck Vergangenheit quicklebendig bleibt &#8211; und das zusammen mit Menschen, die von ihrer Begeisterung f\u00fcr die liebenswerte Kleinbahn getragen werden.<\/p>\n\n\n\n<p class=\"wp-block-paragraph\">Pressemeldung&nbsp;Selfkantbahn \u2013 Interessengemeinschaft Historischer Schienenverkehr e. V. (IHS),&nbsp;<a href=\"https:\/\/selfkantbahn.de\/\" target=\"_blank\" rel=\"noreferrer noopener\">https:\/\/selfkantbahn.de\/<\/a><\/p>\n","protected":false},"excerpt":{"rendered":"<p>02.09.2023 Zum bundesweiten Tag der #Schiene am Samstag, den 16. September 2023, l\u00e4dt die #Selfkantbahn alle Interessierten herzlich ein, einen Blick hinter die Kulissen zu werfen: Von Gleisbau \u00fcber #Werkstatt, dem #Betriebsdienst auf der #Lok oder im #Zug bis zum Catering \u2013 alles steht offen, um die Selfkantbahn hautnah zu erleben. Dabei haben Besucher die &hellip; <a href=\"https:\/\/archiv.schmalspurbahn.de\/?p=21949\" class=\"more-link\"><span class=\"screen-reader-text\">\u201eTag der Schiene &#8211; Hinter den Kulissen der Selfkantbahn, aus Selfkantbahn\u201c <\/span>weiterlesen<\/a><\/p>\n","protected":false},"author":1,"featured_media":0,"comment_status":"closed","ping_status":"open","sticky":false,"template":"","format":"standard","meta":{"_crdt_document":"","_jetpack_memberships_contains_paid_content":false,"footnotes":"","_share_on_mastodon":"0"},"categories":[2,54],"tags":[4562,1040,767,212,331,630,926,841,329,386,91,643,634,1014,2844,1831,88,536,3277,4563,87,137,106,975],"class_list":["post-21949","post","type-post","status-publish","format-standard","hentry","category-nordrhein-westfalen","category-selfkantbahn","tag-betriebsdienst","tag-dampfzugfahrten","tag-eisenbahngeschichte","tag-gangelt","tag-geilenkirchen","tag-geilenkirchener","tag-gkb","tag-gueterwagen","tag-heinsberg","tag-ihs","tag-kleinbahn","tag-lok","tag-lokomotiven","tag-meterspurigen","tag-schiene","tag-schienenfahrzeuge","tag-schierwaldenrath","tag-schmalspurigen","tag-schmalspuriger","tag-schmalspurromantik","tag-selfkantbahn","tag-triebwagen","tag-werkstatt","tag-zug"],"share_on_mastodon":{"url":"","error":""},"jetpack_featured_media_url":"","jetpack_sharing_enabled":true,"amp_enabled":true,"_links":{"self":[{"href":"https:\/\/archiv.schmalspurbahn.de\/index.php?rest_route=\/wp\/v2\/posts\/21949","targetHints":{"allow":["GET"]}}],"collection":[{"href":"https:\/\/archiv.schmalspurbahn.de\/index.php?rest_route=\/wp\/v2\/posts"}],"about":[{"href":"https:\/\/archiv.schmalspurbahn.de\/index.php?rest_route=\/wp\/v2\/types\/post"}],"author":[{"embeddable":true,"href":"https:\/\/archiv.schmalspurbahn.de\/index.php?rest_route=\/wp\/v2\/users\/1"}],"replies":[{"embeddable":true,"href":"https:\/\/archiv.schmalspurbahn.de\/index.php?rest_route=%2Fwp%2Fv2%2Fcomments&post=21949"}],"version-history":[{"count":1,"href":"https:\/\/archiv.schmalspurbahn.de\/index.php?rest_route=\/wp\/v2\/posts\/21949\/revisions"}],"predecessor-version":[{"id":21950,"href":"https:\/\/archiv.schmalspurbahn.de\/index.php?rest_route=\/wp\/v2\/posts\/21949\/revisions\/21950"}],"wp:attachment":[{"href":"https:\/\/archiv.schmalspurbahn.de\/index.php?rest_route=%2Fwp%2Fv2%2Fmedia&parent=21949"}],"wp:term":[{"taxonomy":"category","embeddable":true,"href":"https:\/\/archiv.schmalspurbahn.de\/index.php?rest_route=%2Fwp%2Fv2%2Fcategories&post=21949"},{"taxonomy":"post_tag","embeddable":true,"href":"https:\/\/archiv.schmalspurbahn.de\/index.php?rest_route=%2Fwp%2Fv2%2Ftags&post=21949"}],"curies":[{"name":"wp","href":"https:\/\/api.w.org\/{rel}","templated":true}]}}