{"id":22119,"date":"2023-12-20T19:35:29","date_gmt":"2023-12-20T18:35:29","guid":{"rendered":"https:\/\/archiv.schmalspurbahn.de\/?p=22119"},"modified":"2023-12-28T19:40:22","modified_gmt":"2023-12-28T18:40:22","slug":"oechsle-saisonbilanz-2023-aus-oechsle","status":"publish","type":"post","link":"https:\/\/archiv.schmalspurbahn.de\/?p=22119","title":{"rendered":"\u00d6chsle: Saisonbilanz 2023, aus \u00d6chsle"},"content":{"rendered":"<div class=\"shariff\"><ul class=\"shariff-buttons theme-default orientation-horizontal buttonsize-medium\"><li class=\"shariff-button facebook shariff-nocustomcolor\" style=\"background-color:#4273c8\"><a href=\"https:\/\/www.facebook.com\/sharer\/sharer.php?u=https%3A%2F%2Farchiv.schmalspurbahn.de%2F%3Fp%3D22119\" title=\"Bei Facebook teilen\" aria-label=\"Bei Facebook teilen\" role=\"button\" rel=\"nofollow\" class=\"shariff-link\" style=\"; background-color:#3b5998; color:#fff\" target=\"_blank\"><span class=\"shariff-icon\" style=\"\"><svg width=\"32px\" height=\"20px\" xmlns=\"http:\/\/www.w3.org\/2000\/svg\" viewBox=\"0 0 18 32\"><path fill=\"#3b5998\" d=\"M17.1 0.2v4.7h-2.8q-1.5 0-2.1 0.6t-0.5 1.9v3.4h5.2l-0.7 5.3h-4.5v13.6h-5.5v-13.6h-4.5v-5.3h4.5v-3.9q0-3.3 1.9-5.2t5-1.8q2.6 0 4.1 0.2z\"\/><\/svg><\/span><span class=\"shariff-text\">teilen<\/span>&nbsp;<\/a><\/li><li class=\"shariff-button linkedin shariff-nocustomcolor\" style=\"background-color:#1488bf\"><a href=\"https:\/\/www.linkedin.com\/sharing\/share-offsite\/?url=https%3A%2F%2Farchiv.schmalspurbahn.de%2F%3Fp%3D22119\" title=\"Bei LinkedIn teilen\" aria-label=\"Bei LinkedIn teilen\" role=\"button\" rel=\"noopener nofollow\" class=\"shariff-link\" style=\"; background-color:#0077b5; color:#fff\" target=\"_blank\"><span class=\"shariff-icon\" style=\"\"><svg width=\"32px\" height=\"20px\" xmlns=\"http:\/\/www.w3.org\/2000\/svg\" viewBox=\"0 0 27 32\"><path fill=\"#0077b5\" d=\"M6.2 11.2v17.7h-5.9v-17.7h5.9zM6.6 5.7q0 1.3-0.9 2.2t-2.4 0.9h0q-1.5 0-2.4-0.9t-0.9-2.2 0.9-2.2 2.4-0.9 2.4 0.9 0.9 2.2zM27.4 18.7v10.1h-5.9v-9.5q0-1.9-0.7-2.9t-2.3-1.1q-1.1 0-1.9 0.6t-1.2 1.5q-0.2 0.5-0.2 1.4v9.9h-5.9q0-7.1 0-11.6t0-5.3l0-0.9h5.9v2.6h0q0.4-0.6 0.7-1t1-0.9 1.6-0.8 2-0.3q3 0 4.9 2t1.9 6z\"\/><\/svg><\/span><span class=\"shariff-text\">teilen<\/span>&nbsp;<\/a><\/li><li class=\"shariff-button mailto shariff-nocustomcolor\" style=\"background-color:#a8a8a8\"><a href=\"mailto:?body=https%3A%2F%2Farchiv.schmalspurbahn.de%2F%3Fp%3D22119&subject=%C3%96chsle%3A%20Saisonbilanz%202023%2C%20aus%20%C3%96chsle\" title=\"Per E-Mail versenden\" aria-label=\"Per E-Mail versenden\" role=\"button\" rel=\"noopener nofollow\" class=\"shariff-link\" style=\"; background-color:#999; color:#fff\"><span class=\"shariff-icon\" style=\"\"><svg width=\"32px\" height=\"20px\" xmlns=\"http:\/\/www.w3.org\/2000\/svg\" viewBox=\"0 0 32 32\"><path fill=\"#999\" d=\"M32 12.7v14.2q0 1.2-0.8 2t-2 0.9h-26.3q-1.2 0-2-0.9t-0.8-2v-14.2q0.8 0.9 1.8 1.6 6.5 4.4 8.9 6.1 1 0.8 1.6 1.2t1.7 0.9 2 0.4h0.1q0.9 0 2-0.4t1.7-0.9 1.6-1.2q3-2.2 8.9-6.1 1-0.7 1.8-1.6zM32 7.4q0 1.4-0.9 2.7t-2.2 2.2q-6.7 4.7-8.4 5.8-0.2 0.1-0.7 0.5t-1 0.7-0.9 0.6-1.1 0.5-0.9 0.2h-0.1q-0.4 0-0.9-0.2t-1.1-0.5-0.9-0.6-1-0.7-0.7-0.5q-1.6-1.1-4.7-3.2t-3.6-2.6q-1.1-0.7-2.1-2t-1-2.5q0-1.4 0.7-2.3t2.1-0.9h26.3q1.2 0 2 0.8t0.9 2z\"\/><\/svg><\/span><span class=\"shariff-text\">E-Mail<\/span>&nbsp;<\/a><\/li><li class=\"shariff-button pocket shariff-nocustomcolor\" style=\"background-color:#444\"><a href=\"https:\/\/getpocket.com\/save?url=https%3A%2F%2Farchiv.schmalspurbahn.de%2F%3Fp%3D22119&title=%C3%96chsle%3A%20Saisonbilanz%202023%2C%20aus%20%C3%96chsle\" title=\"Bei Pocket speichern\" aria-label=\"Bei Pocket speichern\" role=\"button\" rel=\"noopener nofollow\" class=\"shariff-link\" style=\"; background-color:#ff0000; color:#fff\" target=\"_blank\"><span class=\"shariff-icon\" style=\"\"><svg width=\"32px\" height=\"20px\" xmlns=\"http:\/\/www.w3.org\/2000\/svg\" viewBox=\"0 0 27 28\"><path fill=\"#ff0000\" d=\"M24.5 2q1 0 1.7 0.7t0.7 1.7v8.1q0 2.8-1.1 5.3t-2.9 4.3-4.3 2.9-5.2 1.1q-2.7 0-5.2-1.1t-4.3-2.9-2.9-4.3-1.1-5.2v-8.1q0-1 0.7-1.7t1.7-0.7h22zM13.5 18.6q0.7 0 1.3-0.5l6.3-6.1q0.6-0.5 0.6-1.3 0-0.8-0.5-1.3t-1.3-0.5q-0.7 0-1.3 0.5l-5 4.8-5-4.8q-0.5-0.5-1.3-0.5-0.8 0-1.3 0.5t-0.5 1.3q0 0.8 0.6 1.3l6.3 6.1q0.5 0.5 1.3 0.5z\"\/><\/svg><\/span><span class=\"shariff-text\">Pocket<\/span>&nbsp;<\/a><\/li><li class=\"shariff-button rss shariff-nocustomcolor\" style=\"background-color:#ff8c00\"><a href=\"https:\/\/archiv.schmalspurbahn.de\/?feed=rss\" title=\"RSS-feed\" aria-label=\"RSS-feed\" role=\"button\" class=\"shariff-link\" style=\"; background-color:#fe9312; color:#fff\" target=\"_blank\"><span class=\"shariff-icon\" style=\"\"><svg width=\"32px\" height=\"20px\" xmlns=\"http:\/\/www.w3.org\/2000\/svg\" viewBox=\"0 0 32 32\"><path fill=\"#fe9312\" d=\"M4.3 23.5c-2.3 0-4.3 1.9-4.3 4.3 0 2.3 1.9 4.2 4.3 4.2 2.4 0 4.3-1.9 4.3-4.2 0-2.3-1.9-4.3-4.3-4.3zM0 10.9v6.1c4 0 7.7 1.6 10.6 4.4 2.8 2.8 4.4 6.6 4.4 10.6h6.2c0-11.7-9.5-21.1-21.1-21.1zM0 0v6.1c14.2 0 25.8 11.6 25.8 25.9h6.2c0-17.6-14.4-32-32-32z\"\/><\/svg><\/span><span class=\"shariff-text\">RSS-feed<\/span>&nbsp;<\/a><\/li><li class=\"shariff-button tumblr shariff-nocustomcolor\" style=\"background-color:#529ecc\"><a href=\"https:\/\/www.tumblr.com\/widgets\/share\/tool?posttype=link&canonicalUrl=https%3A%2F%2Farchiv.schmalspurbahn.de%2F%3Fp%3D22119&tags=archiv.schmalspurbahn.de\" title=\"Bei tumblr teilen\" aria-label=\"Bei tumblr teilen\" role=\"button\" rel=\"noopener nofollow\" class=\"shariff-link\" style=\"; background-color:#36465d; color:#fff\" target=\"_blank\"><span class=\"shariff-icon\" style=\"\"><svg width=\"32px\" height=\"20px\" xmlns=\"http:\/\/www.w3.org\/2000\/svg\" viewBox=\"0 0 32 32\"><path fill=\"#36465d\" d=\"M18 14l0 7.3c0 1.9 0 2.9 0.2 3.5 0.2 0.5 0.7 1.1 1.2 1.4 0.7 0.4 1.5 0.6 2.4 0.6 1.6 0 2.6-0.2 4.2-1.3v4.8c-1.4 0.6-2.6 1-3.7 1.3-1.1 0.3-2.3 0.4-3.6 0.4-1.5 0-2.3-0.2-3.4-0.6-1.1-0.4-2.1-0.9-2.9-1.6-0.8-0.7-1.3-1.4-1.7-2.2s-0.5-1.9-0.5-3.4v-11.2h-4.3v-4.5c1.3-0.4 2.7-1 3.6-1.8 0.9-0.8 1.6-1.7 2.2-2.7 0.5-1.1 0.9-2.4 1.1-4.1h5.2l0 8h8v6h-8z\"\/><\/svg><\/span><span class=\"shariff-text\">teilen<\/span>&nbsp;<\/a><\/li><li class=\"shariff-button twitter shariff-nocustomcolor\" style=\"background-color:#595959\"><a href=\"https:\/\/twitter.com\/share?url=https%3A%2F%2Farchiv.schmalspurbahn.de%2F%3Fp%3D22119&text=%C3%96chsle%3A%20Saisonbilanz%202023%2C%20aus%20%C3%96chsle\" title=\"Bei X teilen\" aria-label=\"Bei X teilen\" role=\"button\" rel=\"noopener nofollow\" class=\"shariff-link\" style=\"; background-color:#000; color:#fff\" target=\"_blank\"><span class=\"shariff-icon\" style=\"\"><svg width=\"32px\" height=\"20px\" xmlns=\"http:\/\/www.w3.org\/2000\/svg\" viewBox=\"0 0 24 24\"><path fill=\"#000\" d=\"M14.258 10.152L23.176 0h-2.113l-7.747 8.813L7.133 0H0l9.352 13.328L0 23.973h2.113l8.176-9.309 6.531 9.309h7.133zm-2.895 3.293l-.949-1.328L2.875 1.56h3.246l6.086 8.523.945 1.328 7.91 11.078h-3.246zm0 0\"\/><\/svg><\/span><span class=\"shariff-text\">teilen<\/span>&nbsp;<\/a><\/li><li class=\"shariff-button whatsapp shariff-nocustomcolor\" style=\"background-color:#5cbe4a\"><a href=\"https:\/\/api.whatsapp.com\/send?text=https%3A%2F%2Farchiv.schmalspurbahn.de%2F%3Fp%3D22119%20%C3%96chsle%3A%20Saisonbilanz%202023%2C%20aus%20%C3%96chsle\" title=\"Bei Whatsapp teilen\" aria-label=\"Bei Whatsapp teilen\" role=\"button\" rel=\"noopener nofollow\" class=\"shariff-link\" style=\"; background-color:#34af23; color:#fff\" target=\"_blank\"><span class=\"shariff-icon\" style=\"\"><svg width=\"32px\" height=\"20px\" xmlns=\"http:\/\/www.w3.org\/2000\/svg\" viewBox=\"0 0 32 32\"><path fill=\"#34af23\" d=\"M17.6 17.4q0.2 0 1.7 0.8t1.6 0.9q0 0.1 0 0.3 0 0.6-0.3 1.4-0.3 0.7-1.3 1.2t-1.8 0.5q-1 0-3.4-1.1-1.7-0.8-3-2.1t-2.6-3.3q-1.3-1.9-1.3-3.5v-0.1q0.1-1.6 1.3-2.8 0.4-0.4 0.9-0.4 0.1 0 0.3 0t0.3 0q0.3 0 0.5 0.1t0.3 0.5q0.1 0.4 0.6 1.6t0.4 1.3q0 0.4-0.6 1t-0.6 0.8q0 0.1 0.1 0.3 0.6 1.3 1.8 2.4 1 0.9 2.7 1.8 0.2 0.1 0.4 0.1 0.3 0 1-0.9t0.9-0.9zM14 26.9q2.3 0 4.3-0.9t3.6-2.4 2.4-3.6 0.9-4.3-0.9-4.3-2.4-3.6-3.6-2.4-4.3-0.9-4.3 0.9-3.6 2.4-2.4 3.6-0.9 4.3q0 3.6 2.1 6.6l-1.4 4.2 4.3-1.4q2.8 1.9 6.2 1.9zM14 2.2q2.7 0 5.2 1.1t4.3 2.9 2.9 4.3 1.1 5.2-1.1 5.2-2.9 4.3-4.3 2.9-5.2 1.1q-3.5 0-6.5-1.7l-7.4 2.4 2.4-7.2q-1.9-3.2-1.9-6.9 0-2.7 1.1-5.2t2.9-4.3 4.3-2.9 5.2-1.1z\"\/><\/svg><\/span><span class=\"shariff-text\">teilen<\/span>&nbsp;<\/a><\/li><li class=\"shariff-button xing shariff-nocustomcolor\" style=\"background-color:#29888a\"><a href=\"https:\/\/www.xing.com\/spi\/shares\/new?url=https%3A%2F%2Farchiv.schmalspurbahn.de%2F%3Fp%3D22119\" title=\"Bei XING teilen\" aria-label=\"Bei XING teilen\" role=\"button\" rel=\"noopener nofollow\" class=\"shariff-link\" style=\"; background-color:#126567; color:#fff\" target=\"_blank\"><span class=\"shariff-icon\" style=\"\"><svg width=\"32px\" height=\"20px\" xmlns=\"http:\/\/www.w3.org\/2000\/svg\" viewBox=\"0 0 25 32\"><path fill=\"#126567\" d=\"M10.7 11.9q-0.2 0.3-4.6 8.2-0.5 0.8-1.2 0.8h-4.3q-0.4 0-0.5-0.3t0-0.6l4.5-8q0 0 0 0l-2.9-5q-0.2-0.4 0-0.7 0.2-0.3 0.5-0.3h4.3q0.7 0 1.2 0.8zM25.1 0.4q0.2 0.3 0 0.7l-9.4 16.7 6 11q0.2 0.4 0 0.6-0.2 0.3-0.6 0.3h-4.3q-0.7 0-1.2-0.8l-6-11.1q0.3-0.6 9.5-16.8 0.4-0.8 1.2-0.8h4.3q0.4 0 0.5 0.3z\"\/><\/svg><\/span><span class=\"shariff-text\">teilen<\/span>&nbsp;<\/a><\/li><\/ul><\/div>\n<p class=\"wp-block-paragraph\">20.12.2023<\/p>\n\n\n\n<figure class=\"wp-block-embed is-type-wp-embed is-provider-chsle-museumsschmalspurbahn wp-block-embed-chsle-museumsschmalspurbahn\"><div class=\"wp-block-embed__wrapper\">\n<blockquote class=\"wp-embedded-content\" data-secret=\"aROWQvVaeX\"><a href=\"https:\/\/oechsle-bahn.de\/wp\/saisonbilanz-2023\/\">Saisonbilanz 2023<\/a><\/blockquote><iframe loading=\"lazy\" class=\"wp-embedded-content\" sandbox=\"allow-scripts\" security=\"restricted\" style=\"position: absolute; clip: rect(1px, 1px, 1px, 1px);\" title=\"&#8222;Saisonbilanz 2023&#8220; &#8212; \u00d6chsle Museumsschmalspurbahn\" src=\"https:\/\/oechsle-bahn.de\/wp\/saisonbilanz-2023\/embed\/#?secret=TUeznKnCct#?secret=aROWQvVaeX\" data-secret=\"aROWQvVaeX\" width=\"600\" height=\"338\" frameborder=\"0\" marginwidth=\"0\" marginheight=\"0\" scrolling=\"no\"><\/iframe>\n<\/div><\/figure>\n\n\n\n<p class=\"wp-block-paragraph\"><\/p>\n\n\n\n<h1 class=\"wp-block-heading\">\u201eEs ist das Gesamtpaket, das uns erfolgreich macht.\u201c<\/h1>\n\n\n\n<p class=\"wp-block-paragraph\"><strong>Knapp 50.000 Menschen sind in der vergangenen Saison mit der<span class=\"hashtag\"> #<a href=\"https:\/\/archiv.schmalspurbahn.de?s=%23\u00d6chsle-Schmalspurbahn\">\u00d6chsle-Schmalspurbahn<\/a><\/span> gefahren<\/strong><\/p>\n\n\n\n<p class=\"wp-block-paragraph\"><strong>Mit der Nikolausfahrt Anfang Dezember ist die Saison 2023 der<span class=\"hashtag\"> #<a href=\"https:\/\/archiv.schmalspurbahn.de?s=%23\u00d6chsle-Museumsbahn\">\u00d6chsle-Museumsbahn<\/a><\/span> offiziell zu Ende gegangen. Mit mehr als 49.200 Fahrg\u00e4sten hat die<span class=\"hashtag\"> #<a href=\"https:\/\/archiv.schmalspurbahn.de?s=%23Museumsbahn\">Museumsbahn<\/a><\/span> das beste Ergebnis seit 2009 erzielt. Dies hat unterdessen auch Biberachs Landrat Mario Glaser ausdr\u00fccklich gew\u00fcrdigt. \u201eDer anhaltende gro\u00dfe Erfolg unserer \u00d6chsle-Museumsbahn und das gro\u00dfe ehrenamtliche Engagement der<span class=\"hashtag\"> #<a href=\"https:\/\/archiv.schmalspurbahn.de?s=%23\u00d6chsle\">\u00d6chsle<\/a><\/span> Aktiven begeistern mich\u201c. Wir haben beim Vorsitzenden des Vereins, Benny Bechter, und dem Gesch\u00e4ftsf\u00fchrer der \u00d6chsle-Bahn-Betriebs GmbH, Andreas Albinger, nachgefragt, worauf sie diese Zahlen zur\u00fcckf\u00fchren und was sich m\u00f6glicherweise im n\u00e4chsten Jahr \u00e4ndert.<\/strong><\/p>\n\n\n\n<!--more-->\n\n\n\n<p class=\"wp-block-paragraph\"><strong>Was sind die Gr\u00fcnde f\u00fcr diesen gro\u00dfartigen Erfolg?<\/strong><\/p>\n\n\n\n<p class=\"wp-block-paragraph\"><strong>Benny Bechter:<\/strong>\u00a0Wir haben in dieser Saison keine Zugausf\u00e4lle gehabt, trotz Gewittersturm im Juni und Wintereinbruch im November. Alle Z\u00fcge sind planm\u00e4\u00dfig gefahren. Wir haben mehr Menschen in unseren Z\u00fcgen gehabt, obwohl wir nur 61 Fahrtage hatten, also vergleichsweise deutlich weniger als in fr\u00fcheren Jahren. Wir haben mehr als 400 Sitzpl\u00e4tze, einen<span class=\"hashtag\"> #<a href=\"https:\/\/archiv.schmalspurbahn.de?s=%23Sommerwagen,\">Sommerwagen,<\/a><\/span> einen<span class=\"hashtag\"> #<a href=\"https:\/\/archiv.schmalspurbahn.de?s=%23Rollstuhlwagen,\">Rollstuhlwagen,<\/a><\/span> beheizbare Waggons und einen<span class=\"hashtag\"> #<a href=\"https:\/\/archiv.schmalspurbahn.de?s=%23Speisewagen.\">Speisewagen.<\/a><\/span> All das erh\u00f6ht die Attraktivit\u00e4t nat\u00fcrlich. Der beste Fahrtag war im \u00dcbrigen der 1. Oktober mit mehr als 1500 G\u00e4sten.<\/p>\n\n\n\n<p class=\"wp-block-paragraph\"><strong>Andreas Albinger:<\/strong>\u00a0Es ist das Gesamtpaket. Wir bieten den Menschen und insbesondere Familien f\u00fcr relativ wenig Geld ein einmaliges Erlebnis. Neben unserem stilechten und restaurierten Zug bietet die gesamte<span class=\"hashtag\"> #<a href=\"https:\/\/archiv.schmalspurbahn.de?s=%23Eisenbahnstrecke\">Eisenbahnstrecke<\/a><\/span> mit den sch\u00f6nen Bahnh\u00f6fen ein stimmiges Angebot einer historischen Eisenbahn. Wir haben weitere au\u00dfergew\u00f6hnliche Events im Programm gehabt wie den Schussenrieder<span class=\"hashtag\"> #<a href=\"https:\/\/archiv.schmalspurbahn.de?s=%23Hopfenexpress\">Hopfenexpress<\/a><\/span> oder die<span class=\"hashtag\"> #<a href=\"https:\/\/archiv.schmalspurbahn.de?s=%23Bacchus-Fahrt,\">Bacchus-Fahrt,<\/a><\/span> die wir wiederbelebt haben.<br>Schade, dass wir beim<span class=\"hashtag\"> #<a href=\"https:\/\/archiv.schmalspurbahn.de?s=%23Winterdampf\">Winterdampf<\/a><\/span> fast 600 Absagen aufgrund des Wetters hatten, sonst h\u00e4tten wir vielleicht die 50.000er Marke an Fahrg\u00e4sten schon geknackt. Zudem haben wir sehr viel in die Werbung und das Marketing gesteckt. Erstmals gab es neben einer gro\u00dfen Plakataktion in der gesamten Region Kinowerbung. Zudem sind wir regelm\u00e4\u00dfig in den wichtigen Social Media Kan\u00e4len und vielen Zeitungen und Magazinen und nat\u00fcrlich \u00fcber unsere Homepage pr\u00e4sent. Au\u00dferdem wird uns immer wieder von einer Mund-zu-Mund-Propaganda berichtet.<\/p>\n\n\n\n<p class=\"wp-block-paragraph\"><strong>Woher kommen denn die Fahrg\u00e4ste?<\/strong><\/p>\n\n\n\n<p class=\"wp-block-paragraph\"><strong>Benny Bechter:<\/strong>\u00a0In der Regel aus einem Umkreis von 50 Kilometern rund um<span class=\"hashtag\"> #<a href=\"https:\/\/archiv.schmalspurbahn.de?s=%23Warthausen\">Warthausen<\/a><\/span> \u2013 viele aus dem Landkreis<span class=\"hashtag\"> #<a href=\"https:\/\/archiv.schmalspurbahn.de?s=%23Biberach\">Biberach<\/a><\/span> und den angrenzenden Landkreisen. Aber wir haben auch einige Besucher aus Stuttgart oder dem Allg\u00e4u, die \u00fcber Messen zu uns kommen. Manche G\u00e4ste fahren auch mehrmals im Jahr, insbesondere Familien mit Kindern g\u00f6nnen sich dieses Erlebnis h\u00e4ufiger.<\/p>\n\n\n\n<p class=\"wp-block-paragraph\"><strong>Was war besonders toll in diesem Jahr?<\/strong><\/p>\n\n\n\n<p class=\"wp-block-paragraph\"><strong>Andreas Albinger:<\/strong>\u00a0Dass unsere alten und neuen Sonderfahrten so gut angenommen worden sind. Alle Sonderveranstaltungen waren ausverkauft. Es macht uns n\u00e4mlich riesig Spa\u00df,<span class=\"hashtag\"> #<a href=\"https:\/\/archiv.schmalspurbahn.de?s=%23Eisenbahnromantik\">Eisenbahnromantik<\/a><\/span> mit einem Eventcharakter zu verbinden. Aber auch der Regelbetrieb an den Wochenenden ist wieder so gro\u00df wie vor Corona. Dazu kommt nat\u00fcrlich das gro\u00dfe<span class=\"hashtag\"> #<a href=\"https:\/\/archiv.schmalspurbahn.de?s=%23ehrenamtliche\">ehrenamtliche<\/a><\/span> Engagement w\u00e4hrend der Saison, aber auch im Winter, wenn die Z\u00fcge stillstehen. Insgesamt sind da schon mehr als 10.000 Stunden zusammengekommen.<\/p>\n\n\n\n<p class=\"wp-block-paragraph\"><strong>Apropos, was passiert den jetzt in den Wintermonaten?<\/strong><\/p>\n\n\n\n<p class=\"wp-block-paragraph\"><strong>Benny Bechter:<\/strong>&nbsp;Wie in jedem Winter werden wir die Loks und Waggons warten und wenn n\u00f6tig auch reparieren. Da haben wir auch eine Crew von Ehrenamtlichen, die viele Samstage in ihre Leidenschaft \u00d6chsle investieren.<\/p>\n\n\n\n<p class=\"wp-block-paragraph\"><strong>Andreas Albinger:<\/strong>\u00a0Wir k\u00fcmmern uns auch um die historische Lok<span class=\"hashtag\"> #<a href=\"https:\/\/archiv.schmalspurbahn.de?s=%23Rosa\">Rosa<\/a><\/span> 99 716, die mitten in der Hauptuntersuchung steckt und wenn alles klappt, 2025 auch wieder durch die oberschw\u00e4bische H\u00fcgellandschaft dampfen wird.<\/p>\n\n\n\n<p class=\"wp-block-paragraph\"><strong>Ist der Verein weiter gewachsen, ist auch der Erfolg des \u00d6chsle zu sehen?<\/strong><\/p>\n\n\n\n<p class=\"wp-block-paragraph\"><strong>Benny Bechter:<\/strong>\u00a0Auf jeden Fall. Wir haben in diesem Jahr wieder neue Mitglieder dazu bekommen und stehen jetzt bei 390. Davon sind 50 aktive Mitglieder, die sich um alles wie Fahrten,<span class=\"hashtag\"> #<a href=\"https:\/\/archiv.schmalspurbahn.de?s=%23Wartungsarbeiten,\">Wartungsarbeiten,<\/a><\/span> aber auch Marketingma\u00dfnahmen mit gro\u00dfem Engagement k\u00fcmmern.<\/p>\n\n\n\n<p class=\"wp-block-paragraph\"><strong>Was wird sich 2024 \u00e4ndern?<\/strong><\/p>\n\n\n\n<p class=\"wp-block-paragraph\"><strong>Andreas Albinger:<\/strong>\u00a0Wir werden am 29. November 2024 auf den Tag genau 125 Jahre alt, besser gesagt das \u00d6chsle gibt es dann bereits so lang. Anl\u00e4sslich dieses Jubil\u00e4ums werden wir an diesem Tag eine weitere Sonderfahrt anbieten. Es wird auch einen kleinen Festakt in Ochsenhausen geben. Die eigentliche<span class=\"hashtag\"> #<a href=\"https:\/\/archiv.schmalspurbahn.de?s=%23Jubil\u00e4umsfeier\">Jubil\u00e4umsfeier<\/a><\/span> planen wir f\u00fcr 2025 im Rahmen des \u00d6chsle Festes.<\/p>\n\n\n\n<p class=\"wp-block-paragraph\"><strong>Benny Bechter:<\/strong>\u00a0Wir starten 2024 bereits mit einer tollen Sonderfahrt am<span class=\"hashtag\"> #<a href=\"https:\/\/archiv.schmalspurbahn.de?s=%23Dreik\u00f6nigstag.\">Dreik\u00f6nigstag.<\/a><\/span> Unsere Lok 99 633 wird dabei im Einsatz sein. Abfahrt in Warthausen ist um 10.30 Uhr, die R\u00fcckfahrt ab<span class=\"hashtag\"> #<a href=\"https:\/\/archiv.schmalspurbahn.de?s=%23Ochsenhausen\">Ochsenhausen<\/a><\/span> ist f\u00fcr 14 Uhr geplant. So haben die Fahrg\u00e4ste Zeit, die Mittagspause in Ochsenhausen zu verbringen. Am Bahnhof wird es auch eine kleine Bewirtung geben. Zus\u00e4tzlich zu den Sonntagen werden wir auch an allen Feiertagen im kommenden Jahr unsere regul\u00e4ren Fahrten anbieten. Alle Fahrten, also das komplette Programm f\u00fcr die neue Saison, die wie gewohnt am 1. Mai 2024 starten wird, stehen bereits auf der Homepage\u00a0<a href=\"https:\/\/oechsle-bahn.de\/\">oechsle-bahn.de<\/a>\u00a0online und sind buchbar.<\/p>\n","protected":false},"excerpt":{"rendered":"<p>20.12.2023 \u201eEs ist das Gesamtpaket, das uns erfolgreich macht.\u201c Knapp 50.000 Menschen sind in der vergangenen Saison mit der #\u00d6chsle-Schmalspurbahn gefahren Mit der Nikolausfahrt Anfang Dezember ist die Saison 2023 der #\u00d6chsle-Museumsbahn offiziell zu Ende gegangen. Mit mehr als 49.200 Fahrg\u00e4sten hat die #Museumsbahn das beste Ergebnis seit 2009 erzielt. Dies hat unterdessen auch Biberachs &hellip; <a href=\"https:\/\/archiv.schmalspurbahn.de\/?p=22119\" class=\"more-link\"><span class=\"screen-reader-text\">\u201e\u00d6chsle: Saisonbilanz 2023, aus \u00d6chsle\u201c <\/span>weiterlesen<\/a><\/p>\n","protected":false},"author":1,"featured_media":0,"comment_status":"closed","ping_status":"open","sticky":false,"template":"","format":"standard","meta":{"_crdt_document":"","_jetpack_memberships_contains_paid_content":false,"footnotes":"","_share_on_mastodon":"0"},"categories":[6,52],"tags":[4744,892,889,1321,876,976,4407,4746,118,116,117,4743,1243,3286,1206,153,4046,4745],"class_list":["post-22119","post","type-post","status-publish","format-standard","hentry","category-baden-wuerttemberg","category-oechsle","tag-bacchus","tag-biberach","tag-dreikoenigstag","tag-ehrenamtliche","tag-eisenbahnromantik","tag-eisenbahnstrecke","tag-hopfenexpress","tag-jubilaeumsfeier","tag-museumsbahn","tag-ochsenhausen","tag-oechsle","tag-rollstuhlwagen","tag-rosa","tag-sommerwagen","tag-speisewagen","tag-warthausen","tag-wartungsarbeiten","tag-winterdampf"],"share_on_mastodon":{"url":"https:\/\/berlin.social\/@Berlinerschmalspurbahner\/111659504178910158","error":""},"jetpack_featured_media_url":"","jetpack_sharing_enabled":true,"amp_enabled":true,"_links":{"self":[{"href":"https:\/\/archiv.schmalspurbahn.de\/index.php?rest_route=\/wp\/v2\/posts\/22119","targetHints":{"allow":["GET"]}}],"collection":[{"href":"https:\/\/archiv.schmalspurbahn.de\/index.php?rest_route=\/wp\/v2\/posts"}],"about":[{"href":"https:\/\/archiv.schmalspurbahn.de\/index.php?rest_route=\/wp\/v2\/types\/post"}],"author":[{"embeddable":true,"href":"https:\/\/archiv.schmalspurbahn.de\/index.php?rest_route=\/wp\/v2\/users\/1"}],"replies":[{"embeddable":true,"href":"https:\/\/archiv.schmalspurbahn.de\/index.php?rest_route=%2Fwp%2Fv2%2Fcomments&post=22119"}],"version-history":[{"count":1,"href":"https:\/\/archiv.schmalspurbahn.de\/index.php?rest_route=\/wp\/v2\/posts\/22119\/revisions"}],"predecessor-version":[{"id":22120,"href":"https:\/\/archiv.schmalspurbahn.de\/index.php?rest_route=\/wp\/v2\/posts\/22119\/revisions\/22120"}],"wp:attachment":[{"href":"https:\/\/archiv.schmalspurbahn.de\/index.php?rest_route=%2Fwp%2Fv2%2Fmedia&parent=22119"}],"wp:term":[{"taxonomy":"category","embeddable":true,"href":"https:\/\/archiv.schmalspurbahn.de\/index.php?rest_route=%2Fwp%2Fv2%2Fcategories&post=22119"},{"taxonomy":"post_tag","embeddable":true,"href":"https:\/\/archiv.schmalspurbahn.de\/index.php?rest_route=%2Fwp%2Fv2%2Ftags&post=22119"}],"curies":[{"name":"wp","href":"https:\/\/api.w.org\/{rel}","templated":true}]}}