{"id":245,"date":"2013-07-19T05:27:00","date_gmt":"2013-07-19T05:27:00","guid":{"rendered":"http:\/\/archiv.schmalspurbahn.de\/?p=245"},"modified":"2020-08-18T11:42:18","modified_gmt":"2020-08-18T09:42:18","slug":"schmale-spur-grosses-jubilaeum-130-jahre-dampf-im-rabenauer-grund-am-dritten-juli-wochenende-laedt-die-weisseritztalbahn-zum-festival","status":"publish","type":"post","link":"https:\/\/archiv.schmalspurbahn.de\/?p=245","title":{"rendered":"Schmale Spur \u2013 Gro\u00dfes Jubil\u00e4um: 130 Jahre Dampf im Rabenauer Grund Am dritten Juli-Wochenende l\u00e4dt die Wei\u00dferitztalbahn zum Festival"},"content":{"rendered":"<div class=\"shariff\"><ul class=\"shariff-buttons theme-default orientation-horizontal buttonsize-medium\"><li class=\"shariff-button facebook shariff-nocustomcolor\" style=\"background-color:#4273c8\"><a href=\"https:\/\/www.facebook.com\/sharer\/sharer.php?u=https%3A%2F%2Farchiv.schmalspurbahn.de%2F%3Fp%3D245\" title=\"Bei Facebook teilen\" aria-label=\"Bei Facebook teilen\" role=\"button\" rel=\"nofollow\" class=\"shariff-link\" style=\"; background-color:#3b5998; color:#fff\" target=\"_blank\"><span class=\"shariff-icon\" style=\"\"><svg width=\"32px\" height=\"20px\" xmlns=\"http:\/\/www.w3.org\/2000\/svg\" viewBox=\"0 0 18 32\"><path fill=\"#3b5998\" d=\"M17.1 0.2v4.7h-2.8q-1.5 0-2.1 0.6t-0.5 1.9v3.4h5.2l-0.7 5.3h-4.5v13.6h-5.5v-13.6h-4.5v-5.3h4.5v-3.9q0-3.3 1.9-5.2t5-1.8q2.6 0 4.1 0.2z\"\/><\/svg><\/span><span class=\"shariff-text\">teilen<\/span>&nbsp;<\/a><\/li><li class=\"shariff-button linkedin shariff-nocustomcolor\" style=\"background-color:#1488bf\"><a href=\"https:\/\/www.linkedin.com\/sharing\/share-offsite\/?url=https%3A%2F%2Farchiv.schmalspurbahn.de%2F%3Fp%3D245\" title=\"Bei LinkedIn teilen\" aria-label=\"Bei LinkedIn teilen\" role=\"button\" rel=\"noopener nofollow\" class=\"shariff-link\" style=\"; background-color:#0077b5; color:#fff\" target=\"_blank\"><span class=\"shariff-icon\" style=\"\"><svg width=\"32px\" height=\"20px\" xmlns=\"http:\/\/www.w3.org\/2000\/svg\" viewBox=\"0 0 27 32\"><path fill=\"#0077b5\" d=\"M6.2 11.2v17.7h-5.9v-17.7h5.9zM6.6 5.7q0 1.3-0.9 2.2t-2.4 0.9h0q-1.5 0-2.4-0.9t-0.9-2.2 0.9-2.2 2.4-0.9 2.4 0.9 0.9 2.2zM27.4 18.7v10.1h-5.9v-9.5q0-1.9-0.7-2.9t-2.3-1.1q-1.1 0-1.9 0.6t-1.2 1.5q-0.2 0.5-0.2 1.4v9.9h-5.9q0-7.1 0-11.6t0-5.3l0-0.9h5.9v2.6h0q0.4-0.6 0.7-1t1-0.9 1.6-0.8 2-0.3q3 0 4.9 2t1.9 6z\"\/><\/svg><\/span><span class=\"shariff-text\">teilen<\/span>&nbsp;<\/a><\/li><li class=\"shariff-button mailto shariff-nocustomcolor\" style=\"background-color:#a8a8a8\"><a href=\"mailto:?body=https%3A%2F%2Farchiv.schmalspurbahn.de%2F%3Fp%3D245&subject=Schmale%20Spur%20%E2%80%93%20Gro%C3%9Fes%20Jubil%C3%A4um%3A%20130%20Jahre%20Dampf%20im%20Rabenauer%20Grund%20Am%20dritten%20Juli-Wochenende%20l%C3%A4dt%20die%20Wei%C3%9Feritztalbahn%20zum%20Festival\" title=\"Per E-Mail versenden\" aria-label=\"Per E-Mail versenden\" role=\"button\" rel=\"noopener nofollow\" class=\"shariff-link\" style=\"; background-color:#999; color:#fff\"><span class=\"shariff-icon\" style=\"\"><svg width=\"32px\" height=\"20px\" xmlns=\"http:\/\/www.w3.org\/2000\/svg\" viewBox=\"0 0 32 32\"><path fill=\"#999\" d=\"M32 12.7v14.2q0 1.2-0.8 2t-2 0.9h-26.3q-1.2 0-2-0.9t-0.8-2v-14.2q0.8 0.9 1.8 1.6 6.5 4.4 8.9 6.1 1 0.8 1.6 1.2t1.7 0.9 2 0.4h0.1q0.9 0 2-0.4t1.7-0.9 1.6-1.2q3-2.2 8.9-6.1 1-0.7 1.8-1.6zM32 7.4q0 1.4-0.9 2.7t-2.2 2.2q-6.7 4.7-8.4 5.8-0.2 0.1-0.7 0.5t-1 0.7-0.9 0.6-1.1 0.5-0.9 0.2h-0.1q-0.4 0-0.9-0.2t-1.1-0.5-0.9-0.6-1-0.7-0.7-0.5q-1.6-1.1-4.7-3.2t-3.6-2.6q-1.1-0.7-2.1-2t-1-2.5q0-1.4 0.7-2.3t2.1-0.9h26.3q1.2 0 2 0.8t0.9 2z\"\/><\/svg><\/span><span class=\"shariff-text\">E-Mail<\/span>&nbsp;<\/a><\/li><li class=\"shariff-button pocket shariff-nocustomcolor\" style=\"background-color:#444\"><a href=\"https:\/\/getpocket.com\/save?url=https%3A%2F%2Farchiv.schmalspurbahn.de%2F%3Fp%3D245&title=Schmale%20Spur%20%E2%80%93%20Gro%C3%9Fes%20Jubil%C3%A4um%3A%20130%20Jahre%20Dampf%20im%20Rabenauer%20Grund%20Am%20dritten%20Juli-Wochenende%20l%C3%A4dt%20die%20Wei%C3%9Feritztalbahn%20zum%20Festival\" title=\"Bei Pocket speichern\" aria-label=\"Bei Pocket speichern\" role=\"button\" rel=\"noopener nofollow\" class=\"shariff-link\" style=\"; background-color:#ff0000; color:#fff\" target=\"_blank\"><span class=\"shariff-icon\" style=\"\"><svg width=\"32px\" height=\"20px\" xmlns=\"http:\/\/www.w3.org\/2000\/svg\" viewBox=\"0 0 27 28\"><path fill=\"#ff0000\" d=\"M24.5 2q1 0 1.7 0.7t0.7 1.7v8.1q0 2.8-1.1 5.3t-2.9 4.3-4.3 2.9-5.2 1.1q-2.7 0-5.2-1.1t-4.3-2.9-2.9-4.3-1.1-5.2v-8.1q0-1 0.7-1.7t1.7-0.7h22zM13.5 18.6q0.7 0 1.3-0.5l6.3-6.1q0.6-0.5 0.6-1.3 0-0.8-0.5-1.3t-1.3-0.5q-0.7 0-1.3 0.5l-5 4.8-5-4.8q-0.5-0.5-1.3-0.5-0.8 0-1.3 0.5t-0.5 1.3q0 0.8 0.6 1.3l6.3 6.1q0.5 0.5 1.3 0.5z\"\/><\/svg><\/span><span class=\"shariff-text\">Pocket<\/span>&nbsp;<\/a><\/li><li class=\"shariff-button rss shariff-nocustomcolor\" style=\"background-color:#ff8c00\"><a href=\"https:\/\/archiv.schmalspurbahn.de\/?feed=rss\" title=\"RSS-feed\" aria-label=\"RSS-feed\" role=\"button\" class=\"shariff-link\" style=\"; background-color:#fe9312; color:#fff\" target=\"_blank\"><span class=\"shariff-icon\" style=\"\"><svg width=\"32px\" height=\"20px\" xmlns=\"http:\/\/www.w3.org\/2000\/svg\" viewBox=\"0 0 32 32\"><path fill=\"#fe9312\" d=\"M4.3 23.5c-2.3 0-4.3 1.9-4.3 4.3 0 2.3 1.9 4.2 4.3 4.2 2.4 0 4.3-1.9 4.3-4.2 0-2.3-1.9-4.3-4.3-4.3zM0 10.9v6.1c4 0 7.7 1.6 10.6 4.4 2.8 2.8 4.4 6.6 4.4 10.6h6.2c0-11.7-9.5-21.1-21.1-21.1zM0 0v6.1c14.2 0 25.8 11.6 25.8 25.9h6.2c0-17.6-14.4-32-32-32z\"\/><\/svg><\/span><span class=\"shariff-text\">RSS-feed<\/span>&nbsp;<\/a><\/li><li class=\"shariff-button tumblr shariff-nocustomcolor\" style=\"background-color:#529ecc\"><a href=\"https:\/\/www.tumblr.com\/widgets\/share\/tool?posttype=link&canonicalUrl=https%3A%2F%2Farchiv.schmalspurbahn.de%2F%3Fp%3D245&tags=archiv.schmalspurbahn.de\" title=\"Bei tumblr teilen\" aria-label=\"Bei tumblr teilen\" role=\"button\" rel=\"noopener nofollow\" class=\"shariff-link\" style=\"; background-color:#36465d; color:#fff\" target=\"_blank\"><span class=\"shariff-icon\" style=\"\"><svg width=\"32px\" height=\"20px\" xmlns=\"http:\/\/www.w3.org\/2000\/svg\" viewBox=\"0 0 32 32\"><path fill=\"#36465d\" d=\"M18 14l0 7.3c0 1.9 0 2.9 0.2 3.5 0.2 0.5 0.7 1.1 1.2 1.4 0.7 0.4 1.5 0.6 2.4 0.6 1.6 0 2.6-0.2 4.2-1.3v4.8c-1.4 0.6-2.6 1-3.7 1.3-1.1 0.3-2.3 0.4-3.6 0.4-1.5 0-2.3-0.2-3.4-0.6-1.1-0.4-2.1-0.9-2.9-1.6-0.8-0.7-1.3-1.4-1.7-2.2s-0.5-1.9-0.5-3.4v-11.2h-4.3v-4.5c1.3-0.4 2.7-1 3.6-1.8 0.9-0.8 1.6-1.7 2.2-2.7 0.5-1.1 0.9-2.4 1.1-4.1h5.2l0 8h8v6h-8z\"\/><\/svg><\/span><span class=\"shariff-text\">teilen<\/span>&nbsp;<\/a><\/li><li class=\"shariff-button twitter shariff-nocustomcolor\" style=\"background-color:#595959\"><a href=\"https:\/\/twitter.com\/share?url=https%3A%2F%2Farchiv.schmalspurbahn.de%2F%3Fp%3D245&text=Schmale%20Spur%20%E2%80%93%20Gro%C3%9Fes%20Jubil%C3%A4um%3A%20130%20Jahre%20Dampf%20im%20Rabenauer%20Grund%20Am%20dritten%20Juli-Wochenende%20l%C3%A4dt%20die%20Wei%C3%9Feritztalbahn%20zum%20Festival\" title=\"Bei X teilen\" aria-label=\"Bei X teilen\" role=\"button\" rel=\"noopener nofollow\" class=\"shariff-link\" style=\"; background-color:#000; color:#fff\" target=\"_blank\"><span class=\"shariff-icon\" style=\"\"><svg width=\"32px\" height=\"20px\" xmlns=\"http:\/\/www.w3.org\/2000\/svg\" viewBox=\"0 0 24 24\"><path fill=\"#000\" d=\"M14.258 10.152L23.176 0h-2.113l-7.747 8.813L7.133 0H0l9.352 13.328L0 23.973h2.113l8.176-9.309 6.531 9.309h7.133zm-2.895 3.293l-.949-1.328L2.875 1.56h3.246l6.086 8.523.945 1.328 7.91 11.078h-3.246zm0 0\"\/><\/svg><\/span><span class=\"shariff-text\">teilen<\/span>&nbsp;<\/a><\/li><li class=\"shariff-button whatsapp shariff-nocustomcolor\" style=\"background-color:#5cbe4a\"><a href=\"https:\/\/api.whatsapp.com\/send?text=https%3A%2F%2Farchiv.schmalspurbahn.de%2F%3Fp%3D245%20Schmale%20Spur%20%E2%80%93%20Gro%C3%9Fes%20Jubil%C3%A4um%3A%20130%20Jahre%20Dampf%20im%20Rabenauer%20Grund%20Am%20dritten%20Juli-Wochenende%20l%C3%A4dt%20die%20Wei%C3%9Feritztalbahn%20zum%20Festival\" title=\"Bei Whatsapp teilen\" aria-label=\"Bei Whatsapp teilen\" role=\"button\" rel=\"noopener nofollow\" class=\"shariff-link\" style=\"; background-color:#34af23; color:#fff\" target=\"_blank\"><span class=\"shariff-icon\" style=\"\"><svg width=\"32px\" height=\"20px\" xmlns=\"http:\/\/www.w3.org\/2000\/svg\" viewBox=\"0 0 32 32\"><path fill=\"#34af23\" d=\"M17.6 17.4q0.2 0 1.7 0.8t1.6 0.9q0 0.1 0 0.3 0 0.6-0.3 1.4-0.3 0.7-1.3 1.2t-1.8 0.5q-1 0-3.4-1.1-1.7-0.8-3-2.1t-2.6-3.3q-1.3-1.9-1.3-3.5v-0.1q0.1-1.6 1.3-2.8 0.4-0.4 0.9-0.4 0.1 0 0.3 0t0.3 0q0.3 0 0.5 0.1t0.3 0.5q0.1 0.4 0.6 1.6t0.4 1.3q0 0.4-0.6 1t-0.6 0.8q0 0.1 0.1 0.3 0.6 1.3 1.8 2.4 1 0.9 2.7 1.8 0.2 0.1 0.4 0.1 0.3 0 1-0.9t0.9-0.9zM14 26.9q2.3 0 4.3-0.9t3.6-2.4 2.4-3.6 0.9-4.3-0.9-4.3-2.4-3.6-3.6-2.4-4.3-0.9-4.3 0.9-3.6 2.4-2.4 3.6-0.9 4.3q0 3.6 2.1 6.6l-1.4 4.2 4.3-1.4q2.8 1.9 6.2 1.9zM14 2.2q2.7 0 5.2 1.1t4.3 2.9 2.9 4.3 1.1 5.2-1.1 5.2-2.9 4.3-4.3 2.9-5.2 1.1q-3.5 0-6.5-1.7l-7.4 2.4 2.4-7.2q-1.9-3.2-1.9-6.9 0-2.7 1.1-5.2t2.9-4.3 4.3-2.9 5.2-1.1z\"\/><\/svg><\/span><span class=\"shariff-text\">teilen<\/span>&nbsp;<\/a><\/li><li class=\"shariff-button xing shariff-nocustomcolor\" style=\"background-color:#29888a\"><a href=\"https:\/\/www.xing.com\/spi\/shares\/new?url=https%3A%2F%2Farchiv.schmalspurbahn.de%2F%3Fp%3D245\" title=\"Bei XING teilen\" aria-label=\"Bei XING teilen\" role=\"button\" rel=\"noopener nofollow\" class=\"shariff-link\" style=\"; background-color:#126567; color:#fff\" target=\"_blank\"><span class=\"shariff-icon\" style=\"\"><svg width=\"32px\" height=\"20px\" xmlns=\"http:\/\/www.w3.org\/2000\/svg\" viewBox=\"0 0 25 32\"><path fill=\"#126567\" d=\"M10.7 11.9q-0.2 0.3-4.6 8.2-0.5 0.8-1.2 0.8h-4.3q-0.4 0-0.5-0.3t0-0.6l4.5-8q0 0 0 0l-2.9-5q-0.2-0.4 0-0.7 0.2-0.3 0.5-0.3h4.3q0.7 0 1.2 0.8zM25.1 0.4q0.2 0.3 0 0.7l-9.4 16.7 6 11q0.2 0.4 0 0.6-0.2 0.3-0.6 0.3h-4.3q-0.7 0-1.2-0.8l-6-11.1q0.3-0.6 9.5-16.8 0.4-0.8 1.2-0.8h4.3q0.4 0 0.5 0.3z\"\/><\/svg><\/span><span class=\"shariff-text\">teilen<\/span>&nbsp;<\/a><\/li><\/ul><\/div><p>www.weisseritztalbahn.com und www.vvo-online.de  <\/p>\n<div><a href=\"http:\/\/3.bp.blogspot.com\/-yd1zRgPdfr4\/UejOJsbmUjI\/AAAAAAAAW1c\/LgYPJpchGR8\/s1600\/imm071_8A-1_gedreht.jpg\" imageanchor=\"1\"><img decoding=\"async\" border=\"0\" src=\"http:\/\/3.bp.blogspot.com\/-yd1zRgPdfr4\/UejOJsbmUjI\/AAAAAAAAW1c\/LgYPJpchGR8\/s320\/imm071_8A-1_gedreht.jpg\"><\/a><\/div>\n<p> \u201eZum 130sten Geburtstag legen wir in diesem Jahr noch eine Schippe drauf\u201c, unterstrich Gabriele Clauss, Marketingleiterin des Verkehrsverbundes Oberelbe (VVO) heute in Freital bei der Vorstellung des Programms zum Schmalspurbahn- Festival auf der Wei\u00dferitztalbahn. \u201eF\u00fcr Deutschlands dienst\u00e4lteste Schmalspurbahn haben die S\u00e4chsische Dampfeisenbahn, die IG Wei\u00dferitztalbahn, viele Partner und wir ein buntes Programm gestaltet. Wir m\u00f6chten ein Fest f\u00fcr die ganze Familie anbieten.\u201c Nach den erfolgreichen Veranstaltungen in den vergangenen vier Jahren mit jeweils 8.000 bis 11.000 Besuchern erwarten die Veranstalter auch 2013 regen Betrieb auf und rund um die schmale Spur. In diesem Jahr steht das Festwochenende am 20. und 21. Juli ganz unter dem Motto \u201e130 Jahre Wei\u00dferitztalbahn\u201c. Den Besuchern bieten sich zwei abwechslungsreiche Tage entlang der 15 Kilometer langen Strecke: Einige Z\u00fcge sind mit historischen Wagengarnituren unterwegs. \u201eInsgesamt stehen am gesamten Festwochenende vier Lokomotiven unter Dampf: Je zwei Loks der Gattungen IV K und VII K ziehen die Wagen durch den Rabenauer Grund\u201c, erg\u00e4nzte Mirko Fro\u00df, stellvertretender Betriebsleiter der SDG. Die Z\u00fcge pendeln zwischen den Veranstaltungsorten Freital-Hainsberg, Freital-Co\u00dfmannsdorf, Spechtritz, Seifersdorf, Malter und Dippoldiswalde. Start des Festivals ist am Sonnabend um 10.00 Uhr auf dem Bahnhof Freital-Hainsberg. Dann hei\u00dft es Einsteigen und sich auf die 750 mm breite Spur begeben, beispielsweise im Cabrio- Wagen, der Platz f\u00fcr 30 Fahrg\u00e4ste bietet. \u201eIn diesem Jahr fahren die Old Boys aus Tschechien erstmals in vier Z\u00fcgen mit\u201c, erl\u00e4uterte Gabriele Clauss. \u201eSo kommen die Besucher mit Dixie und Dampf von Station zu Station.\u201c An vielen Bahnh\u00f6fen und Haltepunkten laden Angebote zum Aussteigen und Verweilen ein. So ist das Gel\u00e4nde am Hainsberger Bahnhof Drehund Angelpunkt des Festivals. Am Samstagnachmittag steht hier Achim Mentzel auf der B\u00fchne, am Sonntag Peter Tschernig. Zus\u00e4tzlich sorgen die \u201ePoisentaler Blasmusikanten\u201c, \u201eCharlies Mannen\u201c und die \u201eDraufg\u00e4nger Guggis\u201c f\u00fcr Stimmung. Kinder kommen bei Ballonmodellage, Kinderschminken und dem Spielebahnhof auf ihre Kosten. Ein Blick in den Festflyer l\u00e4sst ahnen, dass die Besucher auch entlang der Strecke die Qual der Wahl haben: \u2022 Die Grillweltmeister laden in Freital-Co\u00dfmannsdorf zum Barbecue in den Wei\u00dferitzpark. \u2022 Die j\u00fcngsten G\u00e4ste k\u00f6nnen in Spechtritz Lamas hautnah erleben und in Seifersdorf eine kleine Pr\u00e4sentation von Eisenbahnfahrzeugen f\u00fcr einen l\u00e4ngeren Stopp nutzen. \u2022 An der Endstation in Dippoldiswalde herrscht an beiden Festtagen buntes Markttreiben, umrahmt vom Kinderfest und musikalischer Unterhaltung \u2022 Eine gef\u00fchrte Wanderung von Spechtritz zur Talsperre Malter am Sonntag um 12.45 Uhr l\u00e4sst den Erholungssuchenden Neues entdecken. \u201eNach dem Juni-Hochwasser sind noch nicht alle Wege wieder passierbar, aber f\u00fcr die Wanderung hat die G\u00e4stef\u00fchrerin eine wunderbare Alternative gefunden\u201c, sagte Gabriele Clauss. \u201eEin besonderer H\u00f6hepunkt ist in diesem Jahr nat\u00fcrlich auch der Geburtstag der Talsperre Malter. Konzerte, Partys und Events rund um den See laden zum Ausflug ein und die Schmalspurbahn bringt alle Besucher sicher hin und auch wieder zur\u00fcck.\u201c Neben dem traditionellen Zug zum H\u00f6henfeuerwerk am Samstagabend hat der VVO \u00fcber das gesamte Festwochenende zus\u00e4tzlich 30 Z\u00fcge bestellt, die auch die Nachtschw\u00e4rmer ab Malter wieder nach Hause fahren. \u201eSo ist das Fest besonders auch in diesem Jahr ein Angebot f\u00fcr alle: Vom Partyg\u00e4nger bis zur Familie\u201c, unterstreicht Mirko Fro\u00df. \u201eDarum fahren auch in diesem Jahr Kinder in Begleitung eines Erwachsenen kostenfrei.\u201c Anreisetipps zum Festgel\u00e4nde Das Festgel\u00e4nde am Bahnhof Freital-Hainsberg erreichen Sie mit der Regionalbahn RB 30 und der S-Bahn-Linie S 3 aus Richtung Dresden, Chemnitz und Tharandt. Dar\u00fcber hinaus wird der Bahnhof von der Freitaler Stadtbuslinie A und der Regionalbuslinie 348 angefahren. Programm-Infos auf einen Blick Das komplette Programm sowie die Anreisetipps gibt es im Flyer zum Schmalspurbahn-Festival, der kostenfrei bei der SDG, beim VVO und im Internet unter www.weisseritztalbahn.com und www.vvo-online.de bestellt oder heruntergeladen werden kann. Weitere Informationen erhalten Sie bei: Mirko Fro\u00df Christian Schlemper Leiter Infrastruktur Pressesprecher SDG VVO Telefon: 035207\/89 29-0 Telefon: 0351\/852 65 12 Internet: www.weisseritztalbahn.com Internet: www.vvo-online.de<\/p>\n","protected":false},"excerpt":{"rendered":"<p>www.weisseritztalbahn.com und www.vvo-online.de \u201eZum 130sten Geburtstag legen wir in diesem Jahr noch eine Schippe drauf\u201c, unterstrich Gabriele Clauss, Marketingleiterin des Verkehrsverbundes Oberelbe (VVO) heute in Freital bei der Vorstellung des Programms zum Schmalspurbahn- Festival auf der Wei\u00dferitztalbahn. \u201eF\u00fcr Deutschlands dienst\u00e4lteste Schmalspurbahn haben die S\u00e4chsische Dampfeisenbahn, die IG Wei\u00dferitztalbahn, viele Partner und wir ein buntes Programm &hellip; <a href=\"https:\/\/archiv.schmalspurbahn.de\/?p=245\" class=\"more-link\"><span class=\"screen-reader-text\">\u201eSchmale Spur \u2013 Gro\u00dfes Jubil\u00e4um: 130 Jahre Dampf im Rabenauer Grund Am dritten Juli-Wochenende l\u00e4dt die Wei\u00dferitztalbahn zum Festival\u201c <\/span>weiterlesen<\/a><\/p>\n","protected":false},"author":1,"featured_media":4392,"comment_status":"open","ping_status":"open","sticky":false,"template":"","format":"standard","meta":{"_crdt_document":"","_jetpack_memberships_contains_paid_content":false,"footnotes":"","_share_on_mastodon":"0"},"categories":[7],"tags":[],"class_list":["post-245","post","type-post","status-publish","format-standard","has-post-thumbnail","hentry","category-sachsen"],"share_on_mastodon":{"url":"","error":""},"jetpack_featured_media_url":"","jetpack_sharing_enabled":true,"amp_enabled":true,"_links":{"self":[{"href":"https:\/\/archiv.schmalspurbahn.de\/index.php?rest_route=\/wp\/v2\/posts\/245","targetHints":{"allow":["GET"]}}],"collection":[{"href":"https:\/\/archiv.schmalspurbahn.de\/index.php?rest_route=\/wp\/v2\/posts"}],"about":[{"href":"https:\/\/archiv.schmalspurbahn.de\/index.php?rest_route=\/wp\/v2\/types\/post"}],"author":[{"embeddable":true,"href":"https:\/\/archiv.schmalspurbahn.de\/index.php?rest_route=\/wp\/v2\/users\/1"}],"replies":[{"embeddable":true,"href":"https:\/\/archiv.schmalspurbahn.de\/index.php?rest_route=%2Fwp%2Fv2%2Fcomments&post=245"}],"version-history":[{"count":1,"href":"https:\/\/archiv.schmalspurbahn.de\/index.php?rest_route=\/wp\/v2\/posts\/245\/revisions"}],"predecessor-version":[{"id":19835,"href":"https:\/\/archiv.schmalspurbahn.de\/index.php?rest_route=\/wp\/v2\/posts\/245\/revisions\/19835"}],"wp:featuredmedia":[{"embeddable":true,"href":"https:\/\/archiv.schmalspurbahn.de\/index.php?rest_route=\/"}],"wp:attachment":[{"href":"https:\/\/archiv.schmalspurbahn.de\/index.php?rest_route=%2Fwp%2Fv2%2Fmedia&parent=245"}],"wp:term":[{"taxonomy":"category","embeddable":true,"href":"https:\/\/archiv.schmalspurbahn.de\/index.php?rest_route=%2Fwp%2Fv2%2Fcategories&post=245"},{"taxonomy":"post_tag","embeddable":true,"href":"https:\/\/archiv.schmalspurbahn.de\/index.php?rest_route=%2Fwp%2Fv2%2Ftags&post=245"}],"curies":[{"name":"wp","href":"https:\/\/api.w.org\/{rel}","templated":true}]}}