{"id":709,"date":"2010-03-15T20:23:00","date_gmt":"2010-03-15T20:23:00","guid":{"rendered":"http:\/\/archiv.schmalspurbahn.de\/?p=709"},"modified":"2010-03-15T20:23:00","modified_gmt":"2010-03-15T20:23:00","slug":"parkeisenbahn-auf-in-die-saison-2010-zahlreiche-veranstaltungen-erwarten-die-besucher-2010-bei-berlins-kleinster-eisenbahn","status":"publish","type":"post","link":"https:\/\/archiv.schmalspurbahn.de\/?p=709","title":{"rendered":"Parkeisenbahn: Auf in die Saison 2010&#8230; Zahlreiche Veranstaltungen erwarten die Besucher 2010 bei Berlins kleinster Eisenbahn"},"content":{"rendered":"<div class=\"shariff\"><ul class=\"shariff-buttons theme-default orientation-horizontal buttonsize-medium\"><li class=\"shariff-button facebook shariff-nocustomcolor\" style=\"background-color:#4273c8\"><a href=\"https:\/\/www.facebook.com\/sharer\/sharer.php?u=https%3A%2F%2Farchiv.schmalspurbahn.de%2F%3Fp%3D709\" title=\"Bei Facebook teilen\" aria-label=\"Bei Facebook teilen\" role=\"button\" rel=\"nofollow\" class=\"shariff-link\" style=\"; background-color:#3b5998; color:#fff\" target=\"_blank\"><span class=\"shariff-icon\" style=\"\"><svg width=\"32px\" height=\"20px\" xmlns=\"http:\/\/www.w3.org\/2000\/svg\" viewBox=\"0 0 18 32\"><path fill=\"#3b5998\" d=\"M17.1 0.2v4.7h-2.8q-1.5 0-2.1 0.6t-0.5 1.9v3.4h5.2l-0.7 5.3h-4.5v13.6h-5.5v-13.6h-4.5v-5.3h4.5v-3.9q0-3.3 1.9-5.2t5-1.8q2.6 0 4.1 0.2z\"\/><\/svg><\/span><span class=\"shariff-text\">teilen<\/span>&nbsp;<\/a><\/li><li class=\"shariff-button linkedin shariff-nocustomcolor\" style=\"background-color:#1488bf\"><a href=\"https:\/\/www.linkedin.com\/sharing\/share-offsite\/?url=https%3A%2F%2Farchiv.schmalspurbahn.de%2F%3Fp%3D709\" title=\"Bei LinkedIn teilen\" aria-label=\"Bei LinkedIn teilen\" role=\"button\" rel=\"noopener nofollow\" class=\"shariff-link\" style=\"; background-color:#0077b5; color:#fff\" target=\"_blank\"><span class=\"shariff-icon\" style=\"\"><svg width=\"32px\" height=\"20px\" xmlns=\"http:\/\/www.w3.org\/2000\/svg\" viewBox=\"0 0 27 32\"><path fill=\"#0077b5\" d=\"M6.2 11.2v17.7h-5.9v-17.7h5.9zM6.6 5.7q0 1.3-0.9 2.2t-2.4 0.9h0q-1.5 0-2.4-0.9t-0.9-2.2 0.9-2.2 2.4-0.9 2.4 0.9 0.9 2.2zM27.4 18.7v10.1h-5.9v-9.5q0-1.9-0.7-2.9t-2.3-1.1q-1.1 0-1.9 0.6t-1.2 1.5q-0.2 0.5-0.2 1.4v9.9h-5.9q0-7.1 0-11.6t0-5.3l0-0.9h5.9v2.6h0q0.4-0.6 0.7-1t1-0.9 1.6-0.8 2-0.3q3 0 4.9 2t1.9 6z\"\/><\/svg><\/span><span class=\"shariff-text\">teilen<\/span>&nbsp;<\/a><\/li><li class=\"shariff-button mailto shariff-nocustomcolor\" style=\"background-color:#a8a8a8\"><a href=\"mailto:?body=https%3A%2F%2Farchiv.schmalspurbahn.de%2F%3Fp%3D709&subject=Parkeisenbahn%3A%20Auf%20in%20die%20Saison%202010%E2%80%A6%20Zahlreiche%20Veranstaltungen%20erwarten%20die%20Besucher%202010%20bei%20Berlins%20kleinster%20Eisenbahn\" title=\"Per E-Mail versenden\" aria-label=\"Per E-Mail versenden\" role=\"button\" rel=\"noopener nofollow\" class=\"shariff-link\" style=\"; background-color:#999; color:#fff\"><span class=\"shariff-icon\" style=\"\"><svg width=\"32px\" height=\"20px\" xmlns=\"http:\/\/www.w3.org\/2000\/svg\" viewBox=\"0 0 32 32\"><path fill=\"#999\" d=\"M32 12.7v14.2q0 1.2-0.8 2t-2 0.9h-26.3q-1.2 0-2-0.9t-0.8-2v-14.2q0.8 0.9 1.8 1.6 6.5 4.4 8.9 6.1 1 0.8 1.6 1.2t1.7 0.9 2 0.4h0.1q0.9 0 2-0.4t1.7-0.9 1.6-1.2q3-2.2 8.9-6.1 1-0.7 1.8-1.6zM32 7.4q0 1.4-0.9 2.7t-2.2 2.2q-6.7 4.7-8.4 5.8-0.2 0.1-0.7 0.5t-1 0.7-0.9 0.6-1.1 0.5-0.9 0.2h-0.1q-0.4 0-0.9-0.2t-1.1-0.5-0.9-0.6-1-0.7-0.7-0.5q-1.6-1.1-4.7-3.2t-3.6-2.6q-1.1-0.7-2.1-2t-1-2.5q0-1.4 0.7-2.3t2.1-0.9h26.3q1.2 0 2 0.8t0.9 2z\"\/><\/svg><\/span><span class=\"shariff-text\">E-Mail<\/span>&nbsp;<\/a><\/li><li class=\"shariff-button pocket shariff-nocustomcolor\" style=\"background-color:#444\"><a href=\"https:\/\/getpocket.com\/save?url=https%3A%2F%2Farchiv.schmalspurbahn.de%2F%3Fp%3D709&title=Parkeisenbahn%3A%20Auf%20in%20die%20Saison%202010%E2%80%A6%20Zahlreiche%20Veranstaltungen%20erwarten%20die%20Besucher%202010%20bei%20Berlins%20kleinster%20Eisenbahn\" title=\"Bei Pocket speichern\" aria-label=\"Bei Pocket speichern\" role=\"button\" rel=\"noopener nofollow\" class=\"shariff-link\" style=\"; background-color:#ff0000; color:#fff\" target=\"_blank\"><span class=\"shariff-icon\" style=\"\"><svg width=\"32px\" height=\"20px\" xmlns=\"http:\/\/www.w3.org\/2000\/svg\" viewBox=\"0 0 27 28\"><path fill=\"#ff0000\" d=\"M24.5 2q1 0 1.7 0.7t0.7 1.7v8.1q0 2.8-1.1 5.3t-2.9 4.3-4.3 2.9-5.2 1.1q-2.7 0-5.2-1.1t-4.3-2.9-2.9-4.3-1.1-5.2v-8.1q0-1 0.7-1.7t1.7-0.7h22zM13.5 18.6q0.7 0 1.3-0.5l6.3-6.1q0.6-0.5 0.6-1.3 0-0.8-0.5-1.3t-1.3-0.5q-0.7 0-1.3 0.5l-5 4.8-5-4.8q-0.5-0.5-1.3-0.5-0.8 0-1.3 0.5t-0.5 1.3q0 0.8 0.6 1.3l6.3 6.1q0.5 0.5 1.3 0.5z\"\/><\/svg><\/span><span class=\"shariff-text\">Pocket<\/span>&nbsp;<\/a><\/li><li class=\"shariff-button rss shariff-nocustomcolor\" style=\"background-color:#ff8c00\"><a href=\"https:\/\/archiv.schmalspurbahn.de\/?feed=rss\" title=\"RSS-feed\" aria-label=\"RSS-feed\" role=\"button\" class=\"shariff-link\" style=\"; background-color:#fe9312; color:#fff\" target=\"_blank\"><span class=\"shariff-icon\" style=\"\"><svg width=\"32px\" height=\"20px\" xmlns=\"http:\/\/www.w3.org\/2000\/svg\" viewBox=\"0 0 32 32\"><path fill=\"#fe9312\" d=\"M4.3 23.5c-2.3 0-4.3 1.9-4.3 4.3 0 2.3 1.9 4.2 4.3 4.2 2.4 0 4.3-1.9 4.3-4.2 0-2.3-1.9-4.3-4.3-4.3zM0 10.9v6.1c4 0 7.7 1.6 10.6 4.4 2.8 2.8 4.4 6.6 4.4 10.6h6.2c0-11.7-9.5-21.1-21.1-21.1zM0 0v6.1c14.2 0 25.8 11.6 25.8 25.9h6.2c0-17.6-14.4-32-32-32z\"\/><\/svg><\/span><span class=\"shariff-text\">RSS-feed<\/span>&nbsp;<\/a><\/li><li class=\"shariff-button tumblr shariff-nocustomcolor\" style=\"background-color:#529ecc\"><a href=\"https:\/\/www.tumblr.com\/widgets\/share\/tool?posttype=link&canonicalUrl=https%3A%2F%2Farchiv.schmalspurbahn.de%2F%3Fp%3D709&tags=archiv.schmalspurbahn.de\" title=\"Bei tumblr teilen\" aria-label=\"Bei tumblr teilen\" role=\"button\" rel=\"noopener nofollow\" class=\"shariff-link\" style=\"; background-color:#36465d; color:#fff\" target=\"_blank\"><span class=\"shariff-icon\" style=\"\"><svg width=\"32px\" height=\"20px\" xmlns=\"http:\/\/www.w3.org\/2000\/svg\" viewBox=\"0 0 32 32\"><path fill=\"#36465d\" d=\"M18 14l0 7.3c0 1.9 0 2.9 0.2 3.5 0.2 0.5 0.7 1.1 1.2 1.4 0.7 0.4 1.5 0.6 2.4 0.6 1.6 0 2.6-0.2 4.2-1.3v4.8c-1.4 0.6-2.6 1-3.7 1.3-1.1 0.3-2.3 0.4-3.6 0.4-1.5 0-2.3-0.2-3.4-0.6-1.1-0.4-2.1-0.9-2.9-1.6-0.8-0.7-1.3-1.4-1.7-2.2s-0.5-1.9-0.5-3.4v-11.2h-4.3v-4.5c1.3-0.4 2.7-1 3.6-1.8 0.9-0.8 1.6-1.7 2.2-2.7 0.5-1.1 0.9-2.4 1.1-4.1h5.2l0 8h8v6h-8z\"\/><\/svg><\/span><span class=\"shariff-text\">teilen<\/span>&nbsp;<\/a><\/li><li class=\"shariff-button twitter shariff-nocustomcolor\" style=\"background-color:#595959\"><a href=\"https:\/\/twitter.com\/share?url=https%3A%2F%2Farchiv.schmalspurbahn.de%2F%3Fp%3D709&text=Parkeisenbahn%3A%20Auf%20in%20die%20Saison%202010%E2%80%A6%20Zahlreiche%20Veranstaltungen%20erwarten%20die%20Besucher%202010%20bei%20Berlins%20kleinster%20Eisenbahn\" title=\"Bei X teilen\" aria-label=\"Bei X teilen\" role=\"button\" rel=\"noopener nofollow\" class=\"shariff-link\" style=\"; background-color:#000; color:#fff\" target=\"_blank\"><span class=\"shariff-icon\" style=\"\"><svg width=\"32px\" height=\"20px\" xmlns=\"http:\/\/www.w3.org\/2000\/svg\" viewBox=\"0 0 24 24\"><path fill=\"#000\" d=\"M14.258 10.152L23.176 0h-2.113l-7.747 8.813L7.133 0H0l9.352 13.328L0 23.973h2.113l8.176-9.309 6.531 9.309h7.133zm-2.895 3.293l-.949-1.328L2.875 1.56h3.246l6.086 8.523.945 1.328 7.91 11.078h-3.246zm0 0\"\/><\/svg><\/span><span class=\"shariff-text\">teilen<\/span>&nbsp;<\/a><\/li><li class=\"shariff-button whatsapp shariff-nocustomcolor\" style=\"background-color:#5cbe4a\"><a href=\"https:\/\/api.whatsapp.com\/send?text=https%3A%2F%2Farchiv.schmalspurbahn.de%2F%3Fp%3D709%20Parkeisenbahn%3A%20Auf%20in%20die%20Saison%202010%E2%80%A6%20Zahlreiche%20Veranstaltungen%20erwarten%20die%20Besucher%202010%20bei%20Berlins%20kleinster%20Eisenbahn\" title=\"Bei Whatsapp teilen\" aria-label=\"Bei Whatsapp teilen\" role=\"button\" rel=\"noopener nofollow\" class=\"shariff-link\" style=\"; background-color:#34af23; color:#fff\" target=\"_blank\"><span class=\"shariff-icon\" style=\"\"><svg width=\"32px\" height=\"20px\" xmlns=\"http:\/\/www.w3.org\/2000\/svg\" viewBox=\"0 0 32 32\"><path fill=\"#34af23\" d=\"M17.6 17.4q0.2 0 1.7 0.8t1.6 0.9q0 0.1 0 0.3 0 0.6-0.3 1.4-0.3 0.7-1.3 1.2t-1.8 0.5q-1 0-3.4-1.1-1.7-0.8-3-2.1t-2.6-3.3q-1.3-1.9-1.3-3.5v-0.1q0.1-1.6 1.3-2.8 0.4-0.4 0.9-0.4 0.1 0 0.3 0t0.3 0q0.3 0 0.5 0.1t0.3 0.5q0.1 0.4 0.6 1.6t0.4 1.3q0 0.4-0.6 1t-0.6 0.8q0 0.1 0.1 0.3 0.6 1.3 1.8 2.4 1 0.9 2.7 1.8 0.2 0.1 0.4 0.1 0.3 0 1-0.9t0.9-0.9zM14 26.9q2.3 0 4.3-0.9t3.6-2.4 2.4-3.6 0.9-4.3-0.9-4.3-2.4-3.6-3.6-2.4-4.3-0.9-4.3 0.9-3.6 2.4-2.4 3.6-0.9 4.3q0 3.6 2.1 6.6l-1.4 4.2 4.3-1.4q2.8 1.9 6.2 1.9zM14 2.2q2.7 0 5.2 1.1t4.3 2.9 2.9 4.3 1.1 5.2-1.1 5.2-2.9 4.3-4.3 2.9-5.2 1.1q-3.5 0-6.5-1.7l-7.4 2.4 2.4-7.2q-1.9-3.2-1.9-6.9 0-2.7 1.1-5.2t2.9-4.3 4.3-2.9 5.2-1.1z\"\/><\/svg><\/span><span class=\"shariff-text\">teilen<\/span>&nbsp;<\/a><\/li><li class=\"shariff-button xing shariff-nocustomcolor\" style=\"background-color:#29888a\"><a href=\"https:\/\/www.xing.com\/spi\/shares\/new?url=https%3A%2F%2Farchiv.schmalspurbahn.de%2F%3Fp%3D709\" title=\"Bei XING teilen\" aria-label=\"Bei XING teilen\" role=\"button\" rel=\"noopener nofollow\" class=\"shariff-link\" style=\"; background-color:#126567; color:#fff\" target=\"_blank\"><span class=\"shariff-icon\" style=\"\"><svg width=\"32px\" height=\"20px\" xmlns=\"http:\/\/www.w3.org\/2000\/svg\" viewBox=\"0 0 25 32\"><path fill=\"#126567\" d=\"M10.7 11.9q-0.2 0.3-4.6 8.2-0.5 0.8-1.2 0.8h-4.3q-0.4 0-0.5-0.3t0-0.6l4.5-8q0 0 0 0l-2.9-5q-0.2-0.4 0-0.7 0.2-0.3 0.5-0.3h4.3q0.7 0 1.2 0.8zM25.1 0.4q0.2 0.3 0 0.7l-9.4 16.7 6 11q0.2 0.4 0 0.6-0.2 0.3-0.6 0.3h-4.3q-0.7 0-1.2-0.8l-6-11.1q0.3-0.6 9.5-16.8 0.4-0.8 1.2-0.8h4.3q0.4 0 0.5 0.3z\"\/><\/svg><\/span><span class=\"shariff-text\">teilen<\/span>&nbsp;<\/a><\/li><\/ul><\/div><p>http:\/\/www.parkeisenbahn.de<\/p>\n<p>Sehr geehrte Damen und Herren,<\/p>\n<p>ab Samstag, dem 27. M\u00e4rz 2010 sind die kleinen Z\u00fcge mit dem jungen Personal wieder in der Wuhlheide<br \/>sonnabends von 12.00 Uhr bis 18.30 Uhr<br \/>sonn- und feiertags von 11.00 Uhr bis 17.30 Uhr<br \/>f\u00fcr die Besucher unterwegs.<\/p>\n<p>W\u00e4hrend der Osterferien (31. M\u00e4rz &#8211; 10. April 2010) f\u00e4hrt die Parkeisenbahn in der Woche zwischen 10:00 Uhr und 16:30 Uhr. Ab 18. Mai 2010 ist die \u201eKleine Bahn f\u00fcr gro\u00dfe Augen\u201c dann auch dienstags bis donnerstags von 12.30 Uhr bis 16.30 Uhr unterwegs.<\/p>\n<p>In den Sommer- und Herbstferien des Landes Berlin gibt es erweiterte Fahrzeiten. Die Fahrsaison endet dann am 24. Oktober 2010.<\/p>\n<p>Am 27. M\u00e4rz 2010 geht auch der neue Bahnsteig \u201eHaus Natur und Umwelt\u201c in Betrieb. Der neue Haltepunkt, der achte Bahnsteig der Parkeisenbahn, wird zwischen den Bahnh\u00f6fen Badesee und Freilichtb\u00fchne errichtet \u2013 in unmittelbarer N\u00e4he zum gro\u00dfen Spielplatz, des Hauses Natur und Umwelt sowie des Eingangs zur Kindl-B\u00fchne. Damit ist es zuk\u00fcnftig besser m\u00f6glich, die G\u00e4ste zu den beliebtesten Ausflugszielen in der Wuhlheide zu fahren. Bei allen Familien, die am 27.03.2010 zwischen 13:00 bis 17:00 Uhr oder am 28.03.2010 zwischen 12:00 und 17:00 Uhr am neuen Haltepunkt in die Z\u00fcge der Parkeisenbahn einsteigen, fahren die Kinder eine Runde kostenlos.<br \/>Interessierte haben an beiden Tagen die M\u00f6glichkeit einen Blick hinter die Kulissen zu werfen. Beginn der F\u00fchrungen ist um 13:30 und 15:30 Uhr am Hauptbahnhof der Parkeisenbahn. F\u00fcr Kinder bis 16 Jahre ist diese F\u00fchrung kostenlos, f\u00fcr alle anderen kostet die F\u00fchrung 1,00 EUR plus eine Fahrkarte f\u00fcr eine Rundfahrt (3,00 EUR).<\/p>\n<p>Die Fahrpreise konnten dank der Ehrenamtlichkeit vieler Mitarbeiter auch in diesem Jahr stabil gehalten werden. So zahlen f\u00fcr eine 30min\u00fctige Rundfahrt Kinder 2,00 Euro und Erwachsene 3,00 Euro.<\/p>\n<p>Neu im Souvenir-Sortiment der Parkeisenbahn ist in diesem Jahr ein Kinderbuch \u00fcber den Besuch einer Familie bei der Parkeisenbahn in der Berliner Wuhlheide. Die j\u00fcngeren Besucher der \u201eKleinen Bahn f\u00fcr gro\u00dfe Augen\u201c k\u00f6nnen in diesem Buch altersgerecht erfahren, was das Besondere unserer Bahn ausmacht, d. h. wie Kinder und Jugendliche eine richtige Eisenbahn betreiben.<\/p>\n<p>Im Jahr 2010 sind auch wieder zahlreiche andere Veranstaltungen f\u00fcr unsere Fahrg\u00e4ste geplant:<\/p>\n<p>27. \/ 28.03.                Startschuss in die Saison<br \/>04.\/05.04.                  Der Osterhase f\u00e4hrt Parkeisenbahn<br \/>08.05.                         Mondscheinfahrt (Abendfahrt \u2013 nur f\u00fcr Erwachsene)<br \/>29.\/30.05.                  Kindertag in der Wuhlheide<br \/>01.06.                         Kindertag bei der Parkeisenbahn<br \/>06.07.                         \u201eOMA-OPA\u201c-Tag \u2013 Ein Tag f\u00fcr unsere \u00e4lteren Fahrg\u00e4ste<br \/>21.08.                         \u201eB\u00e4rchentag\u201c in der Wuhlheide (Bring Deinen Teddy mit!)<br \/>25.09.                         Sternguckerfahrt (Abendfahrt \u2013 nicht nur f\u00fcr Kinder \u2013 mit     Laternenumzug)<br \/>11.-24.10.                  175 Jahre Eisenbahn in Deutschland<br \/>23.\/24.10.                  Saisonausklang<br \/>04.\/05.12.                  Nikolausfahrten f\u00fcr Familien<br \/>06. \u2013 10.12.                Nikolausfahrten f\u00fcr Kindergartengruppen und Schulklassen<\/p>\n<p>Weitere Informationen zu Fahrzeiten, Fahrpreisen und den geplanten Veranstaltungen unter: http:\/\/www.parkeisenbahn.de\/start\/fahrplan\/fahrplan.htm<\/p>\n<p>Nachwuchssuche<\/p>\n<p>Ab sofort k\u00f6nnen sich wieder Kinder ab 11 Jahre f\u00fcr die Mitarbeit bei der Parkeisenbahn Wuhlheide anmelden. Interessierte Kinder k\u00f6nnen sich unter der unten angegebenen Kontaktadresse oder w\u00e4hrend des Fahrbetriebes auf unseren Bahnh\u00f6fen melden. Anmeldeschluss ist der 15.05.2010.<\/p>\n","protected":false},"excerpt":{"rendered":"<p>http:\/\/www.parkeisenbahn.de Sehr geehrte Damen und Herren, ab Samstag, dem 27. M\u00e4rz 2010 sind die kleinen Z\u00fcge mit dem jungen Personal wieder in der Wuhlheidesonnabends von 12.00 Uhr bis 18.30 Uhrsonn- und feiertags von 11.00 Uhr bis 17.30 Uhrf\u00fcr die Besucher unterwegs. W\u00e4hrend der Osterferien (31. M\u00e4rz &#8211; 10. April 2010) f\u00e4hrt die Parkeisenbahn in der &hellip; <a href=\"https:\/\/archiv.schmalspurbahn.de\/?p=709\" class=\"more-link\"><span class=\"screen-reader-text\">\u201eParkeisenbahn: Auf in die Saison 2010&#8230; Zahlreiche Veranstaltungen erwarten die Besucher 2010 bei Berlins kleinster Eisenbahn\u201c <\/span>weiterlesen<\/a><\/p>\n","protected":false},"author":1,"featured_media":0,"comment_status":"open","ping_status":"open","sticky":false,"template":"","format":"standard","meta":{"_crdt_document":"","_jetpack_memberships_contains_paid_content":false,"footnotes":"","_share_on_mastodon":"0"},"categories":[18,17],"tags":[],"class_list":["post-709","post","type-post","status-publish","format-standard","hentry","category-berlin","category-parkeisenbahnen"],"share_on_mastodon":{"url":"","error":""},"jetpack_featured_media_url":"","jetpack_sharing_enabled":true,"amp_enabled":true,"_links":{"self":[{"href":"https:\/\/archiv.schmalspurbahn.de\/index.php?rest_route=\/wp\/v2\/posts\/709","targetHints":{"allow":["GET"]}}],"collection":[{"href":"https:\/\/archiv.schmalspurbahn.de\/index.php?rest_route=\/wp\/v2\/posts"}],"about":[{"href":"https:\/\/archiv.schmalspurbahn.de\/index.php?rest_route=\/wp\/v2\/types\/post"}],"author":[{"embeddable":true,"href":"https:\/\/archiv.schmalspurbahn.de\/index.php?rest_route=\/wp\/v2\/users\/1"}],"replies":[{"embeddable":true,"href":"https:\/\/archiv.schmalspurbahn.de\/index.php?rest_route=%2Fwp%2Fv2%2Fcomments&post=709"}],"version-history":[{"count":0,"href":"https:\/\/archiv.schmalspurbahn.de\/index.php?rest_route=\/wp\/v2\/posts\/709\/revisions"}],"wp:attachment":[{"href":"https:\/\/archiv.schmalspurbahn.de\/index.php?rest_route=%2Fwp%2Fv2%2Fmedia&parent=709"}],"wp:term":[{"taxonomy":"category","embeddable":true,"href":"https:\/\/archiv.schmalspurbahn.de\/index.php?rest_route=%2Fwp%2Fv2%2Fcategories&post=709"},{"taxonomy":"post_tag","embeddable":true,"href":"https:\/\/archiv.schmalspurbahn.de\/index.php?rest_route=%2Fwp%2Fv2%2Ftags&post=709"}],"curies":[{"name":"wp","href":"https:\/\/api.w.org\/{rel}","templated":true}]}}